{"id":43137,"date":"2020-07-24T18:58:46","date_gmt":"2020-07-24T16:58:46","guid":{"rendered":"http:\/\/film-mag.net\/wp\/?p=43137"},"modified":"2020-07-24T18:58:46","modified_gmt":"2020-07-24T16:58:46","slug":"premijera-baleta-plamteca-voda-u-rijeckom-hnk-u","status":"publish","type":"post","link":"http:\/\/film-mag.net\/wp\/?p=43137","title":{"rendered":"Premijera baleta &#8216;Plamte\u0107a voda&#8217; u rije\u010dkom HNK-u"},"content":{"rendered":"<p style=\"text-align: justify;\"><b>\u201cPLAMTE\u0106A VODA\u201d RIJE\u010cKOG BALETA \u2013 PLES SUPROTNOSTI UZ JAKE EMOCIJE I SNA\u017dNU UMJETNI\u010cKU PORUKU<\/b><\/p>\n<p style=\"text-align: justify;\">Svega mjesec i pol nakon premijere baleta \u201e\u010cipka\u201c, baletni ansambl HNK Ivana pl. Zajca najavio je danas i svoju novu premijeru, baletno-plesnu \u201ePlamte\u0107u vodu\u201c glasovitog europskog i svjetskog koreografa Andonisa Foniadakisa, koja je dio programskog pravca Doba mo\u0107i projekta EPK-Rijeka 2020, a na programu je 27. srpnja 2020. u 21 sat.<\/p>\n<p style=\"text-align: justify;\">Kako je naglasila ravnateljica rije\u010dkoga Baleta Ma\u0161a Kolar, protekla dva mjeseca bila su vrlo intenzivna i plodonosna za baletni ansambl koji je na vrhuncu spremnosti i jedva \u010deka ponovno iza\u0107i pred publiku.<\/p>\n<p style=\"text-align: justify;\"><img decoding=\"async\" style=\"border: none; width: 100%;\" src=\" http:\/\/hnk-zajc.hr\/wp-content\/uploads\/2019\/07\/BurningWater_trailerProba-385-.jpeg \" \/><\/p>\n<p style=\"text-align: justify;\">Plamte\u0107a voda &#8211; proba ; Fotografiju ustupio HNK Ivan pl. Zajc &#8211; Foto Fanni Tutek Hajnal<\/p>\n<p style=\"text-align: justify;\">\u201eZahvljuju\u0107i projektu EPK, ansambl je ponovno, po drugi put, radio s koreografom koji je prominentno ime, osobnost koja plijeni pa\u017enju u europskom i svjetskom plesnom svijetu te zahvaljuju\u0107i kojem se i rije\u010dki ansambl pozicionira na europskoj plesnoj sceni. Me\u0111utim, s Andonisom Foniadakisom vrlo je zatjevno raditi, on je autor i koreograf koji plesa\u010de dovodi do fizi\u010dkih i mentalnih krajnosti, ali i savr\u0161enih rezultata\u201c, rekla je Ma\u0161a Kolar.<\/p>\n<p style=\"text-align: justify;\">Govore\u0107i o svojoj novoj predstavi, Andonis Foniadakis koji je s rije\u010dkim ansamblom prije godinu dana ostvario inovativan i za\u010dudno atraktivan ples na trampolinima uz Ravelov \u201eBolero\u201c, naglasio je kako je \u201ePlamte\u0107a voda\u201c prvo dobila naslov, spoj kontradikcija, kao polazi\u0161nu ideju nakon koje je krenuo u promi\u0161ljanje projekta.<br \/>\n\u201eBudu\u0107i da radimo u posebnim uvjetima i vrlo izazovnom vremenu obilje\u017eenom pandemijom, koje se u predstavi izravno ne doti\u010demo, moja je ideja bila upravo nagla\u0161avanje suprotnosti, kao \u0161to su voda i vatra, te kroz koreografiju i pokret ispri\u010dati ono \u0161to postoji od po\u010detka svijeta pa sve do aktualnog trenutka: nesigurnosti, nestabilnosti, fragilnost i ranjivost ljudskog roda koji pak zajedni\u0161tvom postaje iznimno mo\u0107na snaga koja uspijeva pre\u017eivjeti. Taj vje\u010dni proces sukobljavanja suprotnosti nastojao sam izraziti kroz metafori\u010dke slike podcrtane vrlo jakim emocijama, te se nadam da \u0107e ih i publika osjetiti\u201c, rekao je Andonis Foniadakis.<\/p>\n<p style=\"text-align: justify;\"><iframe loading=\"lazy\" src=\"https:\/\/www.youtube.com\/embed\/ref0aolNtzQ\" width=\"560\" height=\"315\" frameborder=\"0\" allowfullscreen=\"allowfullscreen\"><\/iframe><\/p>\n<p style=\"text-align: justify;\">\u010clanovi ansambla Marta Kanazir, Maria Matarranz, Svebor Zguri\u0107 i Nicola Prato slo\u017eili su se da je rad na projektu bio, i fizi\u010dki i mentalno, ekstremno zatjevan te pomicao njihove osobne granice, ali da je istodobno i upravo zato bio posebno inspirativan i motiviraju\u0107i. Nakon razdoblja izolacije, a u vremenu neizvjesnosti, koji nas je sve promijenio, odgovornost je umjetnika, kako ka\u017eu, da reagiraju i u vrijeme krize po\u0161alju svoju, umjetni\u010dku poruku.<\/p>\n<p style=\"text-align: justify;\">Andonis Foniadakis je potom naglasio kako \u017eele poslati poruku da svijet naprosto ne mo\u017ee bez umjetnosti, i to ne samo stoga \u0161to mnogim umjetnicima egzistencija ovisi o mogu\u0107nosti stvaranja, ve\u0107 zato \u0161to je umjetnost ogledalo svijeta koji se prema tom odrazu mo\u017ee korigirati, te slati osje\u0107aj i viziju nade.<\/p>\n<p style=\"text-align: justify;\">Direktorica EPK \u2013 Rijeka 2020 Irena Kregar \u0160egota rekla je kako je predstava dio programskog pravca Doba mo\u0107i, jer iako se ne bavi povije\u0161\u0107u, postavlja pitanja cijeloj civilizaciji i otvara va\u017ene teme poput vode kao jednog od resursa bez kojih \u017eivot nije mogu\u0107.<\/p>\n<p style=\"text-align: justify;\">Uz dramaturga i koreografa Andonisa Foniadakisa, autorski tim \u010dine skladatelj Julien Jean-Pascal Tarride, scenograf i oblikovatelj svjetla A. Birmpilis &amp; CO. te kostimograf Anastasios Soforoniou (za Mesvor Consulting Ltd.). A ple\u0161u redom \u010dlanice i \u010dlanovi rije\u010dkoga Baleta Emanuel Amuchastegui, Marta Kanazir, Ksenija Krutova, Maria Matarranz de las Heras, Laura Orli\u0107, Carlos Huerta Pardo, Tilman Patzak, Morgan Perez, Nicola Prato, Tea Ru\u0161in, Ali Tabbouch i Svebor Zguri\u0107.<\/p>\n<p style=\"text-align: justify;\">[izvor informacije\u00a0<a href=\"http:\/\/hnk-zajc.hr\/naslovnica\/\"><strong>HNK Ivan pl. Zajc<\/strong><\/a>]<\/p>\n<p style=\"text-align: justify;\"><iframe loading=\"lazy\" style=\"border: none; overflow: hidden;\" src=\"https:\/\/www.facebook.com\/plugins\/post.php?href=https%3A%2F%2Fwww.facebook.com%2FFILMmagnet%2Fposts%2F3304877002884283&amp;width=500\" width=\"500\" height=\"689\" frameborder=\"0\" scrolling=\"no\"><\/iframe><\/p>\n<div id=\"fb_share_1\" style=\"float: right; margin-left: 10px;\"><a name=\"fb_share\" type=\"box_count\" share_url=\"http:\/\/film-mag.net\/wp\/?p=43137\" href=\"http:\/\/www.facebook.com\/sharer.php\">Share<\/a><\/div><div><script src=\"http:\/\/static.ak.fbcdn.net\/connect.php\/js\/FB.Share\" type=\"text\/javascript\"><\/script><\/div><div style=\"clear:both\"><\/div>","protected":false},"excerpt":{"rendered":"<p>\u201cPLAMTE\u0106A VODA\u201d RIJE\u010cKOG BALETA \u2013 PLES SUPROTNOSTI UZ JAKE EMOCIJE I SNA\u017dNU UMJETNI\u010cKU PORUKU Svega mjesec i pol nakon premijere baleta \u201e\u010cipka\u201c, baletni ansambl HNK Ivana pl. Zajca najavio je danas i svoju novu premijeru, baletno-plesnu \u201ePlamte\u0107u vodu\u201c glasovitog europskog i svjetskog koreografa Andonisa Foniadakisa, koja je dio programskog pravca Doba mo\u0107i projekta EPK-Rijeka 2020, [&hellip;]<\/p>\n","protected":false},"author":8,"featured_media":0,"comment_status":"closed","ping_status":"closed","sticky":false,"template":"","format":"standard","meta":{"_et_pb_use_builder":"","_et_pb_old_content":"","_et_gb_content_width":"","_editorskit_title_hidden":false,"_editorskit_reading_time":0,"_editorskit_is_block_options_detached":false,"_editorskit_block_options_position":"{}","footnotes":""},"categories":[33,10,279,17050],"tags":[18735,1164,13109,7131,137,662],"class_list":["post-43137","post","type-post","status-publish","format-standard","hentry","category-kazalisne-premijere","category-kazaliste","category-ples-kazaliste","category-press","tag-andonis-foniadakis","tag-balet","tag-baletna-premijera","tag-hnk-ivan-pl-zajc","tag-kazalisna-premijera","tag-rijeka"],"yoast_head":"<!-- This site is optimized with the Yoast SEO plugin v24.6 - https:\/\/yoast.com\/wordpress\/plugins\/seo\/ -->\n<title>Premijera baleta &#039;Plamte\u0107a voda&#039; u rije\u010dkom HNK-u - FILM-mag.net<\/title>\n<meta name=\"robots\" content=\"index, follow, max-snippet:-1, max-image-preview:large, max-video-preview:-1\" \/>\n<link rel=\"canonical\" href=\"http:\/\/film-mag.net\/wp\/?p=43137\" \/>\n<meta property=\"og:locale\" content=\"en_US\" \/>\n<meta property=\"og:type\" content=\"article\" \/>\n<meta property=\"og:title\" content=\"Premijera baleta &#039;Plamte\u0107a voda&#039; u rije\u010dkom HNK-u - FILM-mag.net\" \/>\n<meta property=\"og:description\" content=\"\u201cPLAMTE\u0106A VODA\u201d RIJE\u010cKOG BALETA \u2013 PLES SUPROTNOSTI UZ JAKE EMOCIJE I SNA\u017dNU UMJETNI\u010cKU PORUKU Svega mjesec i pol nakon premijere baleta \u201e\u010cipka\u201c, baletni ansambl HNK Ivana pl. Zajca najavio je danas i svoju novu premijeru, baletno-plesnu \u201ePlamte\u0107u vodu\u201c glasovitog europskog i svjetskog koreografa Andonisa Foniadakisa, koja je dio programskog pravca Doba mo\u0107i projekta EPK-Rijeka 2020, [&hellip;]\" \/>\n<meta property=\"og:url\" content=\"http:\/\/film-mag.net\/wp\/?p=43137\" \/>\n<meta property=\"og:site_name\" content=\"FILM-mag.net\" \/>\n<meta property=\"article:published_time\" content=\"2020-07-24T16:58:46+00:00\" \/>\n<meta name=\"author\" content=\"PRESS\" \/>\n<meta name=\"twitter:card\" content=\"summary_large_image\" \/>\n<meta name=\"twitter:label1\" content=\"Written by\" \/>\n\t<meta name=\"twitter:data1\" content=\"PRESS\" \/>\n\t<meta name=\"twitter:label2\" content=\"Est. reading time\" \/>\n\t<meta name=\"twitter:data2\" content=\"3 minutes\" \/>\n<script type=\"application\/ld+json\" class=\"yoast-schema-graph\">{\"@context\":\"https:\/\/schema.org\",\"@graph\":[{\"@type\":\"WebPage\",\"@id\":\"http:\/\/film-mag.net\/wp\/?p=43137\",\"url\":\"http:\/\/film-mag.net\/wp\/?p=43137\",\"name\":\"Premijera baleta 'Plamte\u0107a voda' u rije\u010dkom HNK-u - FILM-mag.net\",\"isPartOf\":{\"@id\":\"http:\/\/film-mag.net\/wp\/#website\"},\"datePublished\":\"2020-07-24T16:58:46+00:00\",\"author\":{\"@id\":\"http:\/\/film-mag.net\/wp\/#\/schema\/person\/a8dd3a5b76a5bbde974e03510a205c2f\"},\"breadcrumb\":{\"@id\":\"http:\/\/film-mag.net\/wp\/?p=43137#breadcrumb\"},\"inLanguage\":\"en-US\",\"potentialAction\":[{\"@type\":\"ReadAction\",\"target\":[\"http:\/\/film-mag.net\/wp\/?p=43137\"]}]},{\"@type\":\"BreadcrumbList\",\"@id\":\"http:\/\/film-mag.net\/wp\/?p=43137#breadcrumb\",\"itemListElement\":[{\"@type\":\"ListItem\",\"position\":1,\"name\":\"Home\",\"item\":\"http:\/\/film-mag.net\/wp\/\"},{\"@type\":\"ListItem\",\"position\":2,\"name\":\"Premijera baleta &#8216;Plamte\u0107a voda&#8217; u rije\u010dkom HNK-u\"}]},{\"@type\":\"WebSite\",\"@id\":\"http:\/\/film-mag.net\/wp\/#website\",\"url\":\"http:\/\/film-mag.net\/wp\/\",\"name\":\"FILM-mag.net\",\"description\":\"Prvi hrvatski portal o filmu i filmu bliskim podru\u010djima kulture\",\"potentialAction\":[{\"@type\":\"SearchAction\",\"target\":{\"@type\":\"EntryPoint\",\"urlTemplate\":\"http:\/\/film-mag.net\/wp\/?s={search_term_string}\"},\"query-input\":{\"@type\":\"PropertyValueSpecification\",\"valueRequired\":true,\"valueName\":\"search_term_string\"}}],\"inLanguage\":\"en-US\"},{\"@type\":\"Person\",\"@id\":\"http:\/\/film-mag.net\/wp\/#\/schema\/person\/a8dd3a5b76a5bbde974e03510a205c2f\",\"name\":\"PRESS\",\"image\":{\"@type\":\"ImageObject\",\"inLanguage\":\"en-US\",\"@id\":\"http:\/\/film-mag.net\/wp\/#\/schema\/person\/image\/\",\"url\":\"https:\/\/secure.gravatar.com\/avatar\/bf4ab1626f485b36c4f3650b1d351839?s=96&d=mm&r=g\",\"contentUrl\":\"https:\/\/secure.gravatar.com\/avatar\/bf4ab1626f485b36c4f3650b1d351839?s=96&d=mm&r=g\",\"caption\":\"PRESS\"},\"url\":\"http:\/\/film-mag.net\/wp\/?author=8\"}]}<\/script>\n<!-- \/ Yoast SEO plugin. -->","yoast_head_json":{"title":"Premijera baleta 'Plamte\u0107a voda' u rije\u010dkom HNK-u - FILM-mag.net","robots":{"index":"index","follow":"follow","max-snippet":"max-snippet:-1","max-image-preview":"max-image-preview:large","max-video-preview":"max-video-preview:-1"},"canonical":"http:\/\/film-mag.net\/wp\/?p=43137","og_locale":"en_US","og_type":"article","og_title":"Premijera baleta 'Plamte\u0107a voda' u rije\u010dkom HNK-u - FILM-mag.net","og_description":"\u201cPLAMTE\u0106A VODA\u201d RIJE\u010cKOG BALETA \u2013 PLES SUPROTNOSTI UZ JAKE EMOCIJE I SNA\u017dNU UMJETNI\u010cKU PORUKU Svega mjesec i pol nakon premijere baleta \u201e\u010cipka\u201c, baletni ansambl HNK Ivana pl. Zajca najavio je danas i svoju novu premijeru, baletno-plesnu \u201ePlamte\u0107u vodu\u201c glasovitog europskog i svjetskog koreografa Andonisa Foniadakisa, koja je dio programskog pravca Doba mo\u0107i projekta EPK-Rijeka 2020, [&hellip;]","og_url":"http:\/\/film-mag.net\/wp\/?p=43137","og_site_name":"FILM-mag.net","article_published_time":"2020-07-24T16:58:46+00:00","author":"PRESS","twitter_card":"summary_large_image","twitter_misc":{"Written by":"PRESS","Est. reading time":"3 minutes"},"schema":{"@context":"https:\/\/schema.org","@graph":[{"@type":"WebPage","@id":"http:\/\/film-mag.net\/wp\/?p=43137","url":"http:\/\/film-mag.net\/wp\/?p=43137","name":"Premijera baleta 'Plamte\u0107a voda' u rije\u010dkom HNK-u - FILM-mag.net","isPartOf":{"@id":"http:\/\/film-mag.net\/wp\/#website"},"datePublished":"2020-07-24T16:58:46+00:00","author":{"@id":"http:\/\/film-mag.net\/wp\/#\/schema\/person\/a8dd3a5b76a5bbde974e03510a205c2f"},"breadcrumb":{"@id":"http:\/\/film-mag.net\/wp\/?p=43137#breadcrumb"},"inLanguage":"en-US","potentialAction":[{"@type":"ReadAction","target":["http:\/\/film-mag.net\/wp\/?p=43137"]}]},{"@type":"BreadcrumbList","@id":"http:\/\/film-mag.net\/wp\/?p=43137#breadcrumb","itemListElement":[{"@type":"ListItem","position":1,"name":"Home","item":"http:\/\/film-mag.net\/wp\/"},{"@type":"ListItem","position":2,"name":"Premijera baleta &#8216;Plamte\u0107a voda&#8217; u rije\u010dkom HNK-u"}]},{"@type":"WebSite","@id":"http:\/\/film-mag.net\/wp\/#website","url":"http:\/\/film-mag.net\/wp\/","name":"FILM-mag.net","description":"Prvi hrvatski portal o filmu i filmu bliskim podru\u010djima kulture","potentialAction":[{"@type":"SearchAction","target":{"@type":"EntryPoint","urlTemplate":"http:\/\/film-mag.net\/wp\/?s={search_term_string}"},"query-input":{"@type":"PropertyValueSpecification","valueRequired":true,"valueName":"search_term_string"}}],"inLanguage":"en-US"},{"@type":"Person","@id":"http:\/\/film-mag.net\/wp\/#\/schema\/person\/a8dd3a5b76a5bbde974e03510a205c2f","name":"PRESS","image":{"@type":"ImageObject","inLanguage":"en-US","@id":"http:\/\/film-mag.net\/wp\/#\/schema\/person\/image\/","url":"https:\/\/secure.gravatar.com\/avatar\/bf4ab1626f485b36c4f3650b1d351839?s=96&d=mm&r=g","contentUrl":"https:\/\/secure.gravatar.com\/avatar\/bf4ab1626f485b36c4f3650b1d351839?s=96&d=mm&r=g","caption":"PRESS"},"url":"http:\/\/film-mag.net\/wp\/?author=8"}]}},"_links":{"self":[{"href":"http:\/\/film-mag.net\/wp\/index.php?rest_route=\/wp\/v2\/posts\/43137","targetHints":{"allow":["GET"]}}],"collection":[{"href":"http:\/\/film-mag.net\/wp\/index.php?rest_route=\/wp\/v2\/posts"}],"about":[{"href":"http:\/\/film-mag.net\/wp\/index.php?rest_route=\/wp\/v2\/types\/post"}],"author":[{"embeddable":true,"href":"http:\/\/film-mag.net\/wp\/index.php?rest_route=\/wp\/v2\/users\/8"}],"replies":[{"embeddable":true,"href":"http:\/\/film-mag.net\/wp\/index.php?rest_route=%2Fwp%2Fv2%2Fcomments&post=43137"}],"version-history":[{"count":1,"href":"http:\/\/film-mag.net\/wp\/index.php?rest_route=\/wp\/v2\/posts\/43137\/revisions"}],"predecessor-version":[{"id":43138,"href":"http:\/\/film-mag.net\/wp\/index.php?rest_route=\/wp\/v2\/posts\/43137\/revisions\/43138"}],"wp:attachment":[{"href":"http:\/\/film-mag.net\/wp\/index.php?rest_route=%2Fwp%2Fv2%2Fmedia&parent=43137"}],"wp:term":[{"taxonomy":"category","embeddable":true,"href":"http:\/\/film-mag.net\/wp\/index.php?rest_route=%2Fwp%2Fv2%2Fcategories&post=43137"},{"taxonomy":"post_tag","embeddable":true,"href":"http:\/\/film-mag.net\/wp\/index.php?rest_route=%2Fwp%2Fv2%2Ftags&post=43137"}],"curies":[{"name":"wp","href":"https:\/\/api.w.org\/{rel}","templated":true}]}}