{"id":4233,"date":"2012-09-12T13:36:22","date_gmt":"2012-09-12T11:36:22","guid":{"rendered":"http:\/\/film-mag.net\/wp\/?p=4233"},"modified":"2012-09-14T00:47:56","modified_gmt":"2012-09-13T22:47:56","slug":"izlozba-policijsko-dvoriste-u-umjetnickom-paviljonu-od-12-rujna-do-14-listopada-2012-godine","status":"publish","type":"post","link":"http:\/\/film-mag.net\/wp\/?p=4233","title":{"rendered":"Izlo\u017eba &#8216;Policijsko dvori\u0161te&#8217; u Umjetni\u010dkom paviljonu od 12. rujna do 14. listopada 2012. godine"},"content":{"rendered":"<p style=\"text-align: justify;\"><strong>\u017dELJKO KIPKE &#8220;Policijsko dvori\u0161te&#8221;<\/strong><br \/>\n12.09.2012 &#8211; 14.10.2012<\/p>\n<p style=\"text-align: justify;\"><em>Policijsko dvori\u0161te<\/em> \u017deljka Kipkea obuhva\u0107a dvije grupe radova. Prva uklju\u010duje postav recentnih ciklusa: u auli<em> Predatori, filmofili i boca vina <\/em>(2010), <em>Nadzorna kamera<\/em> (2011\u2013 2012) u isto\u010dnom krilu, a <em>Bulevar devet \u017eivota<\/em> (2010 \u2013 2012) u zapadnom krilu paviljona. Druga grupa radova u ju\u017enom krilu paviljona pod imenom <em>Kratki vodi\u010d kroz 70-e i 80-e<\/em> podsjetnik je na procesualne radove i njihovu filmsku dokumentaciju koje autor danas smatra najavom njegova trenutno dominantnog zanimanja za film. Ovoj grupi pridru\u017een je i film <em>Nevidljive galerije <\/em>(2009)sa temom povijesti i sudbine kultnih zagreba\u010dkih izlo\u017ebenih prostora iz tog perioda.<\/p>\n<div class=\"mceTemp\" style=\"text-align: justify;\">\n<dl id=\"attachment_4234\" class=\"wp-caption alignnone\" style=\"width: 410px;\">\n<dt class=\"wp-caption-dt\"><a href=\"http:\/\/film-mag.net\/wp\/wp-content\/uploads\/2012\/09\/izlozba_policijsko_dvoriste_zeljko_kipke.jpg\"><img loading=\"lazy\" decoding=\"async\" class=\"size-full wp-image-4234\" title=\"Nadzorna kamera\" src=\"http:\/\/film-mag.net\/wp\/wp-content\/uploads\/2012\/09\/izlozba_policijsko_dvoriste_zeljko_kipke.jpg\" alt=\"Nadzorna kamera\" width=\"400\" height=\"546\" \/><\/a><\/dt>\n<dd class=\"wp-caption-dd\">Nadzorna kamera<\/dd>\n<\/dl>\n<\/div>\n<p style=\"text-align: justify;\">Na razini koncepcije i prezentacije, Kipke se ovom izlo\u017ebom predstavlja kao multidisciplinarni autor koji ne diskriminira suvremene mogu\u0107nosti medijske realizacije poruke i predod\u017ebi, a naro\u010dito kad su u pitanju stati\u010dna (slikarstvo, fotografija, print) i pokretna slika (film). Vremenska poveznica s ranim radovima ovakvu, za tre\u0107i milenij ina\u010de tipi\u010dnu umjetni\u010dku praksu, precizno smje\u0161ta u 70-e kada je \u017deljko Kipke istupio na umjetni\u010dku scenu kao jedan od istaknutih predstavnika <em>Nove umjetni\u010dke prakse<\/em>.<\/p>\n<p style=\"text-align: justify;\">Na razini zna\u010denja, izlo\u017eba se u jednakoj mjeri referira na manipulativne aspekte i mo\u0107 pokretnih slika i suvremenih medija, koliko i na fascinaciju koju su izazivali kod politi\u010dkih mo\u0107nika, sposobnih da ih instrumentaliziraju za potrebe vlastitih ideolo\u0161kih programa. Novi ciklusi na sadr\u017eajnoj i formalno-estetskoj razini sa\u017eimaju dokumentarne i dnevni\u010dke elemente, Kipkeov prepoznatljivi likovni rukopis i osebujno razumijevanje stvarnosti, a treba ih razumjeti kao manifestaciju njegova subverzivnog djelovanja i egzistencije koju naziva ma\u010djom strategijom.<\/p>\n<p style=\"text-align: justify;\"><em>Branko Franceschi, kustos izlo\u017ebe<\/em><\/p>\n<p style=\"text-align: justify;\">[izvor informacije <a href=\"http:\/\/www.umjetnicki-paviljon.hr\/\"><strong>Umjetni\u010dki paviljon<\/strong><\/a>]<\/p>\n<div id=\"fb_share_1\" style=\"float: right; margin-left: 10px;\"><a name=\"fb_share\" type=\"box_count\" share_url=\"http:\/\/film-mag.net\/wp\/?p=4233\" href=\"http:\/\/www.facebook.com\/sharer.php\">Share<\/a><\/div><div><script src=\"http:\/\/static.ak.fbcdn.net\/connect.php\/js\/FB.Share\" type=\"text\/javascript\"><\/script><\/div><div style=\"clear:both\"><\/div>","protected":false},"excerpt":{"rendered":"<p>\u017dELJKO KIPKE &#8220;Policijsko dvori\u0161te&#8221; 12.09.2012 &#8211; 14.10.2012 Policijsko dvori\u0161te \u017deljka Kipkea obuhva\u0107a dvije grupe radova. Prva uklju\u010duje postav recentnih ciklusa: u auli Predatori, filmofili i boca vina (2010), Nadzorna kamera (2011\u2013 2012) u isto\u010dnom krilu, a Bulevar devet \u017eivota (2010 \u2013 2012) u zapadnom krilu paviljona. Druga grupa radova u ju\u017enom krilu paviljona pod imenom [&hellip;]<\/p>\n","protected":false},"author":2,"featured_media":0,"comment_status":"closed","ping_status":"closed","sticky":false,"template":"","format":"standard","meta":{"_et_pb_use_builder":"","_et_pb_old_content":"","_et_gb_content_width":"","_editorskit_title_hidden":false,"_editorskit_reading_time":0,"_editorskit_is_block_options_detached":false,"_editorskit_block_options_position":"{}","footnotes":""},"categories":[64,170,13],"tags":[142,145],"class_list":["post-4233","post","type-post","status-publish","format-standard","hentry","category-izlozbe","category-kalendar","category-likovnost","tag-izlozbe-2","tag-umjetnicki-paviljon"],"yoast_head":"<!-- This site is optimized with the Yoast SEO plugin v24.6 - https:\/\/yoast.com\/wordpress\/plugins\/seo\/ -->\n<title>Izlo\u017eba &#039;Policijsko dvori\u0161te&#039; u Umjetni\u010dkom paviljonu od 12. rujna do 14. listopada 2012. godine - FILM-mag.net<\/title>\n<meta name=\"robots\" content=\"index, follow, max-snippet:-1, max-image-preview:large, max-video-preview:-1\" \/>\n<link rel=\"canonical\" href=\"http:\/\/film-mag.net\/wp\/?p=4233\" \/>\n<meta property=\"og:locale\" content=\"en_US\" \/>\n<meta property=\"og:type\" content=\"article\" \/>\n<meta property=\"og:title\" content=\"Izlo\u017eba &#039;Policijsko dvori\u0161te&#039; u Umjetni\u010dkom paviljonu od 12. rujna do 14. listopada 2012. godine - FILM-mag.net\" \/>\n<meta property=\"og:description\" content=\"\u017dELJKO KIPKE &#8220;Policijsko dvori\u0161te&#8221; 12.09.2012 &#8211; 14.10.2012 Policijsko dvori\u0161te \u017deljka Kipkea obuhva\u0107a dvije grupe radova. Prva uklju\u010duje postav recentnih ciklusa: u auli Predatori, filmofili i boca vina (2010), Nadzorna kamera (2011\u2013 2012) u isto\u010dnom krilu, a Bulevar devet \u017eivota (2010 \u2013 2012) u zapadnom krilu paviljona. Druga grupa radova u ju\u017enom krilu paviljona pod imenom [&hellip;]\" \/>\n<meta property=\"og:url\" content=\"http:\/\/film-mag.net\/wp\/?p=4233\" \/>\n<meta property=\"og:site_name\" content=\"FILM-mag.net\" \/>\n<meta property=\"article:published_time\" content=\"2012-09-12T11:36:22+00:00\" \/>\n<meta property=\"article:modified_time\" content=\"2012-09-13T22:47:56+00:00\" \/>\n<meta property=\"og:image\" content=\"http:\/\/film-mag.net\/wp\/wp-content\/uploads\/2012\/09\/izlozba_policijsko_dvoriste_zeljko_kipke.jpg\" \/>\n<meta name=\"author\" content=\"Robert Juki\u0107\" \/>\n<meta name=\"twitter:card\" content=\"summary_large_image\" \/>\n<meta name=\"twitter:label1\" content=\"Written by\" \/>\n\t<meta name=\"twitter:data1\" content=\"Robert Juki\u0107\" \/>\n\t<meta name=\"twitter:label2\" content=\"Est. reading time\" \/>\n\t<meta name=\"twitter:data2\" content=\"1 minute\" \/>\n<script type=\"application\/ld+json\" class=\"yoast-schema-graph\">{\"@context\":\"https:\/\/schema.org\",\"@graph\":[{\"@type\":\"WebPage\",\"@id\":\"http:\/\/film-mag.net\/wp\/?p=4233\",\"url\":\"http:\/\/film-mag.net\/wp\/?p=4233\",\"name\":\"Izlo\u017eba 'Policijsko dvori\u0161te' u Umjetni\u010dkom paviljonu od 12. rujna do 14. listopada 2012. godine - FILM-mag.net\",\"isPartOf\":{\"@id\":\"http:\/\/film-mag.net\/wp\/#website\"},\"primaryImageOfPage\":{\"@id\":\"http:\/\/film-mag.net\/wp\/?p=4233#primaryimage\"},\"image\":{\"@id\":\"http:\/\/film-mag.net\/wp\/?p=4233#primaryimage\"},\"thumbnailUrl\":\"http:\/\/film-mag.net\/wp\/wp-content\/uploads\/2012\/09\/izlozba_policijsko_dvoriste_zeljko_kipke.jpg\",\"datePublished\":\"2012-09-12T11:36:22+00:00\",\"dateModified\":\"2012-09-13T22:47:56+00:00\",\"author\":{\"@id\":\"http:\/\/film-mag.net\/wp\/#\/schema\/person\/e10d389a3570afa6990a544a560b5ddb\"},\"breadcrumb\":{\"@id\":\"http:\/\/film-mag.net\/wp\/?p=4233#breadcrumb\"},\"inLanguage\":\"en-US\",\"potentialAction\":[{\"@type\":\"ReadAction\",\"target\":[\"http:\/\/film-mag.net\/wp\/?p=4233\"]}]},{\"@type\":\"ImageObject\",\"inLanguage\":\"en-US\",\"@id\":\"http:\/\/film-mag.net\/wp\/?p=4233#primaryimage\",\"url\":\"http:\/\/film-mag.net\/wp\/wp-content\/uploads\/2012\/09\/izlozba_policijsko_dvoriste_zeljko_kipke.jpg\",\"contentUrl\":\"http:\/\/film-mag.net\/wp\/wp-content\/uploads\/2012\/09\/izlozba_policijsko_dvoriste_zeljko_kipke.jpg\"},{\"@type\":\"BreadcrumbList\",\"@id\":\"http:\/\/film-mag.net\/wp\/?p=4233#breadcrumb\",\"itemListElement\":[{\"@type\":\"ListItem\",\"position\":1,\"name\":\"Home\",\"item\":\"http:\/\/film-mag.net\/wp\/\"},{\"@type\":\"ListItem\",\"position\":2,\"name\":\"Izlo\u017eba &#8216;Policijsko dvori\u0161te&#8217; u Umjetni\u010dkom paviljonu od 12. rujna do 14. listopada 2012. godine\"}]},{\"@type\":\"WebSite\",\"@id\":\"http:\/\/film-mag.net\/wp\/#website\",\"url\":\"http:\/\/film-mag.net\/wp\/\",\"name\":\"FILM-mag.net\",\"description\":\"Prvi hrvatski portal o filmu i filmu bliskim podru\u010djima kulture\",\"potentialAction\":[{\"@type\":\"SearchAction\",\"target\":{\"@type\":\"EntryPoint\",\"urlTemplate\":\"http:\/\/film-mag.net\/wp\/?s={search_term_string}\"},\"query-input\":{\"@type\":\"PropertyValueSpecification\",\"valueRequired\":true,\"valueName\":\"search_term_string\"}}],\"inLanguage\":\"en-US\"},{\"@type\":\"Person\",\"@id\":\"http:\/\/film-mag.net\/wp\/#\/schema\/person\/e10d389a3570afa6990a544a560b5ddb\",\"name\":\"Robert Juki\u0107\",\"image\":{\"@type\":\"ImageObject\",\"inLanguage\":\"en-US\",\"@id\":\"http:\/\/film-mag.net\/wp\/#\/schema\/person\/image\/\",\"url\":\"https:\/\/secure.gravatar.com\/avatar\/9af3800a835f9caf36c524ed299e09ee?s=96&d=mm&r=g\",\"contentUrl\":\"https:\/\/secure.gravatar.com\/avatar\/9af3800a835f9caf36c524ed299e09ee?s=96&d=mm&r=g\",\"caption\":\"Robert Juki\u0107\"},\"url\":\"http:\/\/film-mag.net\/wp\/?author=2\"}]}<\/script>\n<!-- \/ Yoast SEO plugin. -->","yoast_head_json":{"title":"Izlo\u017eba 'Policijsko dvori\u0161te' u Umjetni\u010dkom paviljonu od 12. rujna do 14. listopada 2012. godine - FILM-mag.net","robots":{"index":"index","follow":"follow","max-snippet":"max-snippet:-1","max-image-preview":"max-image-preview:large","max-video-preview":"max-video-preview:-1"},"canonical":"http:\/\/film-mag.net\/wp\/?p=4233","og_locale":"en_US","og_type":"article","og_title":"Izlo\u017eba 'Policijsko dvori\u0161te' u Umjetni\u010dkom paviljonu od 12. rujna do 14. listopada 2012. godine - FILM-mag.net","og_description":"\u017dELJKO KIPKE &#8220;Policijsko dvori\u0161te&#8221; 12.09.2012 &#8211; 14.10.2012 Policijsko dvori\u0161te \u017deljka Kipkea obuhva\u0107a dvije grupe radova. Prva uklju\u010duje postav recentnih ciklusa: u auli Predatori, filmofili i boca vina (2010), Nadzorna kamera (2011\u2013 2012) u isto\u010dnom krilu, a Bulevar devet \u017eivota (2010 \u2013 2012) u zapadnom krilu paviljona. Druga grupa radova u ju\u017enom krilu paviljona pod imenom [&hellip;]","og_url":"http:\/\/film-mag.net\/wp\/?p=4233","og_site_name":"FILM-mag.net","article_published_time":"2012-09-12T11:36:22+00:00","article_modified_time":"2012-09-13T22:47:56+00:00","og_image":[{"url":"http:\/\/film-mag.net\/wp\/wp-content\/uploads\/2012\/09\/izlozba_policijsko_dvoriste_zeljko_kipke.jpg","type":"","width":"","height":""}],"author":"Robert Juki\u0107","twitter_card":"summary_large_image","twitter_misc":{"Written by":"Robert Juki\u0107","Est. reading time":"1 minute"},"schema":{"@context":"https:\/\/schema.org","@graph":[{"@type":"WebPage","@id":"http:\/\/film-mag.net\/wp\/?p=4233","url":"http:\/\/film-mag.net\/wp\/?p=4233","name":"Izlo\u017eba 'Policijsko dvori\u0161te' u Umjetni\u010dkom paviljonu od 12. rujna do 14. listopada 2012. godine - FILM-mag.net","isPartOf":{"@id":"http:\/\/film-mag.net\/wp\/#website"},"primaryImageOfPage":{"@id":"http:\/\/film-mag.net\/wp\/?p=4233#primaryimage"},"image":{"@id":"http:\/\/film-mag.net\/wp\/?p=4233#primaryimage"},"thumbnailUrl":"http:\/\/film-mag.net\/wp\/wp-content\/uploads\/2012\/09\/izlozba_policijsko_dvoriste_zeljko_kipke.jpg","datePublished":"2012-09-12T11:36:22+00:00","dateModified":"2012-09-13T22:47:56+00:00","author":{"@id":"http:\/\/film-mag.net\/wp\/#\/schema\/person\/e10d389a3570afa6990a544a560b5ddb"},"breadcrumb":{"@id":"http:\/\/film-mag.net\/wp\/?p=4233#breadcrumb"},"inLanguage":"en-US","potentialAction":[{"@type":"ReadAction","target":["http:\/\/film-mag.net\/wp\/?p=4233"]}]},{"@type":"ImageObject","inLanguage":"en-US","@id":"http:\/\/film-mag.net\/wp\/?p=4233#primaryimage","url":"http:\/\/film-mag.net\/wp\/wp-content\/uploads\/2012\/09\/izlozba_policijsko_dvoriste_zeljko_kipke.jpg","contentUrl":"http:\/\/film-mag.net\/wp\/wp-content\/uploads\/2012\/09\/izlozba_policijsko_dvoriste_zeljko_kipke.jpg"},{"@type":"BreadcrumbList","@id":"http:\/\/film-mag.net\/wp\/?p=4233#breadcrumb","itemListElement":[{"@type":"ListItem","position":1,"name":"Home","item":"http:\/\/film-mag.net\/wp\/"},{"@type":"ListItem","position":2,"name":"Izlo\u017eba &#8216;Policijsko dvori\u0161te&#8217; u Umjetni\u010dkom paviljonu od 12. rujna do 14. listopada 2012. godine"}]},{"@type":"WebSite","@id":"http:\/\/film-mag.net\/wp\/#website","url":"http:\/\/film-mag.net\/wp\/","name":"FILM-mag.net","description":"Prvi hrvatski portal o filmu i filmu bliskim podru\u010djima kulture","potentialAction":[{"@type":"SearchAction","target":{"@type":"EntryPoint","urlTemplate":"http:\/\/film-mag.net\/wp\/?s={search_term_string}"},"query-input":{"@type":"PropertyValueSpecification","valueRequired":true,"valueName":"search_term_string"}}],"inLanguage":"en-US"},{"@type":"Person","@id":"http:\/\/film-mag.net\/wp\/#\/schema\/person\/e10d389a3570afa6990a544a560b5ddb","name":"Robert Juki\u0107","image":{"@type":"ImageObject","inLanguage":"en-US","@id":"http:\/\/film-mag.net\/wp\/#\/schema\/person\/image\/","url":"https:\/\/secure.gravatar.com\/avatar\/9af3800a835f9caf36c524ed299e09ee?s=96&d=mm&r=g","contentUrl":"https:\/\/secure.gravatar.com\/avatar\/9af3800a835f9caf36c524ed299e09ee?s=96&d=mm&r=g","caption":"Robert Juki\u0107"},"url":"http:\/\/film-mag.net\/wp\/?author=2"}]}},"_links":{"self":[{"href":"http:\/\/film-mag.net\/wp\/index.php?rest_route=\/wp\/v2\/posts\/4233","targetHints":{"allow":["GET"]}}],"collection":[{"href":"http:\/\/film-mag.net\/wp\/index.php?rest_route=\/wp\/v2\/posts"}],"about":[{"href":"http:\/\/film-mag.net\/wp\/index.php?rest_route=\/wp\/v2\/types\/post"}],"author":[{"embeddable":true,"href":"http:\/\/film-mag.net\/wp\/index.php?rest_route=\/wp\/v2\/users\/2"}],"replies":[{"embeddable":true,"href":"http:\/\/film-mag.net\/wp\/index.php?rest_route=%2Fwp%2Fv2%2Fcomments&post=4233"}],"version-history":[{"count":6,"href":"http:\/\/film-mag.net\/wp\/index.php?rest_route=\/wp\/v2\/posts\/4233\/revisions"}],"predecessor-version":[{"id":4276,"href":"http:\/\/film-mag.net\/wp\/index.php?rest_route=\/wp\/v2\/posts\/4233\/revisions\/4276"}],"wp:attachment":[{"href":"http:\/\/film-mag.net\/wp\/index.php?rest_route=%2Fwp%2Fv2%2Fmedia&parent=4233"}],"wp:term":[{"taxonomy":"category","embeddable":true,"href":"http:\/\/film-mag.net\/wp\/index.php?rest_route=%2Fwp%2Fv2%2Fcategories&post=4233"},{"taxonomy":"post_tag","embeddable":true,"href":"http:\/\/film-mag.net\/wp\/index.php?rest_route=%2Fwp%2Fv2%2Ftags&post=4233"}],"curies":[{"name":"wp","href":"https:\/\/api.w.org\/{rel}","templated":true}]}}