{"id":41992,"date":"2020-03-05T00:32:53","date_gmt":"2020-03-04T23:32:53","guid":{"rendered":"http:\/\/film-mag.net\/wp\/?p=41992"},"modified":"2020-03-05T00:32:53","modified_gmt":"2020-03-04T23:32:53","slug":"novo-u-hrvatskim-kinima-od-05-03-20-brahms-djecak-ii-emma-izvan-igre-zvizdaci-bogu-hvala-mlijeko-mladi-ahmed-i-naprijed","status":"publish","type":"post","link":"http:\/\/film-mag.net\/wp\/?p=41992","title":{"rendered":"Novo u hrvatskim kinima od 05.03.20.: Brahms: Dje\u010dak II; Emma; Izvan igre; Zvi\u017eda\u010di; Bogu hvala; Mlijeko; Mladi Ahmed i Naprijed"},"content":{"rendered":"<p style=\"text-align: justify;\"><strong>Brahms: Dje\u010dak II<\/strong><br \/>\n<strong>Brahms: The Boy II (2020.)<\/strong><br \/>\nRedatelj: William Brent Bell<br \/>\nGlumci: Katie Holmes, Christopher Convery, Owain Yeoman, Ralph Ineson<br \/>\n\u017danr: horor<br \/>\nTrajanje: 86 minuta<br \/>\nDr\u017eava: SAD<\/p>\n<p style=\"text-align: justify;\"><img decoding=\"async\" style=\"border: none; width: 50%;\" src=\" https:\/\/i.postimg.cc\/KYDC5rdz\/brahms-the-boy-2-Poster.jpg \" \/><\/p>\n<p style=\"text-align: justify;\"><strong>Sadr\u017eaj:<\/strong><br \/>\nNakon \u0161to se mlada obitelj, nesvjesna njene pro\u0161losti, useli u vilu Heelshire na zaba\u010denom imanju, njihov sin pronalazi novog prijatelja, jezivog lutka kojeg naziva Brahms. Brahms je prili\u010dno uznemiruju\u0107i lutak, kojeg se morate bojati. U njemu stanuje zlo, a u njegovom se domu mora igrati po njegovim pravilima! Nastavak filma \u201eDje\u010dak\u201d s Katie Holmes u glavnoj ulozi. Radi se o nevjerojatnoj pri\u010di o dje\u010daku-lutki koja je \u0161okirala publiku diljem svijeta. Odli\u010dno stiliziran, sablastan, neizvjestan i prili\u010dno uznemiruju\u0107i horor film, kakvog dugo na filmskim platnima nismo gledali.<\/p>\n<p style=\"text-align: justify;\"><iframe loading=\"lazy\" src=\"https:\/\/www.youtube.com\/embed\/QKvsQCiLpa8\" width=\"560\" height=\"315\" frameborder=\"0\" allowfullscreen=\"allowfullscreen\"><span style=\"display: inline-block; width: 0px; overflow: hidden; line-height: 0;\" data-mce-type=\"bookmark\" class=\"mce_SELRES_start\">\ufeff<\/span><\/iframe><\/p>\n<p style=\"text-align: justify;\"><a href=\"https:\/\/www.theboy.movie\/\"><strong>Brahms: Dje\u010dak II &#8211; Movie Site<\/strong><\/a><br \/>\n<a href=\"https:\/\/www.imdb.com\/title\/tt9173418\/?ref_=nv_sr_srsg_0\"><strong>Brahms: The Boy II &#8211; IMDb<\/strong><\/a><\/p>\n<hr \/>\n<p style=\"text-align: justify;\"><strong>Emma<\/strong><br \/>\n<strong>Emma (2020.)<\/strong><br \/>\nRedatelj: Autumn de Wilde<br \/>\nGlumci: Anya Taylor-Joy, Johnny Flynn, Bill Nighy, Mia Goth, Miranda Hart, Josh O\u2019Connor, Callum Turner, Rupert Graves<br \/>\n\u017danr: drama<br \/>\nTrajanje: 125 minuta<br \/>\nDr\u017eava: SAD<\/p>\n<p style=\"text-align: justify;\"><iframe loading=\"lazy\" src=\"https:\/\/www.youtube.com\/embed\/qsOwj0PR5Sk?list=TLPQMDQwMzIwMjDjGCSW4YQAkg\" width=\"560\" height=\"315\" frameborder=\"0\" allowfullscreen=\"allowfullscreen\"><\/iframe><\/p>\n<p style=\"text-align: justify;\"><strong>Sadr\u017eaj:<\/strong><br \/>\nEmmu, glavni lik prema istoimenom romanu Jane Austen iz 1815. g, glumi Anya Taylor-Joy, \u0161iroj publici poznata po ulogama u filmovima &#8216;Split&#8217;, &#8216;Glass&#8217; i &#8216;Morgan&#8217;. Emma je bogata mlada \u017eena iz uspavanog sela koja vjeruje da se ne\u0107e udati, ali sigurna je da mo\u017ee uspjeti spojiti svoje susjede u romanti\u010dnu vezu. U filmu, ostale uloge tuma\u010de Johnny Flynn koji bi trebao bi biti njezin odabranik Knightley, Bill Nighy kao Emmin pretjerano za\u0161titni\u010dki otac, gospodin Woodhouse te Josh OConnor kao zamjenjivi seoski vikar, gospodin Elton.<\/p>\n<p style=\"text-align: justify;\"><a href=\"https:\/\/www.focusfeatures.com\/emma\"><strong>Emma &#8211; Movie Site<\/strong><\/a><br \/>\n<a href=\"https:\/\/www.imdb.com\/title\/tt9214832\/?ref_=fn_al_tt_1\"><strong>Emma &#8211; IMDb<\/strong><\/a><\/p>\n<hr \/>\n<p style=\"text-align: justify;\"><strong>Izvan igre<\/strong><br \/>\n<strong>The Way Back (2020.)<\/strong><br \/>\nRedatelj: Gavin O\u2019Connor<br \/>\nGlumci: Ben Affleck, Janina Gavankar, Hayes MacArthur<br \/>\n\u017danr: Drama, Sport<br \/>\nTrajanje: 108 minuta<br \/>\nDr\u017eava: SAD<\/p>\n<p style=\"text-align: justify;\"><iframe loading=\"lazy\" src=\"https:\/\/www.youtube.com\/embed\/VzNJVSsjE-I\" width=\"560\" height=\"315\" frameborder=\"0\" allowfullscreen=\"allowfullscreen\"><span style=\"display: inline-block; width: 0px; overflow: hidden; line-height: 0;\" data-mce-type=\"bookmark\" class=\"mce_SELRES_start\">\ufeff<\/span><\/iframe><\/p>\n<p style=\"text-align: justify;\"><strong>Sadr\u017eaj:<\/strong><br \/>\nJack Cunningham (Affleck) bio je perspektivna sportska nada svog ko\u0161arka\u0161kog kluba, no nakon \u0161to ga je \u017eivot odveo u drugom smjeru, njegove snove zamijenio je alkohol. Rastavljen, bez stalnog posla i s traumom gubitka djeteta, Jack se vra\u0107a u svoj rodni grad gdje dobiva ponudu da bude ko\u0161arka\u0161ki trener u svom biv\u0161em klubu. Jack prihva\u0107a posao i preuzima tim koji se nalazi na dnu ljestvice. Dok njegove trenerske vje\u0161tine od kluba naprave pravu sportsku senzaciju, Jack sve vi\u0161e tone u vlastite poroke. Slavni oskarovac Ben Affleck u ovom je filmu u ulozi biv\u0161e ko\u0161arka\u0161ke zvijezde koja se bori s alkoholizmom.<\/p>\n<p style=\"text-align: justify;\"><a href=\"http:\/\/www.thewaybackmovie.net\/\"><strong>Izvan igre &#8211; Movie Site<\/strong><\/a><br \/>\n<a href=\"https:\/\/www.imdb.com\/title\/tt8544498\/?ref_=fn_al_tt_1\"><strong>The Way Back &#8211; IMDb<\/strong><\/a><\/p>\n<hr \/>\n<p style=\"text-align: justify;\"><strong>Zvi\u017eda\u010di<\/strong><br \/>\n<strong>La Gomera \/ The Whistlers (2019.)<\/strong><br \/>\nRedatelj: Corneliu Porumboiu<br \/>\nGlumci: Vlad Ivanov, Catrinel Marlon, Rodica Lazar, Sabin Tambrea, Agust\u00ed Villaronga<br \/>\n\u017danr: kriminalisti\u010dki, komedija<br \/>\nTrajanje: 97 minuta<br \/>\nDr\u017eava: Rumunjska, Francuska, Njema\u010dka, \u0160vedska<\/p>\n<p style=\"text-align: justify;\"><iframe loading=\"lazy\" src=\"https:\/\/www.youtube.com\/embed\/DY-YOoE2nLo?list=TLPQMDQwMzIwMjDjGCSW4YQAkg\" width=\"560\" height=\"315\" frameborder=\"0\" allowfullscreen=\"allowfullscreen\"><span style=\"display: inline-block; width: 0px; overflow: hidden; line-height: 0;\" data-mce-type=\"bookmark\" class=\"mce_SELRES_start\">\ufeff<\/span><\/iframe><\/p>\n<p style=\"text-align: justify;\"><strong>Sadr\u017eaj:<\/strong><\/p>\n<p style=\"text-align: justify;\">U \u017eivotu policijskog inspektora Cristija iz Bukure\u0161ta sve ba\u0161 i nije onakvo kakvim se \u010dini na prvi pogled. Cristi jer, naime, sklon djelovanju i izvan granica zakona, \u010dime se previ\u0161e ne razlikuje od dobrog broja svojih kolega. Kad preuzme slu\u010daj istrage pranja novca povezanog s trgovinom drogom, otkrit \u0107e da novac skriven u madracima namijenjenima izvozu zavr\u0161ava na otoku La Gomera na Kanarima, gdje je i sjedi\u0161te zlo\u010dina\u010dke organizacije koja stoji iza \u010ditave operacije. A onda \u0107e i sam pod utjecajem atraktivne Gilde biti dublje uvu\u010den u svijet kriminala, te \u0107e upoznati djelovanje zlo\u010dina\u010dke skupine koju vodi kontroverzni Zsolt, poslovni \u010dovjek uhi\u0107en u Bukure\u0161tu. Da bi se ishodilo njegovo osloba\u0111anje, Cristi \u0107e biti prisiljen aktivno sura\u0111ivati s ostalim \u010dlanovima organizacije, te \u0107e u tom smislu morati nau\u010diti kako se nositi s prevarama i izdajama u okrilju same organizacije. A da bi u tome uspio, morat \u0107e zajedno s Gildom nau\u010diti i tajni jezik zvi\u017eduka kojim se kriminalci me\u0111usobno sporazumijevaju, a kojim se koristi stanovni\u0161tvo La Gomere.<\/p>\n<p style=\"text-align: justify;\">Godine 2019. prikazana u konkurenciji festivala u Cannesu, gdje je figurirala kao favorit iz drugog plana, te s uspjehom prikazana na Vukovar Film Festivalu kao i na festivalima u Jeruzalemu, Montr\u00e9alu, Palm Springsu i Sevilli, gdje je autor nagra\u0111en za najbolji scenarij, humorni noirovski krimi\u0107 uglednog rumunjskog scenarista i redatelja Corneliua Porumboiua (<em>12:08 isto\u010dno od Bukure\u0161ta, Policijski, pridjev<\/em>) crnohumorna je pri\u010da za koju je autor ideju dobio gledaju\u0107i dokumentarac o \u0161panjolskom otoku La Gomeri, na kojem stanovni\u0161tvo komunicira zvi\u017edanjem. Krenuv\u0161i istra\u017eivati to zvi\u017edanje i posjetiv\u0161i vulkanski otok La Gomeru, Porumboiu je shvatio da ima jak motiv, kao i impresivnu prirodnu scenografiju za dio filma. Njegova je \u017eelja bila snimiti film odmaknut od realizma i konvencionalnog filmskog pripovijedanja, a budu\u0107i da mu je noir jo\u0161 od djetinjstva izuzetno drag \u017eanr, prepustio se poigravanju njegovim konvencijama i stvaranju pomaknute pri\u010de, koju su dominantno mijenjale i zaokru\u017eivale mijene samih likova, koji prakti\u010dki svi igraju dvostruke igre. Kona\u010dni rezultat je sigurno re\u017eirano, dinami\u010dno, zabavno i duhovito ostvarenje koje nose raspolo\u017eeni gluma\u010dki nastupi postave predvo\u0111ene iskusnim Vladom Ivanovim (<em>4 mjeseca, 3 tjedna i 2 dana, Snowpiercer, Toni Erdmann, Matura<\/em> Cristiana Mungiua), a u kojoj su Catrinel Marlon, rumunjska glumica koja karijeru dominantno gradi u Italiji, \u0161panjolski glumac i redatelj Agust\u00ed Villaronga (<em>More, Crni kruh<\/em>) te rumunjski glumac George Pistereanu (<em>Ako mi se fu\u0107ka, fu\u0107kam<\/em> Florina Serbana).<\/p>\n<p style=\"text-align: justify;\"><a href=\"https:\/\/www.thewhistlersfilm.com\/\"><strong>Zvi\u017eda\u010di &#8211; Movie Site<\/strong><\/a><br \/>\n<a href=\"https:\/\/www.imdb.com\/title\/tt7921248\/?ref_=fn_al_tt_1\"><strong>La Gomera \/ The Whistlers &#8211; IMDb<\/strong><\/a><\/p>\n<hr \/>\n<p style=\"text-align: justify;\"><strong>Bogu hvala<\/strong><br \/>\n<strong>Gr\u00e2ce \u00e0 Dieu \/ By the Grace of God (2018.)<\/strong><br \/>\nRedatelj: Fran\u00e7ois Ozon<br \/>\nGlumci: Melvil Poupaud, Denis M\u00e9nochet, Swann Arlaud<br \/>\n\u017danr: krimi\u0107, drama<br \/>\nTrajanje: 102 minuta<br \/>\nDr\u017eava: Francuska, Belgija<\/p>\n<p style=\"text-align: justify;\"><iframe loading=\"lazy\" src=\"https:\/\/www.youtube.com\/embed\/aN8qu3rSR38?list=TLPQMDQwMzIwMjDjGCSW4YQAkg\" width=\"560\" height=\"315\" frameborder=\"0\" allowfullscreen=\"allowfullscreen\"><\/iframe><\/p>\n<p style=\"text-align: justify;\"><strong>Sadr\u017eaj:<\/strong><br \/>\nAlexandre \u017eivi sa suprugom i djecom u Lyonu. Jednog dana slu\u010dajno otkriva da sve\u0107enik koji ga je zlostavljao dok je bio izvi\u0111a\u010d jo\u0161 uvijek radi s mladima. Probu\u0111ena su duga potisnuta sje\u0107anja. Zbunjen, Alexandre napokon pronalazi hrabrost da poduzme akciju protiv tog \u010dovjeka. Njegova potraga za drugim \u017ertvama sve\u0107enika, koji je vrlo cijenjen u svom uredu, vodi Alexandrea do Fran\u00e7oisa i Emmanuela. Svaki od ova tri \u010dovjeka bori se sa sobom na druga\u010diji na\u010din. I svaki od njih morat \u0107e se boriti sa sjenama svoje pro\u0161losti kako bi se nosili s dalekose\u017enim posljedicama tog procesa. Stvaranje organizacije za samopomo\u0107 &#8220;La Parole Lib\u00e9r\u00e9e&#8221; (Oslobo\u0111ena rije\u010d) samo je prvi korak. Film je nastao na temelju stvarnog slu\u010daja oca Bernarda Preynata koji je 2016. optu\u017een za seksualno zlostavljanje oko 70 dje\u010daka u Lyonu.<br \/>\nBerlin International Film Festival 2019 &#8211; Srebrni medvjed \/ Las Palmas Film Festival 2019 &#8211; Najbolji glumci (Swann Arlaud, Denis M\u00e9nochet, Melvil Poupaud) \/ Stockholm Film Festival 2019 &#8211; Nagrada FIPRESCI za najbolji film;<\/p>\n<p style=\"text-align: justify;\"><a href=\"https:\/\/www.facebook.com\/Graceadieu.lefilm\/\"><strong>Bogu hvala &#8211; Facebook<\/strong><\/a><br \/>\n<a href=\"https:\/\/www.imdb.com\/title\/tt8095860\/?ref_=fn_al_tt_1\"><strong>Gr\u00e2ce \u00e0 Dieu \/ By the Grace of God &#8211; IMDb<\/strong><\/a><\/p>\n<hr \/>\n<p style=\"text-align: justify;\"><strong>Mlijeko<\/strong><br \/>\n<strong>H\u00e9ra\u00f0i\u00f0 \/ The County (2019.)<\/strong><br \/>\nRedatelj: Gr\u00edmur H\u00e1konarson<br \/>\nGlumci: Arnd\u00eds Hr\u00f6nn Egilsd\u00f3ttir, Sveinn \u00d3lafur Gunnarsson, Sigur\u00f0ur Sigurj\u00f3nsson<br \/>\n\u017danr: komedija, drama<br \/>\nTrajanje: 92 minuta<br \/>\nDr\u017eava: Island, Danska, Njema\u010dka, Francuska<\/p>\n<p style=\"text-align: justify;\"><iframe loading=\"lazy\" src=\"https:\/\/www.youtube.com\/embed\/e5o-P5kUOs0?list=TLPQMDQwMzIwMjDjGCSW4YQAkg\" width=\"560\" height=\"315\" frameborder=\"0\" allowfullscreen=\"allowfullscreen\"><\/iframe><\/p>\n<p style=\"text-align: justify;\"><strong>Sadr\u017eaj:<\/strong><br \/>\nU svom posljednjem filmu, nagra\u0111ivani autor Ovnova Gr\u00edmur H\u00e1konarson ponovno zadire pod povr\u0161inu ruralnih islandskih zajednica. Ovaj put, u sredi\u0161tu je pri\u010de buntovna sredovje\u010dna junakinja zbog koje mnogi ovaj film uspore\u0111uju s Tri plakata izvan grada. Nakon mu\u017eeve pogibije, Inga saznaje da je njihova mlije\u010dna farma u golemim dugovima prema mo\u0107noj kooperaciji koja ilegalnim spletkama dr\u017ei monopol nad poslovanjem lokalnih farmera. Previ\u0161e rezignirani da bi se oduprijeti statusu quo, njezini sumje\u0161tani iznena\u0111uju\u0107e su lojalni ma\u0161ineriji koja ih iskori\u0161tava te Inga mora upotrijebiti svu svoju lukavost kako bi se oslobodila \u010dvrstog stiska zadruge i po\u010dela \u017eivjeti po vlastitim pravilima.<br \/>\nGr\u00edmur H\u00e1konarson. Islandski redatelj. Diplomirao na pra\u0161koj filmskoj akademiji FAMU. Njegov diplomski rad &#8216;Slavek the Shit&#8217; osvojio je Srebrnog Huga na Me\u0111unarodnom filmskom festivalu u Chicagu, a kratki film &#8216;Wrestling&#8217; premijerno je prikazan u Locarnu. Za film &#8216;Ovnovi&#8217; osvojio je Grand prix u programu Izvjestan pogled u Cannesu 2015.<\/p>\n<p style=\"text-align: justify;\"><a href=\"http:\/\/neweuropefilmsales.com\/movies\/the-county\/\"><strong>Mlijeko &#8211; neweuropefilmsales.com<\/strong><\/a><br \/>\n<a href=\"https:\/\/www.imdb.com\/title\/tt8390612\/?ref_=fn_al_tt_1\"><strong>H\u00e9ra\u00f0i\u00f0 \/ The County &#8211; IMDb<\/strong><\/a><\/p>\n<hr \/>\n<p style=\"text-align: justify;\"><strong>Mladi Ahmed<\/strong><br \/>\n<strong>Le jeune Ahmed (2019.)<\/strong><br \/>\nRedatelji: Jean-Pierre Dardenne &amp; Luc Dardenne<br \/>\nGlumci: Idir Ben Addi, Olivier Bonnaud, Myriem Akheddiou<br \/>\n\u017danr: drama<br \/>\nTrajanje: 90 minuta<br \/>\nDr\u017eava: Belgija, Francuska<\/p>\n<p style=\"text-align: justify;\"><iframe loading=\"lazy\" src=\"https:\/\/www.youtube.com\/embed\/pM1ZR-LhiAg?list=TLPQMDQwMzIwMjDjGCSW4YQAkg\" width=\"560\" height=\"315\" frameborder=\"0\" allowfullscreen=\"allowfullscreen\"><span style=\"display: inline-block; width: 0px; overflow: hidden; line-height: 0;\" data-mce-type=\"bookmark\" class=\"mce_SELRES_start\">\ufeff<\/span><\/iframe><\/p>\n<p style=\"text-align: justify;\"><strong>Sadr\u017eaj:<\/strong><br \/>\nU dana\u0161njoj Belgiji sudbina 13-godi\u0161njeg Ahmeda nalazi se izme\u0111u ideala \u010disto\u0107e koju zala\u017ee njegov muslimanski sve\u0107enik i onoga \u0161to mu \u017eivot pru\u017ea. Ovaj belgijski tinejd\u017eer vrlo brzo dolazi pod sna\u017ean, ekstremni utjecaj Kur&#8217;ana nakon \u010dega osmi\u0161ljava plan kako ubiti vlastitog vjerou\u010ditelja. Film Mladi Ahmed premijerno je prikazan na ovogodi\u0161njem filmskom festivalu u Cannesu, a re\u017eirala su ga bra\u0107a Dardenne koja su do danas ve\u0107 osvojila dvije Zlatne palme za svoja dva filma. Njihov jedanaest dugometra\u017eni film moderna je pri\u010da o radikalizaciji mladog uma, a sama tema otvara mogu\u0107nost rasprave o interpretaciji svete knjige Kur&#8217;ana od strane tinejd\u017eera pod utjecajem. Provokativna drama koja otvara temu radikalizacije mladih.<br \/>\nCannes Film Festival 2019 &#8211; Najbolji redatelj (Bra\u0107a Dardenne) \/ Valladolid International Film Festival 2019 &#8211; Najbolji scenarij (Bra\u0107a Dardenne);<\/p>\n<p style=\"text-align: justify;\"><a href=\"https:\/\/cineuropa.org\/en\/film\/371009\/\"><strong>Mladi Ahmed &#8211; Cineuropa<\/strong><\/a><br \/>\n<a href=\"https:\/\/www.imdb.com\/title\/tt8359822\/?ref_=fn_al_tt_1\"><strong>Le jeune Ahmed &#8211; IMDb<\/strong><\/a><\/p>\n<hr \/>\n<p style=\"text-align: justify;\"><strong>Naprijed<\/strong><br \/>\n<strong>Onward (2020.)<\/strong><br \/>\nRedatelj: Dan Scanlon<br \/>\nGlumci: Tit Emanuel Medve\u0161ek, Jan Kereke\u0161, Bojana Gregori\u0107 Vejzovi\u0107, Branka Cvitkovi\u0107, Ivica Zadro, Vinko \u0160tefanac<br \/>\n\u017danr: animirani<br \/>\nTrajanje: 102 minuta<br \/>\nDr\u017eava: SAD<\/p>\n<p style=\"text-align: justify;\"><iframe loading=\"lazy\" src=\"https:\/\/www.youtube.com\/embed\/gn5QmllRCn4?list=TLPQMDQwMzIwMjDjGCSW4YQAkg\" width=\"560\" height=\"315\" frameborder=\"0\" allowfullscreen=\"allowfullscreen\"><span style=\"display: inline-block; width: 0px; overflow: hidden; line-height: 0;\" data-mce-type=\"bookmark\" class=\"mce_SELRES_start\">\ufeff<\/span><\/iframe><\/p>\n<p style=\"text-align: justify;\"><strong>Sadr\u017eaj:<\/strong><br \/>\nSmje\u0161ten u predgra\u0111u izmi\u0161ljenog svijeta, Disneyev i Pixarov \u201cNaprijed\u201d predstavlja dvojicu tinejd\u017eera vilenjaka koji se upu\u0161taju u uzbudljivu misiju otkrivanja postoji li u svijetu jo\u0161 uvijek bar malo \u010darolije. Originalni film studija Pixar re\u017eirao je Dan Scanlon, a producirala Kori Rae \u2013 ovo je ujedno i duo koji nam je donio hit \u201e\u010cudovi\u0161ta iz ormara\u201c.<\/p>\n<p style=\"text-align: justify;\"><a href=\"https:\/\/www.pixar.com\/onward\"><strong>Naprijed &#8211; Movie Site<\/strong><\/a><br \/>\n<a href=\"https:\/\/www.imdb.com\/title\/tt7146812\/?ref_=fn_al_tt_1\"><strong>Onward &#8211; IMDb<\/strong><\/a><\/p>\n<p style=\"text-align: justify;\">[izvor informacija\u00a0<strong><a href=\"http:\/\/www.blitz-cinestar.hr\/\">CineStar<\/a><\/strong>,\u00a0<strong><a href=\"http:\/\/www.cineplexx.hr\/\">Cineplexx<\/a><\/strong>, <a href=\"https:\/\/kinokinoteka.hr\/\"><strong>Kino Kinoteka<\/strong><\/a>, <a href=\"https:\/\/www.art-kino.org\/hr\/\"><strong>Art-kino Croatia<\/strong><\/a> i <strong><a href=\"http:\/\/www.imdb.com\/\">IMDb<\/a><\/strong>]<\/p>\n<p style=\"text-align: justify;\"><iframe loading=\"lazy\" style=\"border: none; overflow: hidden;\" src=\"https:\/\/www.facebook.com\/plugins\/post.php?href=https%3A%2F%2Fwww.facebook.com%2FFILMmagnet%2Fposts%2F2942843445754309&amp;width=500\" width=\"500\" height=\"689\" frameborder=\"0\" scrolling=\"no\"><\/iframe><\/p>\n<div id=\"fb_share_1\" style=\"float: right; margin-left: 10px;\"><a name=\"fb_share\" type=\"box_count\" share_url=\"http:\/\/film-mag.net\/wp\/?p=41992\" href=\"http:\/\/www.facebook.com\/sharer.php\">Share<\/a><\/div><div><script src=\"http:\/\/static.ak.fbcdn.net\/connect.php\/js\/FB.Share\" type=\"text\/javascript\"><\/script><\/div><div style=\"clear:both\"><\/div>","protected":false},"excerpt":{"rendered":"<p>Brahms: Dje\u010dak II Brahms: The Boy II (2020.) Redatelj: William Brent Bell Glumci: Katie Holmes, Christopher Convery, Owain Yeoman, Ralph Ineson \u017danr: horor Trajanje: 86 minuta Dr\u017eava: SAD Sadr\u017eaj: Nakon \u0161to se mlada obitelj, nesvjesna njene pro\u0161losti, useli u vilu Heelshire na zaba\u010denom imanju, njihov sin pronalazi novog prijatelja, jezivog lutka kojeg naziva Brahms. Brahms [&hellip;]<\/p>\n","protected":false},"author":8,"featured_media":0,"comment_status":"closed","ping_status":"closed","sticky":false,"template":"","format":"standard","meta":{"_et_pb_use_builder":"","_et_pb_old_content":"","_et_gb_content_width":"","_editorskit_title_hidden":false,"_editorskit_reading_time":0,"_editorskit_is_block_options_detached":false,"_editorskit_block_options_position":"{}","footnotes":""},"categories":[9,4,20347,20348,35,17050],"tags":[20212,9200,2531,4317,14908,12959,9848,20578,7031,149,13883],"class_list":["post-41992","post","type-post","status-publish","format-standard","hentry","category-film","category-istaknuto","category-kino-program","category-kino-program-2","category-novi-filmovi","category-press","tag-autumn-de-wilde","tag-corneliu-porumboiu","tag-dan-scanlon","tag-francois-ozon","tag-gavin-oconnor","tag-grimur-hakonarson","tag-jean-pierre-dardenne","tag-jean-pierre-dardenne-luc-dardenne","tag-luc-dardenne","tag-novi-filmovi-2","tag-william-brent-bell"],"yoast_head":"<!-- This site is optimized with the Yoast SEO plugin v24.6 - https:\/\/yoast.com\/wordpress\/plugins\/seo\/ -->\n<title>Novo u hrvatskim kinima od 05.03.20.: Brahms: Dje\u010dak II; Emma; Izvan igre; Zvi\u017eda\u010di; Bogu hvala; Mlijeko; Mladi Ahmed i Naprijed - FILM-mag.net<\/title>\n<meta name=\"robots\" content=\"index, follow, max-snippet:-1, max-image-preview:large, max-video-preview:-1\" \/>\n<link rel=\"canonical\" href=\"http:\/\/film-mag.net\/wp\/?p=41992\" \/>\n<meta property=\"og:locale\" content=\"en_US\" \/>\n<meta property=\"og:type\" content=\"article\" \/>\n<meta property=\"og:title\" content=\"Novo u hrvatskim kinima od 05.03.20.: Brahms: Dje\u010dak II; Emma; Izvan igre; Zvi\u017eda\u010di; Bogu hvala; Mlijeko; Mladi Ahmed i Naprijed - FILM-mag.net\" \/>\n<meta property=\"og:description\" content=\"Brahms: Dje\u010dak II Brahms: The Boy II (2020.) Redatelj: William Brent Bell Glumci: Katie Holmes, Christopher Convery, Owain Yeoman, Ralph Ineson \u017danr: horor Trajanje: 86 minuta Dr\u017eava: SAD Sadr\u017eaj: Nakon \u0161to se mlada obitelj, nesvjesna njene pro\u0161losti, useli u vilu Heelshire na zaba\u010denom imanju, njihov sin pronalazi novog prijatelja, jezivog lutka kojeg naziva Brahms. Brahms [&hellip;]\" \/>\n<meta property=\"og:url\" content=\"http:\/\/film-mag.net\/wp\/?p=41992\" \/>\n<meta property=\"og:site_name\" content=\"FILM-mag.net\" \/>\n<meta property=\"article:published_time\" content=\"2020-03-04T23:32:53+00:00\" \/>\n<meta name=\"author\" content=\"PRESS\" \/>\n<meta name=\"twitter:card\" content=\"summary_large_image\" \/>\n<meta name=\"twitter:label1\" content=\"Written by\" \/>\n\t<meta name=\"twitter:data1\" content=\"PRESS\" \/>\n\t<meta name=\"twitter:label2\" content=\"Est. reading time\" \/>\n\t<meta name=\"twitter:data2\" content=\"8 minutes\" \/>\n<script type=\"application\/ld+json\" class=\"yoast-schema-graph\">{\"@context\":\"https:\/\/schema.org\",\"@graph\":[{\"@type\":\"WebPage\",\"@id\":\"http:\/\/film-mag.net\/wp\/?p=41992\",\"url\":\"http:\/\/film-mag.net\/wp\/?p=41992\",\"name\":\"Novo u hrvatskim kinima od 05.03.20.: Brahms: Dje\u010dak II; Emma; Izvan igre; Zvi\u017eda\u010di; Bogu hvala; Mlijeko; Mladi Ahmed i Naprijed - FILM-mag.net\",\"isPartOf\":{\"@id\":\"http:\/\/film-mag.net\/wp\/#website\"},\"datePublished\":\"2020-03-04T23:32:53+00:00\",\"author\":{\"@id\":\"http:\/\/film-mag.net\/wp\/#\/schema\/person\/a8dd3a5b76a5bbde974e03510a205c2f\"},\"breadcrumb\":{\"@id\":\"http:\/\/film-mag.net\/wp\/?p=41992#breadcrumb\"},\"inLanguage\":\"en-US\",\"potentialAction\":[{\"@type\":\"ReadAction\",\"target\":[\"http:\/\/film-mag.net\/wp\/?p=41992\"]}]},{\"@type\":\"BreadcrumbList\",\"@id\":\"http:\/\/film-mag.net\/wp\/?p=41992#breadcrumb\",\"itemListElement\":[{\"@type\":\"ListItem\",\"position\":1,\"name\":\"Home\",\"item\":\"http:\/\/film-mag.net\/wp\/\"},{\"@type\":\"ListItem\",\"position\":2,\"name\":\"Novo u hrvatskim kinima od 05.03.20.: Brahms: Dje\u010dak II; Emma; Izvan igre; Zvi\u017eda\u010di; Bogu hvala; Mlijeko; Mladi Ahmed i Naprijed\"}]},{\"@type\":\"WebSite\",\"@id\":\"http:\/\/film-mag.net\/wp\/#website\",\"url\":\"http:\/\/film-mag.net\/wp\/\",\"name\":\"FILM-mag.net\",\"description\":\"Prvi hrvatski portal o filmu i filmu bliskim podru\u010djima kulture\",\"potentialAction\":[{\"@type\":\"SearchAction\",\"target\":{\"@type\":\"EntryPoint\",\"urlTemplate\":\"http:\/\/film-mag.net\/wp\/?s={search_term_string}\"},\"query-input\":{\"@type\":\"PropertyValueSpecification\",\"valueRequired\":true,\"valueName\":\"search_term_string\"}}],\"inLanguage\":\"en-US\"},{\"@type\":\"Person\",\"@id\":\"http:\/\/film-mag.net\/wp\/#\/schema\/person\/a8dd3a5b76a5bbde974e03510a205c2f\",\"name\":\"PRESS\",\"image\":{\"@type\":\"ImageObject\",\"inLanguage\":\"en-US\",\"@id\":\"http:\/\/film-mag.net\/wp\/#\/schema\/person\/image\/\",\"url\":\"https:\/\/secure.gravatar.com\/avatar\/bf4ab1626f485b36c4f3650b1d351839?s=96&d=mm&r=g\",\"contentUrl\":\"https:\/\/secure.gravatar.com\/avatar\/bf4ab1626f485b36c4f3650b1d351839?s=96&d=mm&r=g\",\"caption\":\"PRESS\"},\"url\":\"http:\/\/film-mag.net\/wp\/?author=8\"}]}<\/script>\n<!-- \/ Yoast SEO plugin. -->","yoast_head_json":{"title":"Novo u hrvatskim kinima od 05.03.20.: Brahms: Dje\u010dak II; Emma; Izvan igre; Zvi\u017eda\u010di; Bogu hvala; Mlijeko; Mladi Ahmed i Naprijed - FILM-mag.net","robots":{"index":"index","follow":"follow","max-snippet":"max-snippet:-1","max-image-preview":"max-image-preview:large","max-video-preview":"max-video-preview:-1"},"canonical":"http:\/\/film-mag.net\/wp\/?p=41992","og_locale":"en_US","og_type":"article","og_title":"Novo u hrvatskim kinima od 05.03.20.: Brahms: Dje\u010dak II; Emma; Izvan igre; Zvi\u017eda\u010di; Bogu hvala; Mlijeko; Mladi Ahmed i Naprijed - FILM-mag.net","og_description":"Brahms: Dje\u010dak II Brahms: The Boy II (2020.) Redatelj: William Brent Bell Glumci: Katie Holmes, Christopher Convery, Owain Yeoman, Ralph Ineson \u017danr: horor Trajanje: 86 minuta Dr\u017eava: SAD Sadr\u017eaj: Nakon \u0161to se mlada obitelj, nesvjesna njene pro\u0161losti, useli u vilu Heelshire na zaba\u010denom imanju, njihov sin pronalazi novog prijatelja, jezivog lutka kojeg naziva Brahms. Brahms [&hellip;]","og_url":"http:\/\/film-mag.net\/wp\/?p=41992","og_site_name":"FILM-mag.net","article_published_time":"2020-03-04T23:32:53+00:00","author":"PRESS","twitter_card":"summary_large_image","twitter_misc":{"Written by":"PRESS","Est. reading time":"8 minutes"},"schema":{"@context":"https:\/\/schema.org","@graph":[{"@type":"WebPage","@id":"http:\/\/film-mag.net\/wp\/?p=41992","url":"http:\/\/film-mag.net\/wp\/?p=41992","name":"Novo u hrvatskim kinima od 05.03.20.: Brahms: Dje\u010dak II; Emma; Izvan igre; Zvi\u017eda\u010di; Bogu hvala; Mlijeko; Mladi Ahmed i Naprijed - FILM-mag.net","isPartOf":{"@id":"http:\/\/film-mag.net\/wp\/#website"},"datePublished":"2020-03-04T23:32:53+00:00","author":{"@id":"http:\/\/film-mag.net\/wp\/#\/schema\/person\/a8dd3a5b76a5bbde974e03510a205c2f"},"breadcrumb":{"@id":"http:\/\/film-mag.net\/wp\/?p=41992#breadcrumb"},"inLanguage":"en-US","potentialAction":[{"@type":"ReadAction","target":["http:\/\/film-mag.net\/wp\/?p=41992"]}]},{"@type":"BreadcrumbList","@id":"http:\/\/film-mag.net\/wp\/?p=41992#breadcrumb","itemListElement":[{"@type":"ListItem","position":1,"name":"Home","item":"http:\/\/film-mag.net\/wp\/"},{"@type":"ListItem","position":2,"name":"Novo u hrvatskim kinima od 05.03.20.: Brahms: Dje\u010dak II; Emma; Izvan igre; Zvi\u017eda\u010di; Bogu hvala; Mlijeko; Mladi Ahmed i Naprijed"}]},{"@type":"WebSite","@id":"http:\/\/film-mag.net\/wp\/#website","url":"http:\/\/film-mag.net\/wp\/","name":"FILM-mag.net","description":"Prvi hrvatski portal o filmu i filmu bliskim podru\u010djima kulture","potentialAction":[{"@type":"SearchAction","target":{"@type":"EntryPoint","urlTemplate":"http:\/\/film-mag.net\/wp\/?s={search_term_string}"},"query-input":{"@type":"PropertyValueSpecification","valueRequired":true,"valueName":"search_term_string"}}],"inLanguage":"en-US"},{"@type":"Person","@id":"http:\/\/film-mag.net\/wp\/#\/schema\/person\/a8dd3a5b76a5bbde974e03510a205c2f","name":"PRESS","image":{"@type":"ImageObject","inLanguage":"en-US","@id":"http:\/\/film-mag.net\/wp\/#\/schema\/person\/image\/","url":"https:\/\/secure.gravatar.com\/avatar\/bf4ab1626f485b36c4f3650b1d351839?s=96&d=mm&r=g","contentUrl":"https:\/\/secure.gravatar.com\/avatar\/bf4ab1626f485b36c4f3650b1d351839?s=96&d=mm&r=g","caption":"PRESS"},"url":"http:\/\/film-mag.net\/wp\/?author=8"}]}},"_links":{"self":[{"href":"http:\/\/film-mag.net\/wp\/index.php?rest_route=\/wp\/v2\/posts\/41992","targetHints":{"allow":["GET"]}}],"collection":[{"href":"http:\/\/film-mag.net\/wp\/index.php?rest_route=\/wp\/v2\/posts"}],"about":[{"href":"http:\/\/film-mag.net\/wp\/index.php?rest_route=\/wp\/v2\/types\/post"}],"author":[{"embeddable":true,"href":"http:\/\/film-mag.net\/wp\/index.php?rest_route=\/wp\/v2\/users\/8"}],"replies":[{"embeddable":true,"href":"http:\/\/film-mag.net\/wp\/index.php?rest_route=%2Fwp%2Fv2%2Fcomments&post=41992"}],"version-history":[{"count":1,"href":"http:\/\/film-mag.net\/wp\/index.php?rest_route=\/wp\/v2\/posts\/41992\/revisions"}],"predecessor-version":[{"id":41993,"href":"http:\/\/film-mag.net\/wp\/index.php?rest_route=\/wp\/v2\/posts\/41992\/revisions\/41993"}],"wp:attachment":[{"href":"http:\/\/film-mag.net\/wp\/index.php?rest_route=%2Fwp%2Fv2%2Fmedia&parent=41992"}],"wp:term":[{"taxonomy":"category","embeddable":true,"href":"http:\/\/film-mag.net\/wp\/index.php?rest_route=%2Fwp%2Fv2%2Fcategories&post=41992"},{"taxonomy":"post_tag","embeddable":true,"href":"http:\/\/film-mag.net\/wp\/index.php?rest_route=%2Fwp%2Fv2%2Ftags&post=41992"}],"curies":[{"name":"wp","href":"https:\/\/api.w.org\/{rel}","templated":true}]}}