{"id":41912,"date":"2020-02-26T00:03:32","date_gmt":"2020-02-25T23:03:32","guid":{"rendered":"http:\/\/film-mag.net\/wp\/?p=41912"},"modified":"2020-02-26T00:04:39","modified_gmt":"2020-02-25T23:04:39","slug":"premijera-predstave-vjezbanje-zivota-drugi-put-u-rijeckom-hnk-u","status":"publish","type":"post","link":"http:\/\/film-mag.net\/wp\/?p=41912","title":{"rendered":"Premijera predstave &#8216;Vje\u017ebanje \u017eivota \u2013 drugi put&#8217; u rije\u010dkom HNK-u"},"content":{"rendered":"<p style=\"text-align: justify;\"><b>\u201eVJE\u017dBANJE \u017dIVOTA \u2013 DRUGI PUT\u201c: POVIJEST RIJEKE IZ \u017dENSKE PERSPEKTIVE\u00a0<\/b><\/p>\n<p style=\"text-align: justify;\">\u201eNovo \u010ditanje Fabrijevog romana &#8216;Vje\u017ebanje \u017eivota&#8217; osmi\u0161ljava nova generacija, kreativni tim \u010dine uglavnom predstavnici rije\u010dke umjetni\u010dke i kazali\u0161ne scene, a u osnovi strukture dramatizacije su perspektive \u017eenskih likova romana, ali i perspektive glumica koje ih izvode\u201c, kazao je intendant HNK Ivana pl. Zajca, a ujedno redatelj te jedan od autora dramatizacije Marin Bla\u017eevi\u0107 na prvoj najavnoj, i rijetko sna\u017eno emotivnoj, konferenciji za medije povodom premijere predstave \u201eVje\u017ebanje \u017eivota \u2013 drugi put\u201c, odr\u017eanoj u rije\u010dkom Hotelu Bonavia \u2013 Plava laguna, sponzoru ove predstave. Govore\u0107i o i\u0161\u010dekivanom, jednom od klju\u010dnih projekata \u201eZajca\u201c i programskog pravca Doba mo\u0107i programa EPK, Bla\u017eevi\u0107 je naglasio kako je \u201eVje\u017ebanje \u017eivota \u2013 drugi put\u201c\u00a0 predstava o Rijeci odnosno njenoj povijesti od po\u010detka 19. stolje\u0107a sa, za razliku od romana \u010dija se radnja zaustavlja 50-ih godina 20. stolje\u0107a, produ\u017eetkom sve do 90-ih godina.<\/p>\n<p style=\"text-align: justify;\"><b>Hommage predstavi iz &#8217;90. <\/b><\/p>\n<p style=\"text-align: justify;\">\u201ePoku\u0161ali smo otvoriti teme koje su obilje\u017eile \u017eivot Rijeke nakon trenutka u kojem roman zavr\u0161ava, a u nekim perspektivama do\u0107i \u0107emo i do dana\u0161njeg dana. Bit \u0107e to i predstava o kazali\u0161tu, o rije\u010dkom HNK Ivana pl. Zajca, \u0161to je u pro\u0161loj dramatizaciji bio sporedni, a u na\u0161oj postaje jednim od osnovnih motiva jer su se, naprosto, neki od klju\u010dnih doga\u0111aja zbili upravo u kazali\u0161tu\u201c, kazao je Bla\u017eevi\u0107 koji s Lucijom Klari\u0107, Majom Le\u017eai\u0107 i Nikolinom Rafaj potpisuje dramatizaciju romana. Dok se prva dramatizacija uglavnom bavila politi\u010dkom povije\u0161\u0107u Rijeke i otkrivanjem njenih zapostavljenih manjinskih identiteta, u prvom redu onog fijumanskog, nova dramatizacija bavi se povije\u0161\u0107u Rijeke iz perspektive \u017eene i prava \u017eena iz na\u0161eg, kako je kazao Marin Bla\u017eevi\u0107, paradoksalnog vremena, u kojem se o \u017eenskim pravima govori onda kada se govori o manjinskim pravima. Predstava \u0107e, prema njegovim rije\u010dima, istodobno biti i <i>hommage<\/i> predstavi Nedjeljka Fabrija i Darka Ga\u0161parovi\u0107a u re\u017eiji Georgija Para iz 1990. godine.<\/p>\n<p style=\"text-align: justify;\"><img decoding=\"async\" style=\"border: none; width: 100%;\" src=\" http:\/\/hnk-zajc.hr\/wp-content\/uploads\/2020\/02\/MG_3978.jpg \" \/><\/p>\n<p style=\"text-align: justify;\">Fotografiju ustupio HNK Ivan pl. Zajc &#8211; Foto Dra\u017een \u0160ok\u010devi\u0107<\/p>\n<p style=\"text-align: justify;\">Gluma\u010dku postavu predstave Hrvatske i Talijanske drame \u010dini vi\u0161e od 30 \u010dlanica i \u010dlanova ovih dvaju dramskih ansambala rije\u010dkog HNK kojima \u0107e se pridru\u017eiti polaznice i polaznici Rije\u010dkog kazali\u0161ta mladih \u201eKamov\u201c kao i\u00a0 \u017eenski zbor rije\u010dke Opere. Tako \u0107e se tijekom devet \u010dinova na pozornici na\u0107i vi\u0161e od 90 izvo\u0111a\u010da, a dijelovi predstave odvijat \u0107e se izvan zgrade Kazali\u0161ta.<\/p>\n<p style=\"text-align: justify;\">Dramatur\u0161ke savjetnice su Neva Ro\u0161i\u0107, Mira Furlan i Lada \u010cale Feldman. Koregrafkinja i asistentica redatelja je Mila \u010culjak, scenograf Alan Vukeli\u0107, kostmografkinja Sandra Dekani\u0107, autori glazbe Josip Mar\u0161i\u0107 i Zoran Medved, video materijala Marin Lukanovi\u0107 a oblikovatelj svjetla je Dalibor Fugo\u0161i\u0107.<\/p>\n<p style=\"text-align: justify;\">U ime sponzora, Plave Lagune, novinarima se se obratila direktorica Hotela Bonavia Vlatka Stani\u0107.<\/p>\n<p style=\"text-align: justify;\">\u201eJedna od smjernica poslovanja Plave Lagune je i dru\u0161tvena osvije\u0161tenost, koja se manifestira i kroz redovitu podr\u0161ku i partnerstvo u brojnim kulturnim doga\u0111anjima. Stoga nam je iznimna \u010dast \u0161to je Plava laguna partner HNK Ivana pl. Zajca u Rijeci te sponzor predstave \u201eVje\u017ebanje \u017eivota \u2013 drugi put\u201c, osobito u trenucima kada je Rijeka i Europska prijestolnica kulture. Ve\u0107 tradicionalno njegujemo partnerski odnos s rije\u010dkim Kazali\u0161tem, pa smo se i ovaj put s odu\u0161evljenjem odazvali na novu suradnju. Rije\u010d je o predstavi od iznimnog zna\u010daja, \u010diju premijeru svi s nestrpljenjem o\u010dekujemo, i koja \u0107e zasigurno biti jedan od vrhunaca kulturnih doga\u0111anja u gradu Rijeci. U predstavi, kao \u0161to je ve\u0107 re\u010deno, glumi i doajenka hrvatskog glumi\u0161ta, gospo\u0111a Neva Ro\u0161i\u0107, koju \u0107emo s velikim zadovoljstvom ugostiti u hotelu Bonavia Plava Laguna, te \u0107emo dati maksimum da se kod nas osje\u0107a kao kod svoje ku\u0107e\u201c, rekla je Vlatka Stani\u0107.<\/p>\n<p style=\"text-align: justify;\"><b>Emotivno svjedo\u010danstvo<\/b><b><\/b><\/p>\n<p style=\"text-align: justify;\">Prvakinja hrvatskog glumi\u0161ta, ro\u0111ena Rije\u010danka, Neva Ro\u0161i\u0107 potom je potvrdila da se u \u201eBonaviji\u201c doista\u00a0 osje\u0107a kao kod ku\u0107e, ali ne samo zbog iznimnog gostoprimstva i pa\u017enje osoblja Hotela, ve\u0107 i stoga \u0161to je u istoj toj zgradi, na istom katu, prije Drugog svjetskog rata, posje\u0107ivala svoje nonu i noni\u0107a u njihovom tada\u0161njem stanu.<\/p>\n<p style=\"text-align: justify;\">\u201eBoravak u Rijeci, ponovni susret s mojim rodnim gradom, donosi mi i budi niz o\u010dekivanih, ali i iznena\u0111uju\u0107ih emocija, kako onih vezanih uz kazali\u0161te, tako i onih privatnih. Primjerice, sada spavam na istom onom mjestu na kojem sam spavala kao dijete. Dolazim tako u posjet svojoj pro\u0161losti\u201c, zapo\u010dela je vrlo emotivno Neva Ro\u0161i\u0107. \u201eU \u017eivotnoj sam dobi kada \u010dovjek misli da je zaokru\u017eio svoju pri\u010du i ne o\u010dekuje vi\u0161e nove doga\u0111aje. A trenutak odluke da se pridru\u017eim ovoj kazali\u0161noj avanturi otvorio mi je mogu\u0107nost da \u017eivim emocionalno vrlo \u017eivo i aktivno. Nisam mogla odoljeti da ponovno budem svjedokom jednog kazali\u0161nog trenutka, a osje\u0107ala sam se du\u017enom prema onima kojih vi\u0161e nema, a zajedno smo prvi put stvarali \u201eVje\u017ebanje \u017eivota\u201c. Produ\u017eit \u0107emo ljubav Rijeke prema Fabrijevom romanu i na novi na\u010din o\u017eivjeti sje\u0107anje na povijest Rijeke\u201c, zaklju\u010dila je Neva Ro\u0161i\u0107 koja \u0107e kao i prvi put, ali na novi na\u010din, igrati Mafaldu, ali i samu sebe.<\/p>\n<p style=\"text-align: justify;\">Zrinka Kolak Fabijan \u0107e tako\u0111er, uz samu sebe, igrati, kao i 1990., ulogu Antonije Despot. Glumica koja je svoju karijeru vezala uz rije\u010dki HNK, ali je, prihvativ\u0161i funkciju ravnateljice Lutkarskog kazali\u0161ta, napustila pozornicu, kazala je:<\/p>\n<p style=\"text-align: justify;\">\u201eU trenutku velikog osobnog gubitka odlu\u010dila sam oti\u0107i, ali nisam ni slutila koliko \u0107e mi pozornica nedostajati. Iako mislim da sam je do danas uspjela preboljeti, prihvatila sam anga\u017eman nakon \u0161to mi je Marin Bla\u017eevi\u0107 objasnio novi koncept. Vrijeme, naravno, nosi promjene i tako treba biti, a ovakav, novi pristup je ne\u0161to jako blisko vremenu u kojem \u017eivimo. Jer svi mi svakodnevno vje\u017ebamo \u017eivot, i vlastitim odlukama i onim \u0161to nam \u017eivot sam donese\u201c, rekla je Zrinka Kolak Fabijan.<\/p>\n<p style=\"text-align: justify;\">\u201eMarin Bla\u017eevi\u0107 se hrabro \u201euhvatio\u201c re\u017eije, s puno entuzijazma, a na svakoj probi vlada iznimno dobra pozitivna atmosfera i puno je veselja\u201c, rekla je Olivera Baljak koja \u0107e ponovno tuma\u010diti ulogu Mame Flore. \u201ePrije 30 godina bila sam premlada za Mamu Floru&#8230; A sada sam&#8230; jo\u0161 uvijek premlada. Za 30 godina, kada se tre\u0107i put bude radilo \u201eVje\u017ebanje \u017eivota\u201c mo\u017eda \u0107u biti u pravim godinama\u201c, na\u0161alila se Olivera Baljak.<br \/>\nNakon \u0161to je \u010dula kolegice koje su glumile u prvom \u201eVje\u017ebanju \u017eivota\u201c, vidno ganuta Mira Furlan prvo je naglasila kako je upravo spoj vlastitih \u017eivotnih iskustava i emocija te kazali\u0161ta za nju uvijek bilo najuzbudljivije, a potom je zahvalila Marinu Bla\u017eevi\u0107u \u0161to je otvorio \u017eensku perspektivu i \u017eenskom dijelu gluma\u010dkog ansambla dao najve\u0107i prostor.<\/p>\n<p style=\"text-align: justify;\">\u201eKada ste postavljali prvo \u201eVje\u017ebanje \u017eivota\u201c u svom gradu, ja sam izgubila i svoj grad i svoje kazali\u0161te. Danas osje\u0107am da sam dobila drugi grad i drugo kazali\u0161te\u201c, kazala je Mira Furlan.<\/p>\n<p style=\"text-align: justify;\">Konferenciju za novinare zaklju\u010dila je direktorica projekta Rijeka 2020 \u2013 Europska prijestolnica kulture Emina Vi\u0161ni\u0107.<\/p>\n<p style=\"text-align: justify;\">\u201e\u010cestitam na velikoj hrabrosti koja je bila potrebna za ovakav izazov. Vjerujem da \u0107e predstava sna\u017eno doprinijeti svim onim temama iz programskog pravca Doba mo\u0107i od kojih su mnoge te\u0161ke, a otvaraju nove perspektive, ovaj put \u017eensku perspektivu\u201c, kazala je Emina Vi\u0161ni\u0107.<\/p>\n<p style=\"text-align: justify;\">Premijera predstave je 17. o\u017eujka 2020., nakon koje slijede izvedbe 18., 19., 23. i \u00a024. o\u017eujka te potom 10., 11., 14., 15. i 16. travnja 2020.<\/p>\n<p style=\"text-align: justify;\">[izvor informacije\u00a0<a href=\"http:\/\/hnk-zajc.hr\/naslovnica\/\"><strong>HNK Ivan pl. Zajc<\/strong><\/a>]<\/p>\n<div id=\"fb_share_1\" style=\"float: right; margin-left: 10px;\"><a name=\"fb_share\" type=\"box_count\" share_url=\"http:\/\/film-mag.net\/wp\/?p=41912\" href=\"http:\/\/www.facebook.com\/sharer.php\">Share<\/a><\/div><div><script src=\"http:\/\/static.ak.fbcdn.net\/connect.php\/js\/FB.Share\" type=\"text\/javascript\"><\/script><\/div><div style=\"clear:both\"><\/div>","protected":false},"excerpt":{"rendered":"<p>\u201eVJE\u017dBANJE \u017dIVOTA \u2013 DRUGI PUT\u201c: POVIJEST RIJEKE IZ \u017dENSKE PERSPEKTIVE\u00a0 \u201eNovo \u010ditanje Fabrijevog romana &#8216;Vje\u017ebanje \u017eivota&#8217; osmi\u0161ljava nova generacija, kreativni tim \u010dine uglavnom predstavnici rije\u010dke umjetni\u010dke i kazali\u0161ne scene, a u osnovi strukture dramatizacije su perspektive \u017eenskih likova romana, ali i perspektive glumica koje ih izvode\u201c, kazao je intendant HNK Ivana pl. Zajca, a ujedno [&hellip;]<\/p>\n","protected":false},"author":8,"featured_media":0,"comment_status":"closed","ping_status":"closed","sticky":false,"template":"","format":"standard","meta":{"_et_pb_use_builder":"","_et_pb_old_content":"","_et_gb_content_width":"","_editorskit_title_hidden":false,"_editorskit_reading_time":0,"_editorskit_is_block_options_detached":false,"_editorskit_block_options_position":"{}","footnotes":""},"categories":[33,10,17050],"tags":[7131,137,401,662],"class_list":["post-41912","post","type-post","status-publish","format-standard","hentry","category-kazalisne-premijere","category-kazaliste","category-press","tag-hnk-ivan-pl-zajc","tag-kazalisna-premijera","tag-press-konferencija","tag-rijeka"],"yoast_head":"<!-- This site is optimized with the Yoast SEO plugin v24.6 - https:\/\/yoast.com\/wordpress\/plugins\/seo\/ -->\n<title>Premijera predstave &#039;Vje\u017ebanje \u017eivota \u2013 drugi put&#039; u rije\u010dkom HNK-u - FILM-mag.net<\/title>\n<meta name=\"robots\" content=\"index, follow, max-snippet:-1, max-image-preview:large, max-video-preview:-1\" \/>\n<link rel=\"canonical\" href=\"http:\/\/film-mag.net\/wp\/?p=41912\" \/>\n<meta property=\"og:locale\" content=\"en_US\" \/>\n<meta property=\"og:type\" content=\"article\" \/>\n<meta property=\"og:title\" content=\"Premijera predstave &#039;Vje\u017ebanje \u017eivota \u2013 drugi put&#039; u rije\u010dkom HNK-u - FILM-mag.net\" \/>\n<meta property=\"og:description\" content=\"\u201eVJE\u017dBANJE \u017dIVOTA \u2013 DRUGI PUT\u201c: POVIJEST RIJEKE IZ \u017dENSKE PERSPEKTIVE\u00a0 \u201eNovo \u010ditanje Fabrijevog romana &#8216;Vje\u017ebanje \u017eivota&#8217; osmi\u0161ljava nova generacija, kreativni tim \u010dine uglavnom predstavnici rije\u010dke umjetni\u010dke i kazali\u0161ne scene, a u osnovi strukture dramatizacije su perspektive \u017eenskih likova romana, ali i perspektive glumica koje ih izvode\u201c, kazao je intendant HNK Ivana pl. Zajca, a ujedno [&hellip;]\" \/>\n<meta property=\"og:url\" content=\"http:\/\/film-mag.net\/wp\/?p=41912\" \/>\n<meta property=\"og:site_name\" content=\"FILM-mag.net\" \/>\n<meta property=\"article:published_time\" content=\"2020-02-25T23:03:32+00:00\" \/>\n<meta property=\"article:modified_time\" content=\"2020-02-25T23:04:39+00:00\" \/>\n<meta name=\"author\" content=\"PRESS\" \/>\n<meta name=\"twitter:card\" content=\"summary_large_image\" \/>\n<meta name=\"twitter:label1\" content=\"Written by\" \/>\n\t<meta name=\"twitter:data1\" content=\"PRESS\" \/>\n\t<meta name=\"twitter:label2\" content=\"Est. reading time\" \/>\n\t<meta name=\"twitter:data2\" content=\"6 minutes\" \/>\n<script type=\"application\/ld+json\" class=\"yoast-schema-graph\">{\"@context\":\"https:\/\/schema.org\",\"@graph\":[{\"@type\":\"WebPage\",\"@id\":\"http:\/\/film-mag.net\/wp\/?p=41912\",\"url\":\"http:\/\/film-mag.net\/wp\/?p=41912\",\"name\":\"Premijera predstave 'Vje\u017ebanje \u017eivota \u2013 drugi put' u rije\u010dkom HNK-u - FILM-mag.net\",\"isPartOf\":{\"@id\":\"https:\/\/film-mag.net\/wp\/#website\"},\"datePublished\":\"2020-02-25T23:03:32+00:00\",\"dateModified\":\"2020-02-25T23:04:39+00:00\",\"author\":{\"@id\":\"https:\/\/film-mag.net\/wp\/#\/schema\/person\/a8dd3a5b76a5bbde974e03510a205c2f\"},\"breadcrumb\":{\"@id\":\"http:\/\/film-mag.net\/wp\/?p=41912#breadcrumb\"},\"inLanguage\":\"en-US\",\"potentialAction\":[{\"@type\":\"ReadAction\",\"target\":[\"http:\/\/film-mag.net\/wp\/?p=41912\"]}]},{\"@type\":\"BreadcrumbList\",\"@id\":\"http:\/\/film-mag.net\/wp\/?p=41912#breadcrumb\",\"itemListElement\":[{\"@type\":\"ListItem\",\"position\":1,\"name\":\"Home\",\"item\":\"https:\/\/film-mag.net\/wp\/\"},{\"@type\":\"ListItem\",\"position\":2,\"name\":\"Premijera predstave &#8216;Vje\u017ebanje \u017eivota \u2013 drugi put&#8217; u rije\u010dkom HNK-u\"}]},{\"@type\":\"WebSite\",\"@id\":\"https:\/\/film-mag.net\/wp\/#website\",\"url\":\"https:\/\/film-mag.net\/wp\/\",\"name\":\"FILM-mag.net\",\"description\":\"Prvi hrvatski portal o filmu i filmu bliskim podru\u010djima kulture\",\"potentialAction\":[{\"@type\":\"SearchAction\",\"target\":{\"@type\":\"EntryPoint\",\"urlTemplate\":\"https:\/\/film-mag.net\/wp\/?s={search_term_string}\"},\"query-input\":{\"@type\":\"PropertyValueSpecification\",\"valueRequired\":true,\"valueName\":\"search_term_string\"}}],\"inLanguage\":\"en-US\"},{\"@type\":\"Person\",\"@id\":\"https:\/\/film-mag.net\/wp\/#\/schema\/person\/a8dd3a5b76a5bbde974e03510a205c2f\",\"name\":\"PRESS\",\"image\":{\"@type\":\"ImageObject\",\"inLanguage\":\"en-US\",\"@id\":\"https:\/\/film-mag.net\/wp\/#\/schema\/person\/image\/\",\"url\":\"https:\/\/secure.gravatar.com\/avatar\/bf4ab1626f485b36c4f3650b1d351839?s=96&d=mm&r=g\",\"contentUrl\":\"https:\/\/secure.gravatar.com\/avatar\/bf4ab1626f485b36c4f3650b1d351839?s=96&d=mm&r=g\",\"caption\":\"PRESS\"},\"url\":\"http:\/\/film-mag.net\/wp\/?author=8\"}]}<\/script>\n<!-- \/ Yoast SEO plugin. -->","yoast_head_json":{"title":"Premijera predstave 'Vje\u017ebanje \u017eivota \u2013 drugi put' u rije\u010dkom HNK-u - FILM-mag.net","robots":{"index":"index","follow":"follow","max-snippet":"max-snippet:-1","max-image-preview":"max-image-preview:large","max-video-preview":"max-video-preview:-1"},"canonical":"http:\/\/film-mag.net\/wp\/?p=41912","og_locale":"en_US","og_type":"article","og_title":"Premijera predstave 'Vje\u017ebanje \u017eivota \u2013 drugi put' u rije\u010dkom HNK-u - FILM-mag.net","og_description":"\u201eVJE\u017dBANJE \u017dIVOTA \u2013 DRUGI PUT\u201c: POVIJEST RIJEKE IZ \u017dENSKE PERSPEKTIVE\u00a0 \u201eNovo \u010ditanje Fabrijevog romana &#8216;Vje\u017ebanje \u017eivota&#8217; osmi\u0161ljava nova generacija, kreativni tim \u010dine uglavnom predstavnici rije\u010dke umjetni\u010dke i kazali\u0161ne scene, a u osnovi strukture dramatizacije su perspektive \u017eenskih likova romana, ali i perspektive glumica koje ih izvode\u201c, kazao je intendant HNK Ivana pl. Zajca, a ujedno [&hellip;]","og_url":"http:\/\/film-mag.net\/wp\/?p=41912","og_site_name":"FILM-mag.net","article_published_time":"2020-02-25T23:03:32+00:00","article_modified_time":"2020-02-25T23:04:39+00:00","author":"PRESS","twitter_card":"summary_large_image","twitter_misc":{"Written by":"PRESS","Est. reading time":"6 minutes"},"schema":{"@context":"https:\/\/schema.org","@graph":[{"@type":"WebPage","@id":"http:\/\/film-mag.net\/wp\/?p=41912","url":"http:\/\/film-mag.net\/wp\/?p=41912","name":"Premijera predstave 'Vje\u017ebanje \u017eivota \u2013 drugi put' u rije\u010dkom HNK-u - FILM-mag.net","isPartOf":{"@id":"https:\/\/film-mag.net\/wp\/#website"},"datePublished":"2020-02-25T23:03:32+00:00","dateModified":"2020-02-25T23:04:39+00:00","author":{"@id":"https:\/\/film-mag.net\/wp\/#\/schema\/person\/a8dd3a5b76a5bbde974e03510a205c2f"},"breadcrumb":{"@id":"http:\/\/film-mag.net\/wp\/?p=41912#breadcrumb"},"inLanguage":"en-US","potentialAction":[{"@type":"ReadAction","target":["http:\/\/film-mag.net\/wp\/?p=41912"]}]},{"@type":"BreadcrumbList","@id":"http:\/\/film-mag.net\/wp\/?p=41912#breadcrumb","itemListElement":[{"@type":"ListItem","position":1,"name":"Home","item":"https:\/\/film-mag.net\/wp\/"},{"@type":"ListItem","position":2,"name":"Premijera predstave &#8216;Vje\u017ebanje \u017eivota \u2013 drugi put&#8217; u rije\u010dkom HNK-u"}]},{"@type":"WebSite","@id":"https:\/\/film-mag.net\/wp\/#website","url":"https:\/\/film-mag.net\/wp\/","name":"FILM-mag.net","description":"Prvi hrvatski portal o filmu i filmu bliskim podru\u010djima kulture","potentialAction":[{"@type":"SearchAction","target":{"@type":"EntryPoint","urlTemplate":"https:\/\/film-mag.net\/wp\/?s={search_term_string}"},"query-input":{"@type":"PropertyValueSpecification","valueRequired":true,"valueName":"search_term_string"}}],"inLanguage":"en-US"},{"@type":"Person","@id":"https:\/\/film-mag.net\/wp\/#\/schema\/person\/a8dd3a5b76a5bbde974e03510a205c2f","name":"PRESS","image":{"@type":"ImageObject","inLanguage":"en-US","@id":"https:\/\/film-mag.net\/wp\/#\/schema\/person\/image\/","url":"https:\/\/secure.gravatar.com\/avatar\/bf4ab1626f485b36c4f3650b1d351839?s=96&d=mm&r=g","contentUrl":"https:\/\/secure.gravatar.com\/avatar\/bf4ab1626f485b36c4f3650b1d351839?s=96&d=mm&r=g","caption":"PRESS"},"url":"http:\/\/film-mag.net\/wp\/?author=8"}]}},"_links":{"self":[{"href":"http:\/\/film-mag.net\/wp\/index.php?rest_route=\/wp\/v2\/posts\/41912","targetHints":{"allow":["GET"]}}],"collection":[{"href":"http:\/\/film-mag.net\/wp\/index.php?rest_route=\/wp\/v2\/posts"}],"about":[{"href":"http:\/\/film-mag.net\/wp\/index.php?rest_route=\/wp\/v2\/types\/post"}],"author":[{"embeddable":true,"href":"http:\/\/film-mag.net\/wp\/index.php?rest_route=\/wp\/v2\/users\/8"}],"replies":[{"embeddable":true,"href":"http:\/\/film-mag.net\/wp\/index.php?rest_route=%2Fwp%2Fv2%2Fcomments&post=41912"}],"version-history":[{"count":2,"href":"http:\/\/film-mag.net\/wp\/index.php?rest_route=\/wp\/v2\/posts\/41912\/revisions"}],"predecessor-version":[{"id":41914,"href":"http:\/\/film-mag.net\/wp\/index.php?rest_route=\/wp\/v2\/posts\/41912\/revisions\/41914"}],"wp:attachment":[{"href":"http:\/\/film-mag.net\/wp\/index.php?rest_route=%2Fwp%2Fv2%2Fmedia&parent=41912"}],"wp:term":[{"taxonomy":"category","embeddable":true,"href":"http:\/\/film-mag.net\/wp\/index.php?rest_route=%2Fwp%2Fv2%2Fcategories&post=41912"},{"taxonomy":"post_tag","embeddable":true,"href":"http:\/\/film-mag.net\/wp\/index.php?rest_route=%2Fwp%2Fv2%2Ftags&post=41912"}],"curies":[{"name":"wp","href":"https:\/\/api.w.org\/{rel}","templated":true}]}}