{"id":41839,"date":"2020-02-19T21:31:14","date_gmt":"2020-02-19T20:31:14","guid":{"rendered":"http:\/\/film-mag.net\/wp\/?p=41839"},"modified":"2020-02-19T21:31:14","modified_gmt":"2020-02-19T20:31:14","slug":"premijera-opere-tristan-i-izolda-u-rijeckom-hnk-u","status":"publish","type":"post","link":"http:\/\/film-mag.net\/wp\/?p=41839","title":{"rendered":"Premijera opere &#8216;Tristan i Izolda&#8217; u rije\u010dkom HNK-u"},"content":{"rendered":"<p style=\"text-align: justify;\"><b>PRVI RIJE\u010cKI WAGNER \u2013 \u201eTRISTAN I IZOLDA\u201c: KAZALI\u0160NO ISKUSTVO I DO\u017dIVLJAJ KOJI \u0106E VAS PROMIJENITI ZAUVIJEK<\/b><\/p>\n<p style=\"text-align: justify;\">\u010cetiri godine od prvotne ideje i po\u010detka planiranja velikog projekta, povijesna, prva Wagnerova opera u vlastitoj produkciji te istodobno prva opera u programu Rijeka 2020-EPK, \u201eTristan i Izolda\u201c, u re\u017eiji Anne Bogart a pod ravnanjem maestra Villea Matvejeffa, u rije\u010dkom \u0107e HNK Ivana pl. Zajca biti premijerno izvedena u subotu, 22. velja\u010de 2020. s po\u010detkom u 18.00 sati.<\/p>\n<p style=\"text-align: justify;\">Kako je na najavnoj konferenciji za medije kazao intendant Marin Bla\u017eevi\u0107, prije \u010detiri je godine maestro Matvejeff do\u0161ao na ideju kako bi opernog Wagnera u Rijeci trebalo \u201eotvoriti\u201c upravo \u201eTristanom i Izoldom\u201c, jednim od vrhunaca njegova opernog stvarala\u0161tva. Potom se, u New Yorku, Bla\u017eevi\u0107 susreo s legendarnom redateljicom Anne Bogart koja je pak prihvatila re\u017eirati prvog rije\u010dkog Wagnera.<\/p>\n<p style=\"text-align: justify;\"><img decoding=\"async\" style=\"border: none; width: 100%;\" src=\" http:\/\/hnk-zajc.hr\/wp-content\/uploads\/2020\/02\/MG_9016.jpg \" \/><\/p>\n<p style=\"text-align: justify;\">Tristan i Izolda ; Fotografiju ustupio HNK Ivan pl. Zajca &#8211; Foto Dra\u017een \u0160ok\u010devi\u0107<\/p>\n<p style=\"text-align: justify;\">\u201eNa kraju procesa, koji je zapo\u010deo prije \u010detiri godine, nakon odgledane generalne probe, mogu re\u0107i kako je Anne Bogart, prema mome poimanju, uspjela ostvariti ideal operne re\u017eije\u201c, kazao je Marin Bla\u017eevi\u0107 te pojasnio kako je rije\u010d o fascinantnoj fuziji glazbene i scenske partiture, koju je nazvao svojevrsnom vizualnom simfonijom. Bla\u017eevi\u0107 je posebno istaknuo kraj predstave kao jedan od onih do\u017eivljaja kazali\u0161nog \u010dina \u201ekoji vas promijene zauvijek\u201c.<\/p>\n<p style=\"text-align: justify;\">\u201eWagneru treba pristupiti s puno hrabrosti i spremno\u0161\u0107u na kontemplaciju, a gledaju\u0107i kazali\u0161ni \u010din, istodobno se treba zagledati i u sebe\u201c, poru\u010dio je rije\u010dki intendant.<\/p>\n<p style=\"text-align: justify;\">Predstavljaju\u0107i interprete naslovnih uloga, za Maidu Hundeling koja \u0107e nastupiti u ulozi Izolde, kazao je kako je rije\u010d o umjetnici koja \u010dim stupi na pozornicu postaje scenskim normativom.<\/p>\n<p style=\"text-align: justify;\">\u201eMaida Hundeling name\u0107e se kao ona umjetni\u010dka osobnost zbog koje se postavljaju neke opere i za koju se rade re\u017eije. S druge strane, Lars Cleveman kao Tristan ima jedan od najte\u017eih zadataka, toliko te\u017eak da se, gledaju\u0107i ga i slu\u0161aju\u0107i, gotovo morate zapitati ho\u0107e li pre\u017eivjeti do kraja. Ovaj projekt ne bi bio mogu\u0107 bez njihovih senzacionalnih scenskih i pjeva\u010dkih nastupa\u201c, kazao je Bla\u017eevi\u0107 o gostuju\u0107im solistima te naglasio kako \u0107e \u201eboje rije\u010dkog ansambla u velikim ulogama braniti Ivana Srbljan i Robert Kolar i svojim debijima u wagnerijanskom opernom repertoaru spremno stati uz bok iskusnim kolegama\u201c.<\/p>\n<p style=\"text-align: justify;\">Govore\u0107i o svom pristupu re\u017eiji ove opere, Anne Bogart je istaknula kako, za razliku od ve\u0107ine drugih opere s puno radnje i doga\u0111anja, u ovoj operi dvoje glavnih protagonista, Tristan i Izolda, tijekom \u010detiri i pol sata poku\u0161avaju umrijeti te je stoga rad na ovoj operi poseban, druga\u010diji i posve neusporediv s drugim njenim, ranijim re\u017eijama. Kao posebno zahtjevno istaknula je uskla\u0111ivanje glazbe i onog vizualnog ili, kako je kazala \u201eonoga \u0161to \u010dujete i vidite\u201c.<\/p>\n<p style=\"text-align: justify;\">Svi su solisti, njih \u010detvero, govorili o iznomnoj zahtjevnosti svojih rola i zahtjevnosti interpretacije Wagnera uop\u0107e. Dok je Maida Hundeling uspore\u0111ivala ulogu Izolde s ulogom Elektre kojom je pro\u0161le sezone odu\u0161evila i kritiku i publiku u Rijeci te bila ispra\u0107ena dugotrajnim staja\u0107im ovacijama, Lars Cleveman, koji \u0107e ulogu Tristana pjevati u \u010dak \u0161estoj produkciji po redu, osvrnuo se na to kako je ova uloga tijekom dvadeset godina rasla i razvijala se u njemu, nazvav\u0161i je putovanjem kroz \u017eivot, do\u017eivljaj kojeg se, zahvaljuju\u0107i vlastitom \u017eivotnom iskustvu, mijenjao, a neki segmenti interpretacije postajali lak\u0161ima ili pak te\u017eima.<\/p>\n<p style=\"text-align: justify;\">Ivana Srbljan je usporedila ulogu Brangane i ulogu Carmen, u kojima \u0107e ove sezone nastupiti, te istaknula njihove karakterne razlike, a Robert Kolar je kao posebnost naveo \u0161to su kod Wagnera solisti uronjeni u orkestralno tkivo s kojim se moraju mo\u0107i \u201eizboriti\u201c te Wagnera nazvao nadogradnjom koja sti\u017ee nakon \u0161to su svi drugi operni skladatelji otpjevani.<\/p>\n<p style=\"text-align: justify;\">Uz njih \u0107e u predstavi nastupiti i rije\u010dki solisti Luka Ortar, Marko Fortunato, Dario Bercich i Alja\u017e Farasin. Scenograf i kostimograf je James Schuette, autor scenskog pokreta Christopher Murrah,\u00a0 oblikovatelj svjetla Brian H. Scott, a oblikovatelj videa Greg Emetaz.<\/p>\n<p style=\"text-align: justify;\">\u201eOpera \u201eTristan i Izolda\u201c dio je programskog pravca <i>Doba mo\u0107i<\/i> u programu EPK, koji se bavi rije\u010dkom povije\u0161\u0107u i propitivanjem granica\u201c, kazala je Irena Kregar \u0160egota, direktorica partnerstava i sudjelovanja Rijeke 2020 te nastavila: \u201e\u00a0 A Wagner propituje granice, iako ne one fizi\u010dke, ve\u0107 one umjetni\u010dke i duhovne.\u201c Posebno zadovoljstvo izrazila je \u010dinjenicom \u0161to u rije\u010dkom \u201eZajcu\u201c, klju\u010dnom programskom partneru EPK, nastaje kokreacija najboljih doma\u0107ih i svjetskih snaga.<\/p>\n<p style=\"text-align: justify;\">Na konferenciji su predstavljeni ekskluzivni tematski kokteli <i>Tristan<\/i> i <i>Izolda<\/i> prema originalnoj kreativnoj recepturi \u010dlanova Udruge konobara i barmena Hrvatske te izvedbi CcbyScorpio. Koktele osmi\u0161ljene isklju\u010divo za rije\u010dke izvedbe \u201cTristana i Izolde\u201d, publika \u0107e mo\u0107i, po promotivnim cijenama, ku\u0161ati u pauzama predstave, a Kazali\u0161te je za publiku osiguralo i male zalogaje.<\/p>\n<p style=\"text-align: justify;\">[izvor informacije\u00a0<a href=\"http:\/\/hnk-zajc.hr\/naslovnica\/\"><strong>HNK Ivan pl. Zajc<\/strong><\/a>]<\/p>\n<p style=\"text-align: justify;\"><iframe loading=\"lazy\" style=\"border: none; overflow: hidden;\" src=\"https:\/\/www.facebook.com\/plugins\/post.php?href=https%3A%2F%2Fwww.facebook.com%2Fmedia%2Fset%2F%3Fset%3Da.2912612388777415%26type%3D3&amp;width=500\" width=\"500\" height=\"689\" frameborder=\"0\" scrolling=\"no\"><\/iframe><\/p>\n<div id=\"fb_share_1\" style=\"float: right; margin-left: 10px;\"><a name=\"fb_share\" type=\"box_count\" share_url=\"http:\/\/film-mag.net\/wp\/?p=41839\" href=\"http:\/\/www.facebook.com\/sharer.php\">Share<\/a><\/div><div><script src=\"http:\/\/static.ak.fbcdn.net\/connect.php\/js\/FB.Share\" type=\"text\/javascript\"><\/script><\/div><div style=\"clear:both\"><\/div>","protected":false},"excerpt":{"rendered":"<p>PRVI RIJE\u010cKI WAGNER \u2013 \u201eTRISTAN I IZOLDA\u201c: KAZALI\u0160NO ISKUSTVO I DO\u017dIVLJAJ KOJI \u0106E VAS PROMIJENITI ZAUVIJEK \u010cetiri godine od prvotne ideje i po\u010detka planiranja velikog projekta, povijesna, prva Wagnerova opera u vlastitoj produkciji te istodobno prva opera u programu Rijeka 2020-EPK, \u201eTristan i Izolda\u201c, u re\u017eiji Anne Bogart a pod ravnanjem maestra Villea Matvejeffa, u [&hellip;]<\/p>\n","protected":false},"author":8,"featured_media":0,"comment_status":"closed","ping_status":"closed","sticky":false,"template":"","format":"standard","meta":{"_et_pb_use_builder":"","_et_pb_old_content":"","_et_gb_content_width":"","_editorskit_title_hidden":false,"_editorskit_reading_time":0,"_editorskit_is_block_options_detached":false,"_editorskit_block_options_position":"{}","footnotes":""},"categories":[11,474,33,10,37,6000,17050],"tags":[7131,2022,20524,1170,10474,401,662],"class_list":["post-41839","post","type-post","status-publish","format-standard","hentry","category-glazba","category-glazbene-vijesti","category-kazalisne-premijere","category-kazaliste","category-najave-glazbenih-dogadanja","category-opera-glazba","category-press","tag-hnk-ivan-pl-zajc","tag-ivana-srbljan","tag-kazalisna-preijera","tag-opera","tag-operna-premijera","tag-press-konferencija","tag-rijeka"],"yoast_head":"<!-- This site is optimized with the Yoast SEO plugin v24.6 - https:\/\/yoast.com\/wordpress\/plugins\/seo\/ -->\n<title>Premijera opere &#039;Tristan i Izolda&#039; u rije\u010dkom HNK-u - FILM-mag.net<\/title>\n<meta name=\"robots\" content=\"index, follow, max-snippet:-1, max-image-preview:large, max-video-preview:-1\" \/>\n<link rel=\"canonical\" href=\"http:\/\/film-mag.net\/wp\/?p=41839\" \/>\n<meta property=\"og:locale\" content=\"en_US\" \/>\n<meta property=\"og:type\" content=\"article\" \/>\n<meta property=\"og:title\" content=\"Premijera opere &#039;Tristan i Izolda&#039; u rije\u010dkom HNK-u - FILM-mag.net\" \/>\n<meta property=\"og:description\" content=\"PRVI RIJE\u010cKI WAGNER \u2013 \u201eTRISTAN I IZOLDA\u201c: KAZALI\u0160NO ISKUSTVO I DO\u017dIVLJAJ KOJI \u0106E VAS PROMIJENITI ZAUVIJEK \u010cetiri godine od prvotne ideje i po\u010detka planiranja velikog projekta, povijesna, prva Wagnerova opera u vlastitoj produkciji te istodobno prva opera u programu Rijeka 2020-EPK, \u201eTristan i Izolda\u201c, u re\u017eiji Anne Bogart a pod ravnanjem maestra Villea Matvejeffa, u [&hellip;]\" \/>\n<meta property=\"og:url\" content=\"http:\/\/film-mag.net\/wp\/?p=41839\" \/>\n<meta property=\"og:site_name\" content=\"FILM-mag.net\" \/>\n<meta property=\"article:published_time\" content=\"2020-02-19T20:31:14+00:00\" \/>\n<meta name=\"author\" content=\"PRESS\" \/>\n<meta name=\"twitter:card\" content=\"summary_large_image\" \/>\n<meta name=\"twitter:label1\" content=\"Written by\" \/>\n\t<meta name=\"twitter:data1\" content=\"PRESS\" \/>\n\t<meta name=\"twitter:label2\" content=\"Est. reading time\" \/>\n\t<meta name=\"twitter:data2\" content=\"4 minutes\" \/>\n<script type=\"application\/ld+json\" class=\"yoast-schema-graph\">{\"@context\":\"https:\/\/schema.org\",\"@graph\":[{\"@type\":\"WebPage\",\"@id\":\"http:\/\/film-mag.net\/wp\/?p=41839\",\"url\":\"http:\/\/film-mag.net\/wp\/?p=41839\",\"name\":\"Premijera opere 'Tristan i Izolda' u rije\u010dkom HNK-u - FILM-mag.net\",\"isPartOf\":{\"@id\":\"http:\/\/film-mag.net\/wp\/#website\"},\"datePublished\":\"2020-02-19T20:31:14+00:00\",\"author\":{\"@id\":\"http:\/\/film-mag.net\/wp\/#\/schema\/person\/a8dd3a5b76a5bbde974e03510a205c2f\"},\"breadcrumb\":{\"@id\":\"http:\/\/film-mag.net\/wp\/?p=41839#breadcrumb\"},\"inLanguage\":\"en-US\",\"potentialAction\":[{\"@type\":\"ReadAction\",\"target\":[\"http:\/\/film-mag.net\/wp\/?p=41839\"]}]},{\"@type\":\"BreadcrumbList\",\"@id\":\"http:\/\/film-mag.net\/wp\/?p=41839#breadcrumb\",\"itemListElement\":[{\"@type\":\"ListItem\",\"position\":1,\"name\":\"Home\",\"item\":\"http:\/\/film-mag.net\/wp\/\"},{\"@type\":\"ListItem\",\"position\":2,\"name\":\"Premijera opere &#8216;Tristan i Izolda&#8217; u rije\u010dkom HNK-u\"}]},{\"@type\":\"WebSite\",\"@id\":\"http:\/\/film-mag.net\/wp\/#website\",\"url\":\"http:\/\/film-mag.net\/wp\/\",\"name\":\"FILM-mag.net\",\"description\":\"Prvi hrvatski portal o filmu i filmu bliskim podru\u010djima kulture\",\"potentialAction\":[{\"@type\":\"SearchAction\",\"target\":{\"@type\":\"EntryPoint\",\"urlTemplate\":\"http:\/\/film-mag.net\/wp\/?s={search_term_string}\"},\"query-input\":{\"@type\":\"PropertyValueSpecification\",\"valueRequired\":true,\"valueName\":\"search_term_string\"}}],\"inLanguage\":\"en-US\"},{\"@type\":\"Person\",\"@id\":\"http:\/\/film-mag.net\/wp\/#\/schema\/person\/a8dd3a5b76a5bbde974e03510a205c2f\",\"name\":\"PRESS\",\"image\":{\"@type\":\"ImageObject\",\"inLanguage\":\"en-US\",\"@id\":\"http:\/\/film-mag.net\/wp\/#\/schema\/person\/image\/\",\"url\":\"https:\/\/secure.gravatar.com\/avatar\/bf4ab1626f485b36c4f3650b1d351839?s=96&d=mm&r=g\",\"contentUrl\":\"https:\/\/secure.gravatar.com\/avatar\/bf4ab1626f485b36c4f3650b1d351839?s=96&d=mm&r=g\",\"caption\":\"PRESS\"},\"url\":\"http:\/\/film-mag.net\/wp\/?author=8\"}]}<\/script>\n<!-- \/ Yoast SEO plugin. -->","yoast_head_json":{"title":"Premijera opere 'Tristan i Izolda' u rije\u010dkom HNK-u - FILM-mag.net","robots":{"index":"index","follow":"follow","max-snippet":"max-snippet:-1","max-image-preview":"max-image-preview:large","max-video-preview":"max-video-preview:-1"},"canonical":"http:\/\/film-mag.net\/wp\/?p=41839","og_locale":"en_US","og_type":"article","og_title":"Premijera opere 'Tristan i Izolda' u rije\u010dkom HNK-u - FILM-mag.net","og_description":"PRVI RIJE\u010cKI WAGNER \u2013 \u201eTRISTAN I IZOLDA\u201c: KAZALI\u0160NO ISKUSTVO I DO\u017dIVLJAJ KOJI \u0106E VAS PROMIJENITI ZAUVIJEK \u010cetiri godine od prvotne ideje i po\u010detka planiranja velikog projekta, povijesna, prva Wagnerova opera u vlastitoj produkciji te istodobno prva opera u programu Rijeka 2020-EPK, \u201eTristan i Izolda\u201c, u re\u017eiji Anne Bogart a pod ravnanjem maestra Villea Matvejeffa, u [&hellip;]","og_url":"http:\/\/film-mag.net\/wp\/?p=41839","og_site_name":"FILM-mag.net","article_published_time":"2020-02-19T20:31:14+00:00","author":"PRESS","twitter_card":"summary_large_image","twitter_misc":{"Written by":"PRESS","Est. reading time":"4 minutes"},"schema":{"@context":"https:\/\/schema.org","@graph":[{"@type":"WebPage","@id":"http:\/\/film-mag.net\/wp\/?p=41839","url":"http:\/\/film-mag.net\/wp\/?p=41839","name":"Premijera opere 'Tristan i Izolda' u rije\u010dkom HNK-u - FILM-mag.net","isPartOf":{"@id":"http:\/\/film-mag.net\/wp\/#website"},"datePublished":"2020-02-19T20:31:14+00:00","author":{"@id":"http:\/\/film-mag.net\/wp\/#\/schema\/person\/a8dd3a5b76a5bbde974e03510a205c2f"},"breadcrumb":{"@id":"http:\/\/film-mag.net\/wp\/?p=41839#breadcrumb"},"inLanguage":"en-US","potentialAction":[{"@type":"ReadAction","target":["http:\/\/film-mag.net\/wp\/?p=41839"]}]},{"@type":"BreadcrumbList","@id":"http:\/\/film-mag.net\/wp\/?p=41839#breadcrumb","itemListElement":[{"@type":"ListItem","position":1,"name":"Home","item":"http:\/\/film-mag.net\/wp\/"},{"@type":"ListItem","position":2,"name":"Premijera opere &#8216;Tristan i Izolda&#8217; u rije\u010dkom HNK-u"}]},{"@type":"WebSite","@id":"http:\/\/film-mag.net\/wp\/#website","url":"http:\/\/film-mag.net\/wp\/","name":"FILM-mag.net","description":"Prvi hrvatski portal o filmu i filmu bliskim podru\u010djima kulture","potentialAction":[{"@type":"SearchAction","target":{"@type":"EntryPoint","urlTemplate":"http:\/\/film-mag.net\/wp\/?s={search_term_string}"},"query-input":{"@type":"PropertyValueSpecification","valueRequired":true,"valueName":"search_term_string"}}],"inLanguage":"en-US"},{"@type":"Person","@id":"http:\/\/film-mag.net\/wp\/#\/schema\/person\/a8dd3a5b76a5bbde974e03510a205c2f","name":"PRESS","image":{"@type":"ImageObject","inLanguage":"en-US","@id":"http:\/\/film-mag.net\/wp\/#\/schema\/person\/image\/","url":"https:\/\/secure.gravatar.com\/avatar\/bf4ab1626f485b36c4f3650b1d351839?s=96&d=mm&r=g","contentUrl":"https:\/\/secure.gravatar.com\/avatar\/bf4ab1626f485b36c4f3650b1d351839?s=96&d=mm&r=g","caption":"PRESS"},"url":"http:\/\/film-mag.net\/wp\/?author=8"}]}},"_links":{"self":[{"href":"http:\/\/film-mag.net\/wp\/index.php?rest_route=\/wp\/v2\/posts\/41839","targetHints":{"allow":["GET"]}}],"collection":[{"href":"http:\/\/film-mag.net\/wp\/index.php?rest_route=\/wp\/v2\/posts"}],"about":[{"href":"http:\/\/film-mag.net\/wp\/index.php?rest_route=\/wp\/v2\/types\/post"}],"author":[{"embeddable":true,"href":"http:\/\/film-mag.net\/wp\/index.php?rest_route=\/wp\/v2\/users\/8"}],"replies":[{"embeddable":true,"href":"http:\/\/film-mag.net\/wp\/index.php?rest_route=%2Fwp%2Fv2%2Fcomments&post=41839"}],"version-history":[{"count":1,"href":"http:\/\/film-mag.net\/wp\/index.php?rest_route=\/wp\/v2\/posts\/41839\/revisions"}],"predecessor-version":[{"id":41840,"href":"http:\/\/film-mag.net\/wp\/index.php?rest_route=\/wp\/v2\/posts\/41839\/revisions\/41840"}],"wp:attachment":[{"href":"http:\/\/film-mag.net\/wp\/index.php?rest_route=%2Fwp%2Fv2%2Fmedia&parent=41839"}],"wp:term":[{"taxonomy":"category","embeddable":true,"href":"http:\/\/film-mag.net\/wp\/index.php?rest_route=%2Fwp%2Fv2%2Fcategories&post=41839"},{"taxonomy":"post_tag","embeddable":true,"href":"http:\/\/film-mag.net\/wp\/index.php?rest_route=%2Fwp%2Fv2%2Ftags&post=41839"}],"curies":[{"name":"wp","href":"https:\/\/api.w.org\/{rel}","templated":true}]}}