{"id":41528,"date":"2020-01-20T23:55:49","date_gmt":"2020-01-20T22:55:49","guid":{"rendered":"http:\/\/film-mag.net\/wp\/?p=41528"},"modified":"2020-01-21T00:00:53","modified_gmt":"2020-01-20T23:00:53","slug":"multimedijalna-predstava-osoba-s-intelektualnim-ostecenjima","status":"publish","type":"post","link":"http:\/\/film-mag.net\/wp\/?p=41528","title":{"rendered":"Multimedijalna predstava osoba s intelektualnim o\u0161te\u0107enjima"},"content":{"rendered":"<p style=\"text-align: justify;\"><strong>Me\u0111unarodni kazali\u0161ni projekt Yes We Are In (Erasmus+)<\/strong><\/p>\n<p style=\"text-align: justify;\">Centar za kulturu Tre\u0161njevka od 12. do 19. sije\u010dnja 2020. ugostio je 25 umjetnika s intelektualnim o\u0161te\u0107enjima iz Sjeverne Irske (University of Atypical, Belfast), Engleske (University of Woolverhampton), Finske (ACCAC, Tampere), Belgije (De Zeyp, Brussels) i Hrvatske (Centar za kulturu Tre\u0161njevka, Zagreb), kako bi odr\u017eali zajedni\u010dke probe za predstavu nastalu u skopu projekta &#8220;Yes We Are In&#8221;. Projekt je to koji poti\u010de umjetni\u010dko stvaranje i tehnolo\u0161ko obrazovanje osoba s intelektualnim o\u0161te\u0107enjima. Posebnost predstave koja \u0107e nastati kao rezultat rada na projektu je \u0161to \u0107e se izvoditi paralelno u pet zemalja te \u0107e u svakoj zemlji publika ostale \u010detiri zemlje gledati putem livestreama. Implementacija je to suvremenih tehnologija u kazali\u0161nu izvedbu, kakvu rijetko susre\u0107emo i u profesionalnim kazali\u0161tima u svijetu.<\/p>\n<p style=\"text-align: justify;\"><img decoding=\"async\" style=\"border: none; width: 100%;\" src=\" https:\/\/cekate.hr\/wp-content\/uploads\/2020\/01\/IMG_8482-600x450.jpg \" \/><\/p>\n<p style=\"text-align: justify;\">Fotografiju ustupio CeKaTe<\/p>\n<p style=\"text-align: justify;\">Prve zajedni\u010de probe odr\u017eale su se pro\u0161loga sije\u010dnja u De Hanu u Belgiji, a kao i pro\u0161lotjedne probe u Zagrebu odvile su se bod budnim okom glavne redateljice Dahlije Pessemiers (Belgija) te koredatelja Davida Calverta (Sjeverna Irska), Wendy Harper (Engleska), Jarma Sk\u00f6na (Finska), Emilie De Roo (Belgija) te Frane Marije Vrankovi\u0107 i Lovre Krsnika (Hrvatska).<\/p>\n<div id=\"fb-root\"><\/div>\n<p><script async=\"1\" defer=\"1\" crossorigin=\"anonymous\" src=\"https:\/\/connect.facebook.net\/hr_HR\/sdk.js#xfbml=1&amp;version=v5.0\"><\/script><\/p>\n<div class=\"fb-video\" data-href=\"https:\/\/www.facebook.com\/YesWeAreInErasmusK2\/videos\/623183114908931\/\" data-width=\"1080\">\n<blockquote cite=\"https:\/\/www.facebook.com\/YesWeAreInErasmusK2\/videos\/623183114908931\/\" class=\"fb-xfbml-parse-ignore\"><p><a href=\"https:\/\/www.facebook.com\/YesWeAreInErasmusK2\/videos\/623183114908931\/\">Zagreb C4 Workshop (10 min)<\/a><\/p>\n<p>What a week full of learning and friendship. It was a privilege to be hosts for our friends and partners from England, Northern Ireland, Finland and Belgium. We are looking forward to the first Livestream rehearsal! Here is a 10 minutes video of our week in Zagreb! \u2764 &#8211; Team Zagreb<\/p>\n<p>Objavljuje <a href=\"https:\/\/www.facebook.com\/YesWeAreInErasmusK2\/\">Yes We Are In<\/a> u Petak, 17. sije\u010dnja 2020.<\/p><\/blockquote>\n<\/div>\n<p style=\"text-align: justify;\">Tjedan dana u Zagrebu ova me\u0111unarodna ekipa vje\u017ebala je komunikaciju putem livestreama te mogu\u0107nost igranja jedinstvene kazali\u0161ne scene na pet razli\u010ditih lokacija. Zahtjevan je to trogodi\u0161nji kazali\u0161ni eksperiment financiran iz Erazmus plus sredstava, \u010dija \u0107e finalna predstava biti izvedena u sije\u010dnju 2021. godine. Va\u017enost projekta prepoznao je Grad Zagreb pa su prezentaciji projekta nazo\u010dile g\u0111a. Marinka Bakula \u2013 An\u0111eli\u0107, pomo\u0107nica pro\u010delnice GU za socijalnu za\u0161titu i osobe s invaliditetom (koja \u0107e ujedno i pozdraviti), i g\u0111a. Suzica Bu\u0161ljeta, vi\u0161a stru\u010dna savjetnica pro\u010delnice GU za kulturu.<\/p>\n<p style=\"text-align: justify;\">Vi\u0161e o\u00a0projektu i kratke video snimke nalaze se na:\u00a0<a href=\"https:\/\/cekate.us13.list-manage.com\/track\/click?u=99876c082e7522c65c78003a4&amp;id=e03a7c0a82&amp;e=b386ed4e0a\" target=\"_blank\" rel=\"noopener noreferrer\" data-saferedirecturl=\"https:\/\/www.google.com\/url?q=https:\/\/cekate.us13.list-manage.com\/track\/click?u%3D99876c082e7522c65c78003a4%26id%3De03a7c0a82%26e%3Db386ed4e0a&amp;source=gmail&amp;ust=1579646399657000&amp;usg=AFQjCNHaRYZmLVvpO0mWRWgxG6jdFYCavA\">Yes We Are In<\/a><\/p>\n<p style=\"text-align: justify;\">[izvor informacije <a href=\"https:\/\/www.cekate.hr\/\"><strong>CeKaTe \u2013 Teatar na Tre\u0161njevci<\/strong><\/a>]<\/p>\n<p><iframe loading=\"lazy\" src=\"https:\/\/www.facebook.com\/plugins\/post.php?href=https%3A%2F%2Fwww.facebook.com%2Fmedia%2Fset%2F%3Fset%3Da.2848311578540830%26type%3D3&#038;width=500\" width=\"500\" height=\"669\" style=\"border:none;overflow:hidden\" scrolling=\"no\" frameborder=\"0\" allowTransparency=\"true\" allow=\"encrypted-media\"><\/iframe><\/p>\n<div id=\"fb_share_1\" style=\"float: right; margin-left: 10px;\"><a name=\"fb_share\" type=\"box_count\" share_url=\"http:\/\/film-mag.net\/wp\/?p=41528\" href=\"http:\/\/www.facebook.com\/sharer.php\">Share<\/a><\/div><div><script src=\"http:\/\/static.ak.fbcdn.net\/connect.php\/js\/FB.Share\" type=\"text\/javascript\"><\/script><\/div><div style=\"clear:both\"><\/div>","protected":false},"excerpt":{"rendered":"<p>Me\u0111unarodni kazali\u0161ni projekt Yes We Are In (Erasmus+) Centar za kulturu Tre\u0161njevka od 12. do 19. sije\u010dnja 2020. ugostio je 25 umjetnika s intelektualnim o\u0161te\u0107enjima iz Sjeverne Irske (University of Atypical, Belfast), Engleske (University of Woolverhampton), Finske (ACCAC, Tampere), Belgije (De Zeyp, Brussels) i Hrvatske (Centar za kulturu Tre\u0161njevka, Zagreb), kako bi odr\u017eali zajedni\u010dke probe [&hellip;]<\/p>\n","protected":false},"author":8,"featured_media":0,"comment_status":"closed","ping_status":"closed","sticky":false,"template":"","format":"standard","meta":{"_et_pb_use_builder":"","_et_pb_old_content":"","_et_gb_content_width":"","_editorskit_title_hidden":false,"_editorskit_reading_time":0,"_editorskit_is_block_options_detached":false,"_editorskit_block_options_position":"{}","footnotes":""},"categories":[36,10,27,279,17050],"tags":[14829,4662,20402,20403,236,904,20404],"class_list":["post-41528","post","type-post","status-publish","format-standard","hentry","category-kazalisne-najave","category-kazaliste","category-performance","category-ples-kazaliste","category-press","tag-cekate","tag-centar-za-kulturu-tresnjevka","tag-erasumus","tag-medunarodna-kazalisna-koprodukcija","tag-predstava","tag-radionica","tag-teatar-na-tresnjevci"],"yoast_head":"<!-- This site is optimized with the Yoast SEO plugin v24.6 - https:\/\/yoast.com\/wordpress\/plugins\/seo\/ -->\n<title>Multimedijalna predstava osoba s intelektualnim o\u0161te\u0107enjima - FILM-mag.net<\/title>\n<meta name=\"robots\" content=\"index, follow, max-snippet:-1, max-image-preview:large, max-video-preview:-1\" \/>\n<link rel=\"canonical\" href=\"http:\/\/film-mag.net\/wp\/?p=41528\" \/>\n<meta property=\"og:locale\" content=\"en_US\" \/>\n<meta property=\"og:type\" content=\"article\" \/>\n<meta property=\"og:title\" content=\"Multimedijalna predstava osoba s intelektualnim o\u0161te\u0107enjima - FILM-mag.net\" \/>\n<meta property=\"og:description\" content=\"Me\u0111unarodni kazali\u0161ni projekt Yes We Are In (Erasmus+) Centar za kulturu Tre\u0161njevka od 12. do 19. sije\u010dnja 2020. ugostio je 25 umjetnika s intelektualnim o\u0161te\u0107enjima iz Sjeverne Irske (University of Atypical, Belfast), Engleske (University of Woolverhampton), Finske (ACCAC, Tampere), Belgije (De Zeyp, Brussels) i Hrvatske (Centar za kulturu Tre\u0161njevka, Zagreb), kako bi odr\u017eali zajedni\u010dke probe [&hellip;]\" \/>\n<meta property=\"og:url\" content=\"http:\/\/film-mag.net\/wp\/?p=41528\" \/>\n<meta property=\"og:site_name\" content=\"FILM-mag.net\" \/>\n<meta property=\"article:published_time\" content=\"2020-01-20T22:55:49+00:00\" \/>\n<meta property=\"article:modified_time\" content=\"2020-01-20T23:00:53+00:00\" \/>\n<meta name=\"author\" content=\"PRESS\" \/>\n<meta name=\"twitter:card\" content=\"summary_large_image\" \/>\n<meta name=\"twitter:label1\" content=\"Written by\" \/>\n\t<meta name=\"twitter:data1\" content=\"PRESS\" \/>\n\t<meta name=\"twitter:label2\" content=\"Est. reading time\" \/>\n\t<meta name=\"twitter:data2\" content=\"2 minutes\" \/>\n<script type=\"application\/ld+json\" class=\"yoast-schema-graph\">{\"@context\":\"https:\/\/schema.org\",\"@graph\":[{\"@type\":\"WebPage\",\"@id\":\"http:\/\/film-mag.net\/wp\/?p=41528\",\"url\":\"http:\/\/film-mag.net\/wp\/?p=41528\",\"name\":\"Multimedijalna predstava osoba s intelektualnim o\u0161te\u0107enjima - FILM-mag.net\",\"isPartOf\":{\"@id\":\"http:\/\/film-mag.net\/wp\/#website\"},\"datePublished\":\"2020-01-20T22:55:49+00:00\",\"dateModified\":\"2020-01-20T23:00:53+00:00\",\"author\":{\"@id\":\"http:\/\/film-mag.net\/wp\/#\/schema\/person\/a8dd3a5b76a5bbde974e03510a205c2f\"},\"breadcrumb\":{\"@id\":\"http:\/\/film-mag.net\/wp\/?p=41528#breadcrumb\"},\"inLanguage\":\"en-US\",\"potentialAction\":[{\"@type\":\"ReadAction\",\"target\":[\"http:\/\/film-mag.net\/wp\/?p=41528\"]}]},{\"@type\":\"BreadcrumbList\",\"@id\":\"http:\/\/film-mag.net\/wp\/?p=41528#breadcrumb\",\"itemListElement\":[{\"@type\":\"ListItem\",\"position\":1,\"name\":\"Home\",\"item\":\"http:\/\/film-mag.net\/wp\/\"},{\"@type\":\"ListItem\",\"position\":2,\"name\":\"Multimedijalna predstava osoba s intelektualnim o\u0161te\u0107enjima\"}]},{\"@type\":\"WebSite\",\"@id\":\"http:\/\/film-mag.net\/wp\/#website\",\"url\":\"http:\/\/film-mag.net\/wp\/\",\"name\":\"FILM-mag.net\",\"description\":\"Prvi hrvatski portal o filmu i filmu bliskim podru\u010djima kulture\",\"potentialAction\":[{\"@type\":\"SearchAction\",\"target\":{\"@type\":\"EntryPoint\",\"urlTemplate\":\"http:\/\/film-mag.net\/wp\/?s={search_term_string}\"},\"query-input\":{\"@type\":\"PropertyValueSpecification\",\"valueRequired\":true,\"valueName\":\"search_term_string\"}}],\"inLanguage\":\"en-US\"},{\"@type\":\"Person\",\"@id\":\"http:\/\/film-mag.net\/wp\/#\/schema\/person\/a8dd3a5b76a5bbde974e03510a205c2f\",\"name\":\"PRESS\",\"image\":{\"@type\":\"ImageObject\",\"inLanguage\":\"en-US\",\"@id\":\"http:\/\/film-mag.net\/wp\/#\/schema\/person\/image\/\",\"url\":\"https:\/\/secure.gravatar.com\/avatar\/bf4ab1626f485b36c4f3650b1d351839?s=96&d=mm&r=g\",\"contentUrl\":\"https:\/\/secure.gravatar.com\/avatar\/bf4ab1626f485b36c4f3650b1d351839?s=96&d=mm&r=g\",\"caption\":\"PRESS\"},\"url\":\"http:\/\/film-mag.net\/wp\/?author=8\"}]}<\/script>\n<!-- \/ Yoast SEO plugin. -->","yoast_head_json":{"title":"Multimedijalna predstava osoba s intelektualnim o\u0161te\u0107enjima - FILM-mag.net","robots":{"index":"index","follow":"follow","max-snippet":"max-snippet:-1","max-image-preview":"max-image-preview:large","max-video-preview":"max-video-preview:-1"},"canonical":"http:\/\/film-mag.net\/wp\/?p=41528","og_locale":"en_US","og_type":"article","og_title":"Multimedijalna predstava osoba s intelektualnim o\u0161te\u0107enjima - FILM-mag.net","og_description":"Me\u0111unarodni kazali\u0161ni projekt Yes We Are In (Erasmus+) Centar za kulturu Tre\u0161njevka od 12. do 19. sije\u010dnja 2020. ugostio je 25 umjetnika s intelektualnim o\u0161te\u0107enjima iz Sjeverne Irske (University of Atypical, Belfast), Engleske (University of Woolverhampton), Finske (ACCAC, Tampere), Belgije (De Zeyp, Brussels) i Hrvatske (Centar za kulturu Tre\u0161njevka, Zagreb), kako bi odr\u017eali zajedni\u010dke probe [&hellip;]","og_url":"http:\/\/film-mag.net\/wp\/?p=41528","og_site_name":"FILM-mag.net","article_published_time":"2020-01-20T22:55:49+00:00","article_modified_time":"2020-01-20T23:00:53+00:00","author":"PRESS","twitter_card":"summary_large_image","twitter_misc":{"Written by":"PRESS","Est. reading time":"2 minutes"},"schema":{"@context":"https:\/\/schema.org","@graph":[{"@type":"WebPage","@id":"http:\/\/film-mag.net\/wp\/?p=41528","url":"http:\/\/film-mag.net\/wp\/?p=41528","name":"Multimedijalna predstava osoba s intelektualnim o\u0161te\u0107enjima - FILM-mag.net","isPartOf":{"@id":"http:\/\/film-mag.net\/wp\/#website"},"datePublished":"2020-01-20T22:55:49+00:00","dateModified":"2020-01-20T23:00:53+00:00","author":{"@id":"http:\/\/film-mag.net\/wp\/#\/schema\/person\/a8dd3a5b76a5bbde974e03510a205c2f"},"breadcrumb":{"@id":"http:\/\/film-mag.net\/wp\/?p=41528#breadcrumb"},"inLanguage":"en-US","potentialAction":[{"@type":"ReadAction","target":["http:\/\/film-mag.net\/wp\/?p=41528"]}]},{"@type":"BreadcrumbList","@id":"http:\/\/film-mag.net\/wp\/?p=41528#breadcrumb","itemListElement":[{"@type":"ListItem","position":1,"name":"Home","item":"http:\/\/film-mag.net\/wp\/"},{"@type":"ListItem","position":2,"name":"Multimedijalna predstava osoba s intelektualnim o\u0161te\u0107enjima"}]},{"@type":"WebSite","@id":"http:\/\/film-mag.net\/wp\/#website","url":"http:\/\/film-mag.net\/wp\/","name":"FILM-mag.net","description":"Prvi hrvatski portal o filmu i filmu bliskim podru\u010djima kulture","potentialAction":[{"@type":"SearchAction","target":{"@type":"EntryPoint","urlTemplate":"http:\/\/film-mag.net\/wp\/?s={search_term_string}"},"query-input":{"@type":"PropertyValueSpecification","valueRequired":true,"valueName":"search_term_string"}}],"inLanguage":"en-US"},{"@type":"Person","@id":"http:\/\/film-mag.net\/wp\/#\/schema\/person\/a8dd3a5b76a5bbde974e03510a205c2f","name":"PRESS","image":{"@type":"ImageObject","inLanguage":"en-US","@id":"http:\/\/film-mag.net\/wp\/#\/schema\/person\/image\/","url":"https:\/\/secure.gravatar.com\/avatar\/bf4ab1626f485b36c4f3650b1d351839?s=96&d=mm&r=g","contentUrl":"https:\/\/secure.gravatar.com\/avatar\/bf4ab1626f485b36c4f3650b1d351839?s=96&d=mm&r=g","caption":"PRESS"},"url":"http:\/\/film-mag.net\/wp\/?author=8"}]}},"_links":{"self":[{"href":"http:\/\/film-mag.net\/wp\/index.php?rest_route=\/wp\/v2\/posts\/41528","targetHints":{"allow":["GET"]}}],"collection":[{"href":"http:\/\/film-mag.net\/wp\/index.php?rest_route=\/wp\/v2\/posts"}],"about":[{"href":"http:\/\/film-mag.net\/wp\/index.php?rest_route=\/wp\/v2\/types\/post"}],"author":[{"embeddable":true,"href":"http:\/\/film-mag.net\/wp\/index.php?rest_route=\/wp\/v2\/users\/8"}],"replies":[{"embeddable":true,"href":"http:\/\/film-mag.net\/wp\/index.php?rest_route=%2Fwp%2Fv2%2Fcomments&post=41528"}],"version-history":[{"count":2,"href":"http:\/\/film-mag.net\/wp\/index.php?rest_route=\/wp\/v2\/posts\/41528\/revisions"}],"predecessor-version":[{"id":41530,"href":"http:\/\/film-mag.net\/wp\/index.php?rest_route=\/wp\/v2\/posts\/41528\/revisions\/41530"}],"wp:attachment":[{"href":"http:\/\/film-mag.net\/wp\/index.php?rest_route=%2Fwp%2Fv2%2Fmedia&parent=41528"}],"wp:term":[{"taxonomy":"category","embeddable":true,"href":"http:\/\/film-mag.net\/wp\/index.php?rest_route=%2Fwp%2Fv2%2Fcategories&post=41528"},{"taxonomy":"post_tag","embeddable":true,"href":"http:\/\/film-mag.net\/wp\/index.php?rest_route=%2Fwp%2Fv2%2Ftags&post=41528"}],"curies":[{"name":"wp","href":"https:\/\/api.w.org\/{rel}","templated":true}]}}