{"id":41377,"date":"2020-01-03T16:44:57","date_gmt":"2020-01-03T15:44:57","guid":{"rendered":"http:\/\/film-mag.net\/wp\/?p=41377"},"modified":"2020-01-06T11:16:59","modified_gmt":"2020-01-06T10:16:59","slug":"izlozba-emil-robert-tanay-retrospektiva-u-muzeju-mimara","status":"publish","type":"post","link":"http:\/\/film-mag.net\/wp\/?p=41377","title":{"rendered":"Izlo\u017eba &#8216;Emil Robert Tanay &#8211; Retrospektiva&#8217; u Muzeju Mimara"},"content":{"rendered":"<p style=\"text-align: justify;\">Otvorenje retrospektivne izlo\u017ebe Emila Roberta Tanaya prema koncepciji Daniele Pal Bu\u010dan, odr\u017eat \u0107e se u \u010detvrtak 9. sije\u010dnja 2020. u 19 sati u Muzeju Mimara, Rooseveltov trg 5. Izlo\u017eba ostaje otvorena do 5. velja\u010de 2020. Tijekom otvorenja izlo\u017ebe bit \u0107e izvedena praizvedba skladbe za violon\u010delo solo <i>Neki se vole pokazivati<\/i>, autora Thomasa Buri\u0107a.<\/p>\n<p style=\"text-align: justify;\"><img decoding=\"async\" style=\"border: none; width: 100%;\" src=\" http:\/\/www.mdc.hr\/files\/g\/1-103674\/Muzej-Mimara.JPG \" \/><\/p>\n<p style=\"text-align: justify;\">Emil Robert Tanay, Ti\u0161ina, ulje na platnu, 140&#215;130 cm, 1976. ; Fotografiju ustupio MDC<\/p>\n<p style=\"text-align: justify;\">Izlo\u017eba obuhva\u0107a slike i crte\u017ee koji su nastajali u razdoblju od po\u010detka sedamdesetih godina dvadesetog stolje\u0107a, sve do najnovijih autorovih radova. Kao slikar visoke tehni\u010dko-tehnolo\u0161ke i izvedbene mo\u0107i, profilirane i prepoznatljive likovne poetike, Tanay je bio nagra\u0111ivan za\u010dajnim strukovnim nagradama (1. nagrada na VI. biennalu mladih u Rijeci), pra\u0107en uglednim perima na\u0161e likovne kritike (Tonko Maroevi\u0107) i kao takav prepoznat kao istaknuti pojedinac na na\u0161oj likovnoj sceni, unato\u010d istodobnom pripadni\u0161tvu kolektivu grupe Biafra. U odnosu na dru\u0161tveni anga\u017eman te grupe, kao i na prevladavaju\u0107i ekspresivno-groteskni likovni nazivnik djela njenih \u010dlanova, Tanay se odlikovao refleksivnom, kontemplativnom karakternom crtom, koja je svoj idealan izraz bila prona\u0161la u egzistencijalno intoniranim radovima, \u0161to su tematizirali iskustvo \u010dovjekove otu\u0111enosti, njegove \u201esamo\u0107e i nemo\u0107i\u201c. (Maroevi\u0107). Taj je rano oblikovani i dozreli umjetni\u010dki izri\u010daj vremenom do\u017eivio preobrazbu kako na tematskoj, odnosno motivi\u010dkoj, tako i na likovno-oblikovnoj razini. U djelima poznog razdoblja Tanay se okre\u0107e slavonskom i dalmatinskom krajoliku da bi, u izravnom su\u010deljenju s promatranim motivom, ostvario prizore pro\u017eete sna\u017enim i gipkim duktusom, \u017eivim koloritom i dinami\u010dnim likovnim ritmom. Raznovrsnom paletom stilskih i izra\u017eajnih sastavnica Tanayevo djelo u svim svojim ina\u010dicama svjedo\u010di o autoru izvornog senzibiliteta, slikaru koji je autenti\u010dne metierske doma\u0161aje bio kadar zaodjenuti osebujnom poetskom vizijom.<\/p>\n<p style=\"text-align: justify;\"><strong>Izlo\u017eba<\/strong><br \/>\n<strong>Emil Robert Tanay<\/strong><br \/>\nakademski slikar profesor emeritus<br \/>\nRetrospektiva<br \/>\nMuzej Mimara, Rooseveltov trg 5<br \/>\nsije\u010dnja \u2013 5. velja\u010de 2020.<\/p>\n<p style=\"text-align: justify;\"><strong>\u017dIVOTOPIS:<\/strong><br \/>\nEmil Robert Tanay ro\u0111en je 7. o\u017eujka 1944. u Zagrebu. Na slikarskom odsjeku Akademije likovnih umjetnosti Sveu\u010dili\u0161ta u Zagrebu diplomirao je 1967. godine. Od 1967. do 1972. suradnik je Majstorske radionice profesora Krste Hegedu\u0161i\u0107a. Specijalizira fresco slikarstvo na Akademiji lijepih umjetnosti u Rimu 1974. Do 1982. godine profesor je na \u0160koli primijenjenih umjetnosti u Zagrebu. Od 1982. savjetnik u Republi\u010dkom zavodu za prosvjetno-pedago\u0161ku slu\u017ebu Hrvatske. Od 1988. docent na Nastavni\u010dkom odsjeku gdje je od 1993. do 2014. redoviti profesor u stalnom zvanju metodike likovnog odgoja i obrazovanja na Akademiji likovnih umjetnosti u Zagrebu. Emil Robert Tanay samostalno je izlagao u zemlji i inozemstvu te sudjelovao na brojnim skupnim izlo\u017ebama. Dobitnik je I. nagrade za slikarstvo na V. Bijenalu mladih u Rijeci 1971., a 1974. dobitnik je nagrade za slikarstvo na VII. Salonu mladih u Zagrebu. Osim slikarskog rada bavi se istra\u017eivanjima na podru\u010dju metodike nastave likovnog odgoja i obrazovanja poticanjem likovnih sposobnosti darovite djece. Predsjednik je Udruge hrvatskih u\u010ditelja likovne izobrazbe, te potpredsjednik Svjetske organizacije za odgoj putem umjetnosti InSEA (2003-2008.). 2001. odlikovan je me\u0111unarodnom Ziegfeldovom nagradom koju dodjeljuje Ameri\u010dka udruga za odgoj putem umjetnosti &#8211; USSEA, za ukupnost doprinosa me\u0111unarodnom likovnom odgoju i obrazovanju. Od 2003. do 2004. prodekan je Akademije likovnih umjetnosti u Zagrebu. Voditelj je Koordinacije Ministarstva znanosti, obrazovanja i \u0161porta za izradu Hrvatskog nacionalnog obrazovnog standarda za umjetni\u010dko podru\u010dje. Od 2016. godine profesor emeritus Sveu\u010dili\u0161ta u Zagrebu.<\/p>\n<p style=\"text-align: justify;\"><strong>ME\u0110UNARODNA PRIZNANJA I NAGRADE<\/strong><br \/>\n2001. USSEA \u2013 Ziegfeld International Award, New York, N.Y.<br \/>\nThe Edwin Ziegfeld Award For Distinguished International Leadership in Art Education, United States Society for Education through Art (USSEA).<br \/>\n\u2013 Ziegfeldova me\u0111unarodna nagrada koju dodjeljuje Ameri\u010dka udruga za obrazovanje putem umjetnosti \u2013 USSEA za izuzetan doprinos me\u0111unarodnom likovnom obrazovanju.<\/p>\n<p style=\"text-align: justify;\"><strong>DR\u017dAVNA PRIZNANJA I NAGRADE<\/strong><br \/>\n1972. 1. nagrada za slikarstvo, VI Biennale mladih Jugoslavije, Rijeka 1974. Zagreb, Salon mladih, nagrada za slikarstvo<br \/>\n1999. Odlikovan redom Danice hrvatske s likom Marka Maruli\u0107a za osobite zasluge u kulturi<\/p>\n<p style=\"text-align: justify;\"><strong>SAMOSTALNE IZLO\u017dBE<\/strong><\/p>\n<p style=\"text-align: justify;\">1967. \u2013 Po\u017eega, Muzej grada<br \/>\n1969. \u2013 Po\u017eega, Muzej grada<br \/>\n1971. \u2013 Po\u017eega, Gradska \u010ditaonica<br \/>\n1971. \u2013 Zagreb, Galerija \u201cDubrava\u201d<br \/>\n1973. \u2013 Ljubljana, \u201cMestna galerija\u201d<br \/>\n1976. \u2013 Zagreb, Galerija \u201cIzlog\u201d<br \/>\n1980. \u2013 Zagreb, Studio galerije \u201cForum\u201d<br \/>\n1985. \u2013 Selce, Galerija \u201cTo\u010d\u201d<br \/>\n1988. \u2013 Zagreb, Galerija Zagreb<br \/>\n1989. \u2013 Stari Grad, Galerija Sv. Jerolim<br \/>\n1990. \u2013 Po\u017eega, Muzej grada<br \/>\n1990. \u2013 Stari Grad, Galerija Sv. Jerolim<br \/>\n1990. \u2013 Tilburg, Academie Voor Beeldende Vorming, Nizozemska<br \/>\n1991. \u2013 Stari Grad, Galerija Sv. Jerolim<br \/>\n1992. \u2013 Tilburg, Academie Voor Beeldende Vorming, Nizozemska<br \/>\n2000. \u2013 Zagreb, Galerija \u0160ovagovi\u0107<br \/>\n2000. \u2013 Velika Gorica, Galerija Kordi\u0107<br \/>\n2000. \u2013 Stari Grad, Galerija Sveti Jerolim<br \/>\n2000. \u2013 Slavonski Brod, Privredna Banka<br \/>\n2000. \u2013 Po\u017eega \u2013 Muzej grada Po\u017eege<br \/>\n2005. \u2013 Stari Grad, Galerija Sveti Jerolim<br \/>\n2009. \u2013 Ghent, Ghent University<br \/>\n2013. \u2013 Stari Grad, Galerija Sveti Jerolim<br \/>\n2015. \u2013 Stari Grad, Galerija Sveti Jerolim<\/p>\n<p style=\"text-align: justify;\"><strong>SKUPNE IZLO\u017dBE<\/strong><\/p>\n<p style=\"text-align: justify;\">1967. \u2013 Zagreb, ULUH, Izlo\u017eba mladih<br \/>\n1968.<br \/>\n\u2013 Zagreb, Goranovo prolje\u0107e<br \/>\n\u2013 Zagreb, Salon mladih<br \/>\n\u2013 Sloven gradec, Me\u0111unarodna izlo\u017eba<br \/>\n1969.<br \/>\n\u2013 Gro\u017enjan, Ateljerski susret majstorskih radionica<br \/>\n\u2013 Zagreb, II Salon mladih<br \/>\n\u2013 Biograd n\/m<br \/>\n1970. \u2013 Zagreb, Ateljerski susret majstorskih radionica<br \/>\n\u2013 Zagreb, Goranovo prolje\u0107e<br \/>\n\u2013 Beograd, Dom omladine<br \/>\n\u2013 Banja Luka<br \/>\n\u2013 Piran, Gro\u017enjanski umjetnici<br \/>\n1971.<br \/>\n\u2013 Zagreb, V izlo\u017eba ateljea Hegedu\u0161i\u0107<br \/>\n\u2013 VI Zagreba\u010dki salon, Vinkovci, Umjetni\u010dka galerija<br \/>\n\u2013 Barcelona, X premi International Dibuix Juan Miro<br \/>\n\u2013 Sisak, Galerija Centra Doma JNA<br \/>\n\u2013 Novi Sad, Novembarski salon<br \/>\n\u2013 Rijeka, VI Biennale mladih Jugoslavije<br \/>\n\u2013 Zagreb, IV Salon mladih<br \/>\n\u2013 Gro\u017enjan, Galerija \u201cT\u201d \u2013 70<br \/>\n\u2013 Laguna Beach, Cowan Gallery, Calif., USA<br \/>\n1972.<br \/>\n\u2013 Zagreb, Ateljerski susret<br \/>\n\u2013 Zagreb, Izlo\u017eba grupe \u201cBiafra\u201d<br \/>\n\u2013 VII zagreba\u010dki salon<br \/>\n\u2013 Maribor, Izlo\u017eba suradnika majstorske radionice K. Hegedu\u0161i\u0107a<br \/>\n\u2013 Tuzla, Izlo\u017eba jugoslavenskog portreta<br \/>\n\u2013 Zagreb, Salon mladih<br \/>\n\u2013 Barcelona, XI Premi International Dibuix Juan Miro<br \/>\n\u2013 Zagreb, Izlo\u017eba grupe \u201cBiafra\u201d<br \/>\n1973.<br \/>\n\u2013 Zagreb, VIII Zagreba\u010dki salon<br \/>\n\u2013 Rijeka, VII Biennale mladih<br \/>\n\u2013 Annale, Pore\u010d<br \/>\n\u2013 \u201cBiafra\u201d \u2013 Zagreb, Prolaz Neboder<br \/>\n\u2013 Nova Gradi\u0161ka \u2013 Izlo\u017eba kolonije \u201cStrmac 73\u201d<br \/>\n1974.<br \/>\n\u2013 Split, Karlovac, Osijek \u2013 \u201cBiafra\u201d<br \/>\n\u2013 IX Zagreba\u010dki salon<br \/>\n\u2013 Zagreb, Salon mladih<br \/>\n\u2013 Rijeka, Me\u0111unarodna izlo\u017eba crte\u017ea<br \/>\n\u2013 Likovne teme danas \u2013 Zagreb<br \/>\n1975.<br \/>\n\u2013 Rijeka, VIII Biennale mladih<br \/>\n\u2013 Zagreb, Biafra \u2013 Otvoreni atelje<br \/>\n\u2013 Sarajevo, Beograd, Tuzla, Izlo\u017eba jugoslavenskog portreta<br \/>\n\u2013 Slovengradec \u2013 \u201cMir in prijateljstvo med narodi\u201d (Me\u0111unarodna izlo\u017eba)<br \/>\n1976.<br \/>\n\u2013 Zagreb, II postav suvremene hrvatske likovne umjetnosti<br \/>\n\u2013 Tunis, Mlada jugoslavenska umjetnost<br \/>\n\u2013 Kairo, Mlada jugoslavenska umjetnost<br \/>\n1981. \u2013 Zagreba\u010dki salon<br \/>\n1982. \u2013 Jugoslavenska izlo\u017eba crte\u017ea, Kabinet grafike Zagreb<br \/>\n1991. \u2013 Umjetnici ranjenoj Hrvatskoj, Knji\u017eara \u201cMladost\u201d, Masarykova 25<br \/>\n1992.<br \/>\n\u2013 Umjetnici ranjenoj Hrvatskoj, Knji\u017eara \u201cMladost\u201d, Masarykova 25<br \/>\n\u2013 Umjetnici bolnici \u2013 Slavonski Brod<br \/>\n\u2013 Uskrs u Hrvata, Muzej za umjetnost i obrt, Zagreb<br \/>\n\u2013 Galerija Mimara, Sveti Vlaho za Dubrovnik<br \/>\n\u2013 Dobrotvorna izlo\u017eba za invalide rata Hrvatske, HPF, Muzej za umjetnost i obrt, Zagreb<br \/>\n\u2013 Izlo\u017eba Biafre, Muzejski prostor, Zagreb<br \/>\n\u2013 Akvarelisti\u010dka kolonija Sava (izbor iz fundusa), Muzejsko\u2013Galerijski Centar, Zagreb<br \/>\n1993. \u2013 Izlo\u017eba organizirana za pomo\u0107 obiteljima poginulih branitelja Po\u017ee\u0161ko-Slavonske brigade \u2013 Izlo\u017eba likovnih umjetnika Hrvatske u Singenu, Hechingenu i Freisburgu, Njema\u010dka<br \/>\n1994. \u2013 Izlo\u017eba likovnih umjetnika; Organizator: Dru\u0161tvo hrvatsko-njema\u010dkog prijateljstva, Njema\u010dka<br \/>\n1994. \u2013 Galerija \u201cSebastian\u201d, Dubrovnik.<br \/>\n2000. \u2013 Izlo\u017eba Slavonski trijenale \u2013 Osijek \u2013 Galerija umjetnosti<br \/>\n2001. \u2013 Trijenale akvarela Slavonski Brod i Karlovac<br \/>\n2003. \u2013 Zagreb, Zra\u010dna luka, AIR ART \u2013 Zbirka Politeo Faros<br \/>\n2007. \u2013 \u0110akovo, likovna kolonija<\/p>\n<p style=\"text-align: justify;\">[izvor informacije\u00a0<a href=\"http:\/\/www.mimara.hr\/\"><strong>Muzej Mimara<\/strong><\/a>]<\/p>\n<p style=\"text-align: justify;\"><iframe loading=\"lazy\" style=\"border: none; overflow: hidden;\" src=\"https:\/\/www.facebook.com\/plugins\/post.php?href=https%3A%2F%2Fwww.facebook.com%2Fmedia%2Fset%2F%3Fset%3Da.2810049609033694%26type%3D3&amp;width=500\" width=\"500\" height=\"669\" frameborder=\"0\" scrolling=\"no\"><\/iframe><\/p>\n<div id=\"fb_share_1\" style=\"float: right; margin-left: 10px;\"><a name=\"fb_share\" type=\"box_count\" share_url=\"http:\/\/film-mag.net\/wp\/?p=41377\" href=\"http:\/\/www.facebook.com\/sharer.php\">Share<\/a><\/div><div><script src=\"http:\/\/static.ak.fbcdn.net\/connect.php\/js\/FB.Share\" type=\"text\/javascript\"><\/script><\/div><div style=\"clear:both\"><\/div>","protected":false},"excerpt":{"rendered":"<p>Otvorenje retrospektivne izlo\u017ebe Emila Roberta Tanaya prema koncepciji Daniele Pal Bu\u010dan, odr\u017eat \u0107e se u \u010detvrtak 9. sije\u010dnja 2020. u 19 sati u Muzeju Mimara, Rooseveltov trg 5. Izlo\u017eba ostaje otvorena do 5. velja\u010de 2020. Tijekom otvorenja izlo\u017ebe bit \u0107e izvedena praizvedba skladbe za violon\u010delo solo Neki se vole pokazivati, autora Thomasa Buri\u0107a. Emil Robert [&hellip;]<\/p>\n","protected":false},"author":8,"featured_media":0,"comment_status":"closed","ping_status":"closed","sticky":false,"template":"","format":"standard","meta":{"_et_pb_use_builder":"","_et_pb_old_content":"","_et_gb_content_width":"","_editorskit_title_hidden":false,"_editorskit_reading_time":0,"_editorskit_is_block_options_detached":false,"_editorskit_block_options_position":"{}","footnotes":""},"categories":[64,13,17050],"tags":[20351,142,6290],"class_list":["post-41377","post","type-post","status-publish","format-standard","hentry","category-izlozbe","category-likovnost","category-press","tag-emil-robert-tanay","tag-izlozbe-2","tag-muzej-mimara"],"yoast_head":"<!-- This site is optimized with the Yoast SEO plugin v24.6 - https:\/\/yoast.com\/wordpress\/plugins\/seo\/ -->\n<title>Izlo\u017eba &#039;Emil Robert Tanay - Retrospektiva&#039; u Muzeju Mimara - FILM-mag.net<\/title>\n<meta name=\"robots\" content=\"index, follow, max-snippet:-1, max-image-preview:large, max-video-preview:-1\" \/>\n<link rel=\"canonical\" href=\"http:\/\/film-mag.net\/wp\/?p=41377\" \/>\n<meta property=\"og:locale\" content=\"en_US\" \/>\n<meta property=\"og:type\" content=\"article\" \/>\n<meta property=\"og:title\" content=\"Izlo\u017eba &#039;Emil Robert Tanay - Retrospektiva&#039; u Muzeju Mimara - FILM-mag.net\" \/>\n<meta property=\"og:description\" content=\"Otvorenje retrospektivne izlo\u017ebe Emila Roberta Tanaya prema koncepciji Daniele Pal Bu\u010dan, odr\u017eat \u0107e se u \u010detvrtak 9. sije\u010dnja 2020. u 19 sati u Muzeju Mimara, Rooseveltov trg 5. Izlo\u017eba ostaje otvorena do 5. velja\u010de 2020. Tijekom otvorenja izlo\u017ebe bit \u0107e izvedena praizvedba skladbe za violon\u010delo solo Neki se vole pokazivati, autora Thomasa Buri\u0107a. Emil Robert [&hellip;]\" \/>\n<meta property=\"og:url\" content=\"http:\/\/film-mag.net\/wp\/?p=41377\" \/>\n<meta property=\"og:site_name\" content=\"FILM-mag.net\" \/>\n<meta property=\"article:published_time\" content=\"2020-01-03T15:44:57+00:00\" \/>\n<meta property=\"article:modified_time\" content=\"2020-01-06T10:16:59+00:00\" \/>\n<meta name=\"author\" content=\"PRESS\" \/>\n<meta name=\"twitter:card\" content=\"summary_large_image\" \/>\n<meta name=\"twitter:label1\" content=\"Written by\" \/>\n\t<meta name=\"twitter:data1\" content=\"PRESS\" \/>\n\t<meta name=\"twitter:label2\" content=\"Est. reading time\" \/>\n\t<meta name=\"twitter:data2\" content=\"6 minutes\" \/>\n<script type=\"application\/ld+json\" class=\"yoast-schema-graph\">{\"@context\":\"https:\/\/schema.org\",\"@graph\":[{\"@type\":\"WebPage\",\"@id\":\"http:\/\/film-mag.net\/wp\/?p=41377\",\"url\":\"http:\/\/film-mag.net\/wp\/?p=41377\",\"name\":\"Izlo\u017eba 'Emil Robert Tanay - Retrospektiva' u Muzeju Mimara - FILM-mag.net\",\"isPartOf\":{\"@id\":\"http:\/\/film-mag.net\/wp\/#website\"},\"datePublished\":\"2020-01-03T15:44:57+00:00\",\"dateModified\":\"2020-01-06T10:16:59+00:00\",\"author\":{\"@id\":\"http:\/\/film-mag.net\/wp\/#\/schema\/person\/a8dd3a5b76a5bbde974e03510a205c2f\"},\"breadcrumb\":{\"@id\":\"http:\/\/film-mag.net\/wp\/?p=41377#breadcrumb\"},\"inLanguage\":\"en-US\",\"potentialAction\":[{\"@type\":\"ReadAction\",\"target\":[\"http:\/\/film-mag.net\/wp\/?p=41377\"]}]},{\"@type\":\"BreadcrumbList\",\"@id\":\"http:\/\/film-mag.net\/wp\/?p=41377#breadcrumb\",\"itemListElement\":[{\"@type\":\"ListItem\",\"position\":1,\"name\":\"Home\",\"item\":\"http:\/\/film-mag.net\/wp\/\"},{\"@type\":\"ListItem\",\"position\":2,\"name\":\"Izlo\u017eba &#8216;Emil Robert Tanay &#8211; Retrospektiva&#8217; u Muzeju Mimara\"}]},{\"@type\":\"WebSite\",\"@id\":\"http:\/\/film-mag.net\/wp\/#website\",\"url\":\"http:\/\/film-mag.net\/wp\/\",\"name\":\"FILM-mag.net\",\"description\":\"Prvi hrvatski portal o filmu i filmu bliskim podru\u010djima kulture\",\"potentialAction\":[{\"@type\":\"SearchAction\",\"target\":{\"@type\":\"EntryPoint\",\"urlTemplate\":\"http:\/\/film-mag.net\/wp\/?s={search_term_string}\"},\"query-input\":{\"@type\":\"PropertyValueSpecification\",\"valueRequired\":true,\"valueName\":\"search_term_string\"}}],\"inLanguage\":\"en-US\"},{\"@type\":\"Person\",\"@id\":\"http:\/\/film-mag.net\/wp\/#\/schema\/person\/a8dd3a5b76a5bbde974e03510a205c2f\",\"name\":\"PRESS\",\"image\":{\"@type\":\"ImageObject\",\"inLanguage\":\"en-US\",\"@id\":\"http:\/\/film-mag.net\/wp\/#\/schema\/person\/image\/\",\"url\":\"https:\/\/secure.gravatar.com\/avatar\/bf4ab1626f485b36c4f3650b1d351839?s=96&d=mm&r=g\",\"contentUrl\":\"https:\/\/secure.gravatar.com\/avatar\/bf4ab1626f485b36c4f3650b1d351839?s=96&d=mm&r=g\",\"caption\":\"PRESS\"},\"url\":\"http:\/\/film-mag.net\/wp\/?author=8\"}]}<\/script>\n<!-- \/ Yoast SEO plugin. -->","yoast_head_json":{"title":"Izlo\u017eba 'Emil Robert Tanay - Retrospektiva' u Muzeju Mimara - FILM-mag.net","robots":{"index":"index","follow":"follow","max-snippet":"max-snippet:-1","max-image-preview":"max-image-preview:large","max-video-preview":"max-video-preview:-1"},"canonical":"http:\/\/film-mag.net\/wp\/?p=41377","og_locale":"en_US","og_type":"article","og_title":"Izlo\u017eba 'Emil Robert Tanay - Retrospektiva' u Muzeju Mimara - FILM-mag.net","og_description":"Otvorenje retrospektivne izlo\u017ebe Emila Roberta Tanaya prema koncepciji Daniele Pal Bu\u010dan, odr\u017eat \u0107e se u \u010detvrtak 9. sije\u010dnja 2020. u 19 sati u Muzeju Mimara, Rooseveltov trg 5. Izlo\u017eba ostaje otvorena do 5. velja\u010de 2020. Tijekom otvorenja izlo\u017ebe bit \u0107e izvedena praizvedba skladbe za violon\u010delo solo Neki se vole pokazivati, autora Thomasa Buri\u0107a. Emil Robert [&hellip;]","og_url":"http:\/\/film-mag.net\/wp\/?p=41377","og_site_name":"FILM-mag.net","article_published_time":"2020-01-03T15:44:57+00:00","article_modified_time":"2020-01-06T10:16:59+00:00","author":"PRESS","twitter_card":"summary_large_image","twitter_misc":{"Written by":"PRESS","Est. reading time":"6 minutes"},"schema":{"@context":"https:\/\/schema.org","@graph":[{"@type":"WebPage","@id":"http:\/\/film-mag.net\/wp\/?p=41377","url":"http:\/\/film-mag.net\/wp\/?p=41377","name":"Izlo\u017eba 'Emil Robert Tanay - Retrospektiva' u Muzeju Mimara - FILM-mag.net","isPartOf":{"@id":"http:\/\/film-mag.net\/wp\/#website"},"datePublished":"2020-01-03T15:44:57+00:00","dateModified":"2020-01-06T10:16:59+00:00","author":{"@id":"http:\/\/film-mag.net\/wp\/#\/schema\/person\/a8dd3a5b76a5bbde974e03510a205c2f"},"breadcrumb":{"@id":"http:\/\/film-mag.net\/wp\/?p=41377#breadcrumb"},"inLanguage":"en-US","potentialAction":[{"@type":"ReadAction","target":["http:\/\/film-mag.net\/wp\/?p=41377"]}]},{"@type":"BreadcrumbList","@id":"http:\/\/film-mag.net\/wp\/?p=41377#breadcrumb","itemListElement":[{"@type":"ListItem","position":1,"name":"Home","item":"http:\/\/film-mag.net\/wp\/"},{"@type":"ListItem","position":2,"name":"Izlo\u017eba &#8216;Emil Robert Tanay &#8211; Retrospektiva&#8217; u Muzeju Mimara"}]},{"@type":"WebSite","@id":"http:\/\/film-mag.net\/wp\/#website","url":"http:\/\/film-mag.net\/wp\/","name":"FILM-mag.net","description":"Prvi hrvatski portal o filmu i filmu bliskim podru\u010djima kulture","potentialAction":[{"@type":"SearchAction","target":{"@type":"EntryPoint","urlTemplate":"http:\/\/film-mag.net\/wp\/?s={search_term_string}"},"query-input":{"@type":"PropertyValueSpecification","valueRequired":true,"valueName":"search_term_string"}}],"inLanguage":"en-US"},{"@type":"Person","@id":"http:\/\/film-mag.net\/wp\/#\/schema\/person\/a8dd3a5b76a5bbde974e03510a205c2f","name":"PRESS","image":{"@type":"ImageObject","inLanguage":"en-US","@id":"http:\/\/film-mag.net\/wp\/#\/schema\/person\/image\/","url":"https:\/\/secure.gravatar.com\/avatar\/bf4ab1626f485b36c4f3650b1d351839?s=96&d=mm&r=g","contentUrl":"https:\/\/secure.gravatar.com\/avatar\/bf4ab1626f485b36c4f3650b1d351839?s=96&d=mm&r=g","caption":"PRESS"},"url":"http:\/\/film-mag.net\/wp\/?author=8"}]}},"_links":{"self":[{"href":"http:\/\/film-mag.net\/wp\/index.php?rest_route=\/wp\/v2\/posts\/41377","targetHints":{"allow":["GET"]}}],"collection":[{"href":"http:\/\/film-mag.net\/wp\/index.php?rest_route=\/wp\/v2\/posts"}],"about":[{"href":"http:\/\/film-mag.net\/wp\/index.php?rest_route=\/wp\/v2\/types\/post"}],"author":[{"embeddable":true,"href":"http:\/\/film-mag.net\/wp\/index.php?rest_route=\/wp\/v2\/users\/8"}],"replies":[{"embeddable":true,"href":"http:\/\/film-mag.net\/wp\/index.php?rest_route=%2Fwp%2Fv2%2Fcomments&post=41377"}],"version-history":[{"count":3,"href":"http:\/\/film-mag.net\/wp\/index.php?rest_route=\/wp\/v2\/posts\/41377\/revisions"}],"predecessor-version":[{"id":41397,"href":"http:\/\/film-mag.net\/wp\/index.php?rest_route=\/wp\/v2\/posts\/41377\/revisions\/41397"}],"wp:attachment":[{"href":"http:\/\/film-mag.net\/wp\/index.php?rest_route=%2Fwp%2Fv2%2Fmedia&parent=41377"}],"wp:term":[{"taxonomy":"category","embeddable":true,"href":"http:\/\/film-mag.net\/wp\/index.php?rest_route=%2Fwp%2Fv2%2Fcategories&post=41377"},{"taxonomy":"post_tag","embeddable":true,"href":"http:\/\/film-mag.net\/wp\/index.php?rest_route=%2Fwp%2Fv2%2Ftags&post=41377"}],"curies":[{"name":"wp","href":"https:\/\/api.w.org\/{rel}","templated":true}]}}