{"id":3988,"date":"2012-08-27T00:22:19","date_gmt":"2012-08-26T22:22:19","guid":{"rendered":"http:\/\/film-mag.net\/wp\/?p=3988"},"modified":"2012-08-27T00:22:19","modified_gmt":"2012-08-26T22:22:19","slug":"opuzen-2012-animirani-off","status":"publish","type":"post","link":"http:\/\/film-mag.net\/wp\/?p=3988","title":{"rendered":"Opuzen 2012: Animirani OFF"},"content":{"rendered":"<p style=\"text-align: justify;\"><strong>ANIMIRANI OFF<\/strong><\/p>\n<p style=\"text-align: justify;\">Petak je posebice razveselio najmla\u0111e kako zbog predavanja o animaciji na\u0161eg ameri\u010dkog gosta s bostonskog instituta za umjetnost, animatora Matthewa Ducharmea tako i zbog projekcija 6 animiranih filmova u kinu \u201ePjaca\u201c.<\/p>\n<p style=\"text-align: justify;\">Najve\u0107e odu\u0161evljenje izazvala je lutkarska animacija <strong>\u201ePri\u010de s po\u010detka vremena\u201c Bo\u017eidara Trkulje<\/strong>, koji je ve\u0107 drugu godinu za redom gost festivala i ve\u0107 je postao prepoznatljivo festivalsko lice me\u0111u Opuzencima. Trkulja je uz nadasve simpati\u010dno predstavljanje filma, osmijeh najmla\u0111ih izmamio sa svojim gostima, dvije lutke odnosno dva sporedna glumca, kako ih je sam nazvao. Djeca su ih nakon projekcije mogla \u201eupoznati\u201c na promo pultu festivala, a Bo\u017eidar im je odgovarao na sva znati\u017eeljna pitanja.<\/p>\n<div class=\"mceTemp\" style=\"text-align: justify;\">\n<dl id=\"attachment_3989\" class=\"wp-caption alignnone\" style=\"width: 679px;\">\n<dt class=\"wp-caption-dt\"><a href=\"http:\/\/film-mag.net\/wp\/wp-content\/uploads\/2012\/08\/opuzen_2012_Animirani_OFF_Prije_pocetka_vremena.jpg\"><img loading=\"lazy\" decoding=\"async\" class=\"size-full wp-image-3989\" title=\"Lutke iz filma 'Prije po\u010detka vremena'\" src=\"http:\/\/film-mag.net\/wp\/wp-content\/uploads\/2012\/08\/opuzen_2012_Animirani_OFF_Prije_pocetka_vremena.jpg\" alt=\"Lutke iz filma 'Prije po\u010detka vremena'\" width=\"669\" height=\"446\" srcset=\"http:\/\/film-mag.net\/wp\/wp-content\/uploads\/2012\/08\/opuzen_2012_Animirani_OFF_Prije_pocetka_vremena.jpg 669w, http:\/\/film-mag.net\/wp\/wp-content\/uploads\/2012\/08\/opuzen_2012_Animirani_OFF_Prije_pocetka_vremena-300x200.jpg 300w\" sizes=\"auto, (max-width: 669px) 100vw, 669px\" \/><\/a><\/dt>\n<dd class=\"wp-caption-dd\">Lutke iz filma &#8216;Prije po\u010detka vremena&#8217;<\/dd>\n<\/dl>\n<\/div>\n<p style=\"text-align: justify;\">U sklopu selekcije animiranog filma prikazani su jo\u0161 i \u201eDove sei, amor mio\u201c, \u201eAlbert\u201c, \u201eMr. Dokker\u201c, \u201eKonstruktor\u201c i \u201eUltras\u201c. Nakon selekcije kratkog animiranog filma program se nastavio u ozbiljnijem tonu, filmom <strong>\u201eBelvedere\u201c bosanskog redatelja Ahmeda Imamovi\u0107a<\/strong>, izrazito dobro prihva\u0107enim od publike.<\/p>\n<p style=\"text-align: justify;\">Ni ova ve\u010der nije pro\u0161la bez potvrde da Opuzenci jako vole hrvatski film, dobrim odazivom u kinu \u201eRiva\u201c na hrvatskoj selekciji u sklopu koje su prikazana 4 kratkometra\u017ena i 1 dugometra\u017eni film. Zaklju\u010dene su likovna i filmska radionica. Uradci polaznika filmske radionice na velikom platnu biti \u0107e prikazani na zatvaranju festivala, dok \u0107e se radovi polaznika likovne radionice mo\u0107i kupiti na aukciji u prostoru Likovnog salona, u subotu od 18 sati. Novac prikupljen na aukciji biti \u0107e doniran udruzi \u201eUOSI\u201c.<\/p>\n<p style=\"text-align: justify;\">Post projekcijsko dru\u017eenje nastavljeno je u laganoj atmosferi uz Ivana Vragolovicha, poznatog hrvatskog blues gitarista.<\/p>\n<p style=\"text-align: justify;\">[izvor informacije\u00a0<strong><a href=\"http:\/\/opuzenfilmfestival.com\/web\/\">Opuzen Film Festival<\/a><\/strong>]<\/p>\n<div id=\"fb_share_1\" style=\"float: right; margin-left: 10px;\"><a name=\"fb_share\" type=\"box_count\" share_url=\"http:\/\/film-mag.net\/wp\/?p=3988\" href=\"http:\/\/www.facebook.com\/sharer.php\">Share<\/a><\/div><div><script src=\"http:\/\/static.ak.fbcdn.net\/connect.php\/js\/FB.Share\" type=\"text\/javascript\"><\/script><\/div><div style=\"clear:both\"><\/div>","protected":false},"excerpt":{"rendered":"<p>ANIMIRANI OFF Petak je posebice razveselio najmla\u0111e kako zbog predavanja o animaciji na\u0161eg ameri\u010dkog gosta s bostonskog instituta za umjetnost, animatora Matthewa Ducharmea tako i zbog projekcija 6 animiranih filmova u kinu \u201ePjaca\u201c. Najve\u0107e odu\u0161evljenje izazvala je lutkarska animacija \u201ePri\u010de s po\u010detka vremena\u201c Bo\u017eidara Trkulje, koji je ve\u0107 drugu godinu za redom gost festivala i [&hellip;]<\/p>\n","protected":false},"author":2,"featured_media":3989,"comment_status":"closed","ping_status":"closed","sticky":false,"template":"","format":"standard","meta":{"_et_pb_use_builder":"","_et_pb_old_content":"","_et_gb_content_width":"","_editorskit_title_hidden":false,"_editorskit_reading_time":0,"_editorskit_is_block_options_detached":false,"_editorskit_block_options_position":"{}","footnotes":""},"categories":[9,24,22],"tags":[757,94,779,758,759],"class_list":["post-3988","post","type-post","status-publish","format-standard","has-post-thumbnail","hentry","category-film","category-filmske-radionice","category-filmski-festivali","tag-filmske-radionice-2","tag-filmski-festivali-2","tag-lutkarski-film","tag-opuzen","tag-opuzen-film-festival"],"yoast_head":"<!-- This site is optimized with the Yoast SEO plugin v24.6 - https:\/\/yoast.com\/wordpress\/plugins\/seo\/ -->\n<title>Opuzen 2012: Animirani OFF - FILM-mag.net<\/title>\n<meta name=\"robots\" content=\"index, follow, max-snippet:-1, max-image-preview:large, max-video-preview:-1\" \/>\n<link rel=\"canonical\" href=\"http:\/\/film-mag.net\/wp\/?p=3988\" \/>\n<meta property=\"og:locale\" content=\"en_US\" \/>\n<meta property=\"og:type\" content=\"article\" \/>\n<meta property=\"og:title\" content=\"Opuzen 2012: Animirani OFF - FILM-mag.net\" \/>\n<meta property=\"og:description\" content=\"ANIMIRANI OFF Petak je posebice razveselio najmla\u0111e kako zbog predavanja o animaciji na\u0161eg ameri\u010dkog gosta s bostonskog instituta za umjetnost, animatora Matthewa Ducharmea tako i zbog projekcija 6 animiranih filmova u kinu \u201ePjaca\u201c. Najve\u0107e odu\u0161evljenje izazvala je lutkarska animacija \u201ePri\u010de s po\u010detka vremena\u201c Bo\u017eidara Trkulje, koji je ve\u0107 drugu godinu za redom gost festivala i [&hellip;]\" \/>\n<meta property=\"og:url\" content=\"http:\/\/film-mag.net\/wp\/?p=3988\" \/>\n<meta property=\"og:site_name\" content=\"FILM-mag.net\" \/>\n<meta property=\"article:published_time\" content=\"2012-08-26T22:22:19+00:00\" \/>\n<meta property=\"og:image\" content=\"http:\/\/film-mag.net\/wp\/wp-content\/uploads\/2012\/08\/opuzen_2012_Animirani_OFF_Prije_pocetka_vremena.jpg\" \/>\n\t<meta property=\"og:image:width\" content=\"669\" \/>\n\t<meta property=\"og:image:height\" content=\"446\" \/>\n\t<meta property=\"og:image:type\" content=\"image\/jpeg\" \/>\n<meta name=\"author\" content=\"Robert Juki\u0107\" \/>\n<meta name=\"twitter:card\" content=\"summary_large_image\" \/>\n<meta name=\"twitter:label1\" content=\"Written by\" \/>\n\t<meta name=\"twitter:data1\" content=\"Robert Juki\u0107\" \/>\n\t<meta name=\"twitter:label2\" content=\"Est. reading time\" \/>\n\t<meta name=\"twitter:data2\" content=\"1 minute\" \/>\n<script type=\"application\/ld+json\" class=\"yoast-schema-graph\">{\"@context\":\"https:\/\/schema.org\",\"@graph\":[{\"@type\":\"WebPage\",\"@id\":\"http:\/\/film-mag.net\/wp\/?p=3988\",\"url\":\"http:\/\/film-mag.net\/wp\/?p=3988\",\"name\":\"Opuzen 2012: Animirani OFF - FILM-mag.net\",\"isPartOf\":{\"@id\":\"http:\/\/film-mag.net\/wp\/#website\"},\"primaryImageOfPage\":{\"@id\":\"http:\/\/film-mag.net\/wp\/?p=3988#primaryimage\"},\"image\":{\"@id\":\"http:\/\/film-mag.net\/wp\/?p=3988#primaryimage\"},\"thumbnailUrl\":\"http:\/\/film-mag.net\/wp\/wp-content\/uploads\/2012\/08\/opuzen_2012_Animirani_OFF_Prije_pocetka_vremena.jpg\",\"datePublished\":\"2012-08-26T22:22:19+00:00\",\"author\":{\"@id\":\"http:\/\/film-mag.net\/wp\/#\/schema\/person\/e10d389a3570afa6990a544a560b5ddb\"},\"breadcrumb\":{\"@id\":\"http:\/\/film-mag.net\/wp\/?p=3988#breadcrumb\"},\"inLanguage\":\"en-US\",\"potentialAction\":[{\"@type\":\"ReadAction\",\"target\":[\"http:\/\/film-mag.net\/wp\/?p=3988\"]}]},{\"@type\":\"ImageObject\",\"inLanguage\":\"en-US\",\"@id\":\"http:\/\/film-mag.net\/wp\/?p=3988#primaryimage\",\"url\":\"http:\/\/film-mag.net\/wp\/wp-content\/uploads\/2012\/08\/opuzen_2012_Animirani_OFF_Prije_pocetka_vremena.jpg\",\"contentUrl\":\"http:\/\/film-mag.net\/wp\/wp-content\/uploads\/2012\/08\/opuzen_2012_Animirani_OFF_Prije_pocetka_vremena.jpg\",\"width\":\"669\",\"height\":\"446\",\"caption\":\"Lutke iz filma 'Prije po\u010detka vremena'\"},{\"@type\":\"BreadcrumbList\",\"@id\":\"http:\/\/film-mag.net\/wp\/?p=3988#breadcrumb\",\"itemListElement\":[{\"@type\":\"ListItem\",\"position\":1,\"name\":\"Home\",\"item\":\"http:\/\/film-mag.net\/wp\/\"},{\"@type\":\"ListItem\",\"position\":2,\"name\":\"Opuzen 2012: Animirani OFF\"}]},{\"@type\":\"WebSite\",\"@id\":\"http:\/\/film-mag.net\/wp\/#website\",\"url\":\"http:\/\/film-mag.net\/wp\/\",\"name\":\"FILM-mag.net\",\"description\":\"Prvi hrvatski portal o filmu i filmu bliskim podru\u010djima kulture\",\"potentialAction\":[{\"@type\":\"SearchAction\",\"target\":{\"@type\":\"EntryPoint\",\"urlTemplate\":\"http:\/\/film-mag.net\/wp\/?s={search_term_string}\"},\"query-input\":{\"@type\":\"PropertyValueSpecification\",\"valueRequired\":true,\"valueName\":\"search_term_string\"}}],\"inLanguage\":\"en-US\"},{\"@type\":\"Person\",\"@id\":\"http:\/\/film-mag.net\/wp\/#\/schema\/person\/e10d389a3570afa6990a544a560b5ddb\",\"name\":\"Robert Juki\u0107\",\"image\":{\"@type\":\"ImageObject\",\"inLanguage\":\"en-US\",\"@id\":\"http:\/\/film-mag.net\/wp\/#\/schema\/person\/image\/\",\"url\":\"https:\/\/secure.gravatar.com\/avatar\/9af3800a835f9caf36c524ed299e09ee?s=96&d=mm&r=g\",\"contentUrl\":\"https:\/\/secure.gravatar.com\/avatar\/9af3800a835f9caf36c524ed299e09ee?s=96&d=mm&r=g\",\"caption\":\"Robert Juki\u0107\"},\"url\":\"http:\/\/film-mag.net\/wp\/?author=2\"}]}<\/script>\n<!-- \/ Yoast SEO plugin. -->","yoast_head_json":{"title":"Opuzen 2012: Animirani OFF - FILM-mag.net","robots":{"index":"index","follow":"follow","max-snippet":"max-snippet:-1","max-image-preview":"max-image-preview:large","max-video-preview":"max-video-preview:-1"},"canonical":"http:\/\/film-mag.net\/wp\/?p=3988","og_locale":"en_US","og_type":"article","og_title":"Opuzen 2012: Animirani OFF - FILM-mag.net","og_description":"ANIMIRANI OFF Petak je posebice razveselio najmla\u0111e kako zbog predavanja o animaciji na\u0161eg ameri\u010dkog gosta s bostonskog instituta za umjetnost, animatora Matthewa Ducharmea tako i zbog projekcija 6 animiranih filmova u kinu \u201ePjaca\u201c. Najve\u0107e odu\u0161evljenje izazvala je lutkarska animacija \u201ePri\u010de s po\u010detka vremena\u201c Bo\u017eidara Trkulje, koji je ve\u0107 drugu godinu za redom gost festivala i [&hellip;]","og_url":"http:\/\/film-mag.net\/wp\/?p=3988","og_site_name":"FILM-mag.net","article_published_time":"2012-08-26T22:22:19+00:00","og_image":[{"width":669,"height":446,"url":"http:\/\/film-mag.net\/wp\/wp-content\/uploads\/2012\/08\/opuzen_2012_Animirani_OFF_Prije_pocetka_vremena.jpg","type":"image\/jpeg"}],"author":"Robert Juki\u0107","twitter_card":"summary_large_image","twitter_misc":{"Written by":"Robert Juki\u0107","Est. reading time":"1 minute"},"schema":{"@context":"https:\/\/schema.org","@graph":[{"@type":"WebPage","@id":"http:\/\/film-mag.net\/wp\/?p=3988","url":"http:\/\/film-mag.net\/wp\/?p=3988","name":"Opuzen 2012: Animirani OFF - FILM-mag.net","isPartOf":{"@id":"http:\/\/film-mag.net\/wp\/#website"},"primaryImageOfPage":{"@id":"http:\/\/film-mag.net\/wp\/?p=3988#primaryimage"},"image":{"@id":"http:\/\/film-mag.net\/wp\/?p=3988#primaryimage"},"thumbnailUrl":"http:\/\/film-mag.net\/wp\/wp-content\/uploads\/2012\/08\/opuzen_2012_Animirani_OFF_Prije_pocetka_vremena.jpg","datePublished":"2012-08-26T22:22:19+00:00","author":{"@id":"http:\/\/film-mag.net\/wp\/#\/schema\/person\/e10d389a3570afa6990a544a560b5ddb"},"breadcrumb":{"@id":"http:\/\/film-mag.net\/wp\/?p=3988#breadcrumb"},"inLanguage":"en-US","potentialAction":[{"@type":"ReadAction","target":["http:\/\/film-mag.net\/wp\/?p=3988"]}]},{"@type":"ImageObject","inLanguage":"en-US","@id":"http:\/\/film-mag.net\/wp\/?p=3988#primaryimage","url":"http:\/\/film-mag.net\/wp\/wp-content\/uploads\/2012\/08\/opuzen_2012_Animirani_OFF_Prije_pocetka_vremena.jpg","contentUrl":"http:\/\/film-mag.net\/wp\/wp-content\/uploads\/2012\/08\/opuzen_2012_Animirani_OFF_Prije_pocetka_vremena.jpg","width":"669","height":"446","caption":"Lutke iz filma 'Prije po\u010detka vremena'"},{"@type":"BreadcrumbList","@id":"http:\/\/film-mag.net\/wp\/?p=3988#breadcrumb","itemListElement":[{"@type":"ListItem","position":1,"name":"Home","item":"http:\/\/film-mag.net\/wp\/"},{"@type":"ListItem","position":2,"name":"Opuzen 2012: Animirani OFF"}]},{"@type":"WebSite","@id":"http:\/\/film-mag.net\/wp\/#website","url":"http:\/\/film-mag.net\/wp\/","name":"FILM-mag.net","description":"Prvi hrvatski portal o filmu i filmu bliskim podru\u010djima kulture","potentialAction":[{"@type":"SearchAction","target":{"@type":"EntryPoint","urlTemplate":"http:\/\/film-mag.net\/wp\/?s={search_term_string}"},"query-input":{"@type":"PropertyValueSpecification","valueRequired":true,"valueName":"search_term_string"}}],"inLanguage":"en-US"},{"@type":"Person","@id":"http:\/\/film-mag.net\/wp\/#\/schema\/person\/e10d389a3570afa6990a544a560b5ddb","name":"Robert Juki\u0107","image":{"@type":"ImageObject","inLanguage":"en-US","@id":"http:\/\/film-mag.net\/wp\/#\/schema\/person\/image\/","url":"https:\/\/secure.gravatar.com\/avatar\/9af3800a835f9caf36c524ed299e09ee?s=96&d=mm&r=g","contentUrl":"https:\/\/secure.gravatar.com\/avatar\/9af3800a835f9caf36c524ed299e09ee?s=96&d=mm&r=g","caption":"Robert Juki\u0107"},"url":"http:\/\/film-mag.net\/wp\/?author=2"}]}},"_links":{"self":[{"href":"http:\/\/film-mag.net\/wp\/index.php?rest_route=\/wp\/v2\/posts\/3988","targetHints":{"allow":["GET"]}}],"collection":[{"href":"http:\/\/film-mag.net\/wp\/index.php?rest_route=\/wp\/v2\/posts"}],"about":[{"href":"http:\/\/film-mag.net\/wp\/index.php?rest_route=\/wp\/v2\/types\/post"}],"author":[{"embeddable":true,"href":"http:\/\/film-mag.net\/wp\/index.php?rest_route=\/wp\/v2\/users\/2"}],"replies":[{"embeddable":true,"href":"http:\/\/film-mag.net\/wp\/index.php?rest_route=%2Fwp%2Fv2%2Fcomments&post=3988"}],"version-history":[{"count":2,"href":"http:\/\/film-mag.net\/wp\/index.php?rest_route=\/wp\/v2\/posts\/3988\/revisions"}],"predecessor-version":[{"id":3991,"href":"http:\/\/film-mag.net\/wp\/index.php?rest_route=\/wp\/v2\/posts\/3988\/revisions\/3991"}],"wp:featuredmedia":[{"embeddable":true,"href":"http:\/\/film-mag.net\/wp\/index.php?rest_route=\/wp\/v2\/media\/3989"}],"wp:attachment":[{"href":"http:\/\/film-mag.net\/wp\/index.php?rest_route=%2Fwp%2Fv2%2Fmedia&parent=3988"}],"wp:term":[{"taxonomy":"category","embeddable":true,"href":"http:\/\/film-mag.net\/wp\/index.php?rest_route=%2Fwp%2Fv2%2Fcategories&post=3988"},{"taxonomy":"post_tag","embeddable":true,"href":"http:\/\/film-mag.net\/wp\/index.php?rest_route=%2Fwp%2Fv2%2Ftags&post=3988"}],"curies":[{"name":"wp","href":"https:\/\/api.w.org\/{rel}","templated":true}]}}