{"id":37636,"date":"2018-11-22T19:55:18","date_gmt":"2018-11-22T18:55:18","guid":{"rendered":"http:\/\/film-mag.net\/wp\/?p=37636"},"modified":"2018-11-22T19:55:18","modified_gmt":"2018-11-22T18:55:18","slug":"premijera-predstave-posljednja-noc-u-kulturnom-centru-travno","status":"publish","type":"post","link":"http:\/\/film-mag.net\/wp\/?p=37636","title":{"rendered":"Premijera predstave &#8216;Posljednja no\u0107&#8217; u Kulturnom centru Travno"},"content":{"rendered":"<p style=\"text-align: justify;\"><strong>Eurokaz najavljuje premijeru predstave<\/strong><br \/>\n<strong>Posljednja no\u0107<\/strong><\/p>\n<p style=\"text-align: justify;\">Slobodna dramatizacija i adaptacija proznog djela Ratka Cvetni\u0107a <i>Kratki izlet<\/i>, zasigurno jedne od najboljih proza hrvatske knji\u017eevnosti na temu Domovinskog rata, uz kori\u0161tenje motiva romana suvremenog\u00a0irskog knji\u017eevnika Johna Boynea <i>Prigovor savjesti<\/i> i dramatur\u0161kih osobitosti iz obimom najve\u0107e drame u povijesti knji\u017eevnosti <i>Posljednji dani \u010dovje\u010danstva<\/i> austrijskog knji\u017eevnika Karla Krausa.<\/p>\n<p style=\"text-align: justify;\"><img decoding=\"async\" style=\"border: none; width: 100%;\" src=\" https:\/\/i.postimg.cc\/fLjV0shY\/Posljednja-noc-2.jpg \" \/><\/p>\n<p style=\"text-align: justify;\">Posljednja no\u0107 ; Fotografiju ustupio Eurokaz<\/p>\n<p style=\"text-align: justify;\">Boynoev roman, smje\u0161ten na francusku frontu Prvog svjetskog rata,\u00a0govori o prijevojima pacifisti\u010dkih ideja; to je analiti\u010dki roman vrlo precizne vivisekcije ratnog morala i istovremeno osmatranje apoteoze patriotizma iako se od patriotizma sistematski zazire. Cvetni\u0107, pak, do iste patriotske dijagnoze dolazi kroz povi\u0161enu ironiju i smiruju\u0107i sarkazam. <i>Posljednji dani \u010dovje\u010danstva<\/i> tvorevina je pak neobi\u010dne, titanske strukture o raspadu \u010dovje\u010danske logike od po\u010detka Prvog svjetskog rata. Krausov je rad zapravo velika zbirka medijskih citata koji osupnjuju namjernim nedostacima poanti te literarnih i dramatur\u0161kih mehanizama. Otuda i Eurokazova temeljna ideja dramatur\u0161ke upotrebe Krausova djela koja apsorbora sve njegove metodolo\u0161ke i energetske potencijale pa se tako u projekt <i>Posljednja no\u0107<\/i> uklju\u010duju scenski komentari proznog djela <i>Kratki izlet<\/i>,\u00a0 koje krausovski potmulom energijom secira tokove i ishode rata u Hrvatskoj devedesetih, ali i nizove apokalipti\u010dnih citata hrvatske medijske stvarnosti. Cvetni\u0107eva je proza, u na\u0161oj javnosti prihva\u0107ena kao najiscrpnije djelo na temu bliske hrvatske dru\u0161tvene povijesti i njezin se spoj s dubokom antiratnom vivisekcijom Karla Krausa name\u0107e kao ne\u0161to samorazumljivo, iako ne i kao lako prispodobivo.<\/p>\n<p style=\"text-align: justify;\">Predstava je nastala u koprodukciji s Queer Zagreb i u suradnji sa Zagreba\u010dkim kazali\u0161tem lutaka, Austrijskim kulturnim forumom i KUC Travno.<\/p>\n<p style=\"text-align: justify;\"><b>30. studenoga 2018. u 20 h<br \/>\n4. prosinca 2018. u 20 h<br \/>\n5. prosinca 2018. u 20 h \/ premijera<br \/>\n6. prosinca 2018. u 20:30 h \/ premijera<\/b><\/p>\n<p style=\"text-align: justify;\"><b>KULTURNI CENTAR TRAVNO, BO\u017dIDARA MAGOVCA 17<\/b><\/p>\n<p style=\"text-align: justify;\">Ulaznice se mogu rezervirati na <a href=\"mailto:eurokaz.pr@gmail.com\" target=\"_blank\" rel=\"noopener\">eurokaz.pr@gmail.com<\/a>,<br \/>\nna 098 16 11 454 (Ivona) ili 091 54 00 609 (Marko)<br \/>\ni podi\u0107i najkasnije 2 dana prije predstave u Eurokazu ili na blagajni KC Travno.<\/p>\n<p style=\"text-align: justify;\">Prodaja ulaznica od 21.11.:<br \/>\nEurokaz, Ivana De\u017emana 3 od 10-14 h<br \/>\nKC Travno, Bo\u017eidara Magovca 17 od 10-19 h<br \/>\n<b><a href=\"https:\/\/ulaznice.hr\/r\/eurokaz\" target=\"_blank\" rel=\"noopener\" data-saferedirecturl=\"https:\/\/www.google.com\/url?q=https:\/\/ulaznice.hr\/r\/eurokaz&amp;source=gmail&amp;ust=1542996677927000&amp;usg=AFQjCNFbzLWUEOh0ryHt7BXFI6pi5lpKgA\">www.ulaznice.hr<\/a><\/b><\/p>\n<p style=\"text-align: justify;\">Cijena ulaznica 70 kn te 40 kn za studente, umirovljenike i \u010dlanove HDDU-a.<\/p>\n<p style=\"text-align: justify;\">[izvor informacije\u00a0<strong><a href=\"http:\/\/www.eurokaz.hr\/\">Eurokaz<\/a><\/strong>]<\/p>\n<p style=\"text-align: justify;\"><iframe loading=\"lazy\" style=\"border: none; overflow: hidden;\" src=\"https:\/\/www.facebook.com\/plugins\/post.php?href=https%3A%2F%2Fwww.facebook.com%2Fmedia%2Fset%2F%3Fset%3Da.2091677420870920%26type%3D3&amp;width=500\" width=\"500\" height=\"670\" frameborder=\"0\" scrolling=\"no\"><\/iframe><\/p>\n<div id=\"fb_share_1\" style=\"float: right; margin-left: 10px;\"><a name=\"fb_share\" type=\"box_count\" share_url=\"http:\/\/film-mag.net\/wp\/?p=37636\" href=\"http:\/\/www.facebook.com\/sharer.php\">Share<\/a><\/div><div><script src=\"http:\/\/static.ak.fbcdn.net\/connect.php\/js\/FB.Share\" type=\"text\/javascript\"><\/script><\/div><div style=\"clear:both\"><\/div>","protected":false},"excerpt":{"rendered":"<p>Eurokaz najavljuje premijeru predstave Posljednja no\u0107 Slobodna dramatizacija i adaptacija proznog djela Ratka Cvetni\u0107a Kratki izlet, zasigurno jedne od najboljih proza hrvatske knji\u017eevnosti na temu Domovinskog rata, uz kori\u0161tenje motiva romana suvremenog\u00a0irskog knji\u017eevnika Johna Boynea Prigovor savjesti i dramatur\u0161kih osobitosti iz obimom najve\u0107e drame u povijesti knji\u017eevnosti Posljednji dani \u010dovje\u010danstva austrijskog knji\u017eevnika Karla Krausa. Posljednja [&hellip;]<\/p>\n","protected":false},"author":8,"featured_media":0,"comment_status":"closed","ping_status":"closed","sticky":false,"template":"","format":"standard","meta":{"_et_pb_use_builder":"","_et_pb_old_content":"","_et_gb_content_width":"","_editorskit_title_hidden":false,"_editorskit_reading_time":0,"_editorskit_is_block_options_detached":false,"_editorskit_block_options_position":"{}","footnotes":""},"categories":[170,33,10,17050],"tags":[3128,2991,486,137,16097,1592,4451],"class_list":["post-37636","post","type-post","status-publish","format-standard","hentry","category-kalendar","category-kazalisne-premijere","category-kazaliste","category-press","tag-austrijski-kulturni-forum","tag-branko-brezovec","tag-eurokaz","tag-kazalisna-premijera","tag-kuc-travno","tag-queer-zagreb","tag-zagrebacko-kazaliste-lutaka"],"yoast_head":"<!-- This site is optimized with the Yoast SEO plugin v24.6 - https:\/\/yoast.com\/wordpress\/plugins\/seo\/ -->\n<title>Premijera predstave &#039;Posljednja no\u0107&#039; u Kulturnom centru Travno - FILM-mag.net<\/title>\n<meta name=\"robots\" content=\"index, follow, max-snippet:-1, max-image-preview:large, max-video-preview:-1\" \/>\n<link rel=\"canonical\" href=\"http:\/\/film-mag.net\/wp\/?p=37636\" \/>\n<meta property=\"og:locale\" content=\"en_US\" \/>\n<meta property=\"og:type\" content=\"article\" \/>\n<meta property=\"og:title\" content=\"Premijera predstave &#039;Posljednja no\u0107&#039; u Kulturnom centru Travno - FILM-mag.net\" \/>\n<meta property=\"og:description\" content=\"Eurokaz najavljuje premijeru predstave Posljednja no\u0107 Slobodna dramatizacija i adaptacija proznog djela Ratka Cvetni\u0107a Kratki izlet, zasigurno jedne od najboljih proza hrvatske knji\u017eevnosti na temu Domovinskog rata, uz kori\u0161tenje motiva romana suvremenog\u00a0irskog knji\u017eevnika Johna Boynea Prigovor savjesti i dramatur\u0161kih osobitosti iz obimom najve\u0107e drame u povijesti knji\u017eevnosti Posljednji dani \u010dovje\u010danstva austrijskog knji\u017eevnika Karla Krausa. Posljednja [&hellip;]\" \/>\n<meta property=\"og:url\" content=\"http:\/\/film-mag.net\/wp\/?p=37636\" \/>\n<meta property=\"og:site_name\" content=\"FILM-mag.net\" \/>\n<meta property=\"article:published_time\" content=\"2018-11-22T18:55:18+00:00\" \/>\n<meta name=\"author\" content=\"PRESS\" \/>\n<meta name=\"twitter:card\" content=\"summary_large_image\" \/>\n<meta name=\"twitter:label1\" content=\"Written by\" \/>\n\t<meta name=\"twitter:data1\" content=\"PRESS\" \/>\n\t<meta name=\"twitter:label2\" content=\"Est. reading time\" \/>\n\t<meta name=\"twitter:data2\" content=\"2 minutes\" \/>\n<script type=\"application\/ld+json\" class=\"yoast-schema-graph\">{\"@context\":\"https:\/\/schema.org\",\"@graph\":[{\"@type\":\"WebPage\",\"@id\":\"http:\/\/film-mag.net\/wp\/?p=37636\",\"url\":\"http:\/\/film-mag.net\/wp\/?p=37636\",\"name\":\"Premijera predstave 'Posljednja no\u0107' u Kulturnom centru Travno - FILM-mag.net\",\"isPartOf\":{\"@id\":\"https:\/\/film-mag.net\/wp\/#website\"},\"datePublished\":\"2018-11-22T18:55:18+00:00\",\"author\":{\"@id\":\"https:\/\/film-mag.net\/wp\/#\/schema\/person\/a8dd3a5b76a5bbde974e03510a205c2f\"},\"breadcrumb\":{\"@id\":\"http:\/\/film-mag.net\/wp\/?p=37636#breadcrumb\"},\"inLanguage\":\"en-US\",\"potentialAction\":[{\"@type\":\"ReadAction\",\"target\":[\"http:\/\/film-mag.net\/wp\/?p=37636\"]}]},{\"@type\":\"BreadcrumbList\",\"@id\":\"http:\/\/film-mag.net\/wp\/?p=37636#breadcrumb\",\"itemListElement\":[{\"@type\":\"ListItem\",\"position\":1,\"name\":\"Home\",\"item\":\"https:\/\/film-mag.net\/wp\/\"},{\"@type\":\"ListItem\",\"position\":2,\"name\":\"Premijera predstave &#8216;Posljednja no\u0107&#8217; u Kulturnom centru Travno\"}]},{\"@type\":\"WebSite\",\"@id\":\"https:\/\/film-mag.net\/wp\/#website\",\"url\":\"https:\/\/film-mag.net\/wp\/\",\"name\":\"FILM-mag.net\",\"description\":\"Prvi hrvatski portal o filmu i filmu bliskim podru\u010djima kulture\",\"potentialAction\":[{\"@type\":\"SearchAction\",\"target\":{\"@type\":\"EntryPoint\",\"urlTemplate\":\"https:\/\/film-mag.net\/wp\/?s={search_term_string}\"},\"query-input\":{\"@type\":\"PropertyValueSpecification\",\"valueRequired\":true,\"valueName\":\"search_term_string\"}}],\"inLanguage\":\"en-US\"},{\"@type\":\"Person\",\"@id\":\"https:\/\/film-mag.net\/wp\/#\/schema\/person\/a8dd3a5b76a5bbde974e03510a205c2f\",\"name\":\"PRESS\",\"image\":{\"@type\":\"ImageObject\",\"inLanguage\":\"en-US\",\"@id\":\"https:\/\/film-mag.net\/wp\/#\/schema\/person\/image\/\",\"url\":\"https:\/\/secure.gravatar.com\/avatar\/bf4ab1626f485b36c4f3650b1d351839?s=96&d=mm&r=g\",\"contentUrl\":\"https:\/\/secure.gravatar.com\/avatar\/bf4ab1626f485b36c4f3650b1d351839?s=96&d=mm&r=g\",\"caption\":\"PRESS\"},\"url\":\"http:\/\/film-mag.net\/wp\/?author=8\"}]}<\/script>\n<!-- \/ Yoast SEO plugin. -->","yoast_head_json":{"title":"Premijera predstave 'Posljednja no\u0107' u Kulturnom centru Travno - FILM-mag.net","robots":{"index":"index","follow":"follow","max-snippet":"max-snippet:-1","max-image-preview":"max-image-preview:large","max-video-preview":"max-video-preview:-1"},"canonical":"http:\/\/film-mag.net\/wp\/?p=37636","og_locale":"en_US","og_type":"article","og_title":"Premijera predstave 'Posljednja no\u0107' u Kulturnom centru Travno - FILM-mag.net","og_description":"Eurokaz najavljuje premijeru predstave Posljednja no\u0107 Slobodna dramatizacija i adaptacija proznog djela Ratka Cvetni\u0107a Kratki izlet, zasigurno jedne od najboljih proza hrvatske knji\u017eevnosti na temu Domovinskog rata, uz kori\u0161tenje motiva romana suvremenog\u00a0irskog knji\u017eevnika Johna Boynea Prigovor savjesti i dramatur\u0161kih osobitosti iz obimom najve\u0107e drame u povijesti knji\u017eevnosti Posljednji dani \u010dovje\u010danstva austrijskog knji\u017eevnika Karla Krausa. Posljednja [&hellip;]","og_url":"http:\/\/film-mag.net\/wp\/?p=37636","og_site_name":"FILM-mag.net","article_published_time":"2018-11-22T18:55:18+00:00","author":"PRESS","twitter_card":"summary_large_image","twitter_misc":{"Written by":"PRESS","Est. reading time":"2 minutes"},"schema":{"@context":"https:\/\/schema.org","@graph":[{"@type":"WebPage","@id":"http:\/\/film-mag.net\/wp\/?p=37636","url":"http:\/\/film-mag.net\/wp\/?p=37636","name":"Premijera predstave 'Posljednja no\u0107' u Kulturnom centru Travno - FILM-mag.net","isPartOf":{"@id":"https:\/\/film-mag.net\/wp\/#website"},"datePublished":"2018-11-22T18:55:18+00:00","author":{"@id":"https:\/\/film-mag.net\/wp\/#\/schema\/person\/a8dd3a5b76a5bbde974e03510a205c2f"},"breadcrumb":{"@id":"http:\/\/film-mag.net\/wp\/?p=37636#breadcrumb"},"inLanguage":"en-US","potentialAction":[{"@type":"ReadAction","target":["http:\/\/film-mag.net\/wp\/?p=37636"]}]},{"@type":"BreadcrumbList","@id":"http:\/\/film-mag.net\/wp\/?p=37636#breadcrumb","itemListElement":[{"@type":"ListItem","position":1,"name":"Home","item":"https:\/\/film-mag.net\/wp\/"},{"@type":"ListItem","position":2,"name":"Premijera predstave &#8216;Posljednja no\u0107&#8217; u Kulturnom centru Travno"}]},{"@type":"WebSite","@id":"https:\/\/film-mag.net\/wp\/#website","url":"https:\/\/film-mag.net\/wp\/","name":"FILM-mag.net","description":"Prvi hrvatski portal o filmu i filmu bliskim podru\u010djima kulture","potentialAction":[{"@type":"SearchAction","target":{"@type":"EntryPoint","urlTemplate":"https:\/\/film-mag.net\/wp\/?s={search_term_string}"},"query-input":{"@type":"PropertyValueSpecification","valueRequired":true,"valueName":"search_term_string"}}],"inLanguage":"en-US"},{"@type":"Person","@id":"https:\/\/film-mag.net\/wp\/#\/schema\/person\/a8dd3a5b76a5bbde974e03510a205c2f","name":"PRESS","image":{"@type":"ImageObject","inLanguage":"en-US","@id":"https:\/\/film-mag.net\/wp\/#\/schema\/person\/image\/","url":"https:\/\/secure.gravatar.com\/avatar\/bf4ab1626f485b36c4f3650b1d351839?s=96&d=mm&r=g","contentUrl":"https:\/\/secure.gravatar.com\/avatar\/bf4ab1626f485b36c4f3650b1d351839?s=96&d=mm&r=g","caption":"PRESS"},"url":"http:\/\/film-mag.net\/wp\/?author=8"}]}},"_links":{"self":[{"href":"http:\/\/film-mag.net\/wp\/index.php?rest_route=\/wp\/v2\/posts\/37636","targetHints":{"allow":["GET"]}}],"collection":[{"href":"http:\/\/film-mag.net\/wp\/index.php?rest_route=\/wp\/v2\/posts"}],"about":[{"href":"http:\/\/film-mag.net\/wp\/index.php?rest_route=\/wp\/v2\/types\/post"}],"author":[{"embeddable":true,"href":"http:\/\/film-mag.net\/wp\/index.php?rest_route=\/wp\/v2\/users\/8"}],"replies":[{"embeddable":true,"href":"http:\/\/film-mag.net\/wp\/index.php?rest_route=%2Fwp%2Fv2%2Fcomments&post=37636"}],"version-history":[{"count":1,"href":"http:\/\/film-mag.net\/wp\/index.php?rest_route=\/wp\/v2\/posts\/37636\/revisions"}],"predecessor-version":[{"id":37637,"href":"http:\/\/film-mag.net\/wp\/index.php?rest_route=\/wp\/v2\/posts\/37636\/revisions\/37637"}],"wp:attachment":[{"href":"http:\/\/film-mag.net\/wp\/index.php?rest_route=%2Fwp%2Fv2%2Fmedia&parent=37636"}],"wp:term":[{"taxonomy":"category","embeddable":true,"href":"http:\/\/film-mag.net\/wp\/index.php?rest_route=%2Fwp%2Fv2%2Fcategories&post=37636"},{"taxonomy":"post_tag","embeddable":true,"href":"http:\/\/film-mag.net\/wp\/index.php?rest_route=%2Fwp%2Fv2%2Ftags&post=37636"}],"curies":[{"name":"wp","href":"https:\/\/api.w.org\/{rel}","templated":true}]}}