{"id":37096,"date":"2018-10-08T12:53:21","date_gmt":"2018-10-08T10:53:21","guid":{"rendered":"http:\/\/film-mag.net\/wp\/?p=37096"},"modified":"2018-10-08T13:28:52","modified_gmt":"2018-10-08T11:28:52","slug":"izlozbe-fotografija-zeljeznicka-kolonija-maksimir-od-1923-do-1945-u-zagrebackoj-gradskoj-skupstini","status":"publish","type":"post","link":"http:\/\/film-mag.net\/wp\/?p=37096","title":{"rendered":"Izlo\u017ebe fotografija &#8216;\u017deljezni\u010dka kolonija Maksimir od 1923. do 1945. u zagreba\u010dkoj Gradskoj skup\u0161tini"},"content":{"rendered":"<p style=\"text-align: justify;\">Izlo\u017ebe\u00a0fotografija &#8220;\u017deljezni\u010dka kolonija Maksimir od 1923. do 1945. godine&#8221;, 10. listopada u Gradskoj skup\u0161tini.<\/p>\n<p style=\"text-align: justify;\"><img decoding=\"async\" style=\"border: none; width: 100%;\" src=\" http:\/\/www.ljevak.hr\/files\/image\/Maksimir.jpg \" \/><\/p>\n<p style=\"text-align: justify;\">Monografija\u00a0<em><strong>Od \u017deljezni\u010dke kolonije do Ravnica<\/strong><\/em>\u00a0donosi sveobuhvatan pregled zanimljive povijesti zagreba\u010dkog kvarta\u00a0<strong>Maksimirska naselja<\/strong>, od prvog naseljavanja 1923. godine pa sve do dana\u0161njih dana. Ipak povijest kvarta se\u017ee jo\u0161 dalje, do 1788. godine kad je biskup Maksimilijan Vrhovac zapo\u010deo ure\u0111ivati gustu vi\u0161estoljetnu hrastovu \u0161umu na jugoisto\u010dnom rubu Zagreba\u010dke gore, i pretvorio je u najve\u0107i hrvatski perivoj te jedan od prvih gradskih parkova otvorenih za javnost u Europi. Na prijelazu u 18. stolje\u0107e u isto\u010dnom dijelu kvarta bio je izgra\u0111en maksimirski majur, odnosno veliko gospodarsko imanje, pa zahvaljuju\u0107i tome kvart\u00a0<strong>Maksimirska naselja<\/strong>\u00a0mo\u017eemo smatrati jednim od najstarijih zagreba\u010dkih kvartova. Tu \u010dinjenicu potkrepljuje podatak kako je maksimirska kurija, trenutno najstarija stambena zgrada u kvartu, izgra\u0111ena prije 1794. godine.<\/p>\n<p style=\"text-align: justify;\"><em>Monografija profesora Jur\u010deva najbolji je i najva\u017eniji zbir podataka koje, sad kad ih imamo, moramo znati, po\u0161tovati i voljeti. Pisana je da Koloniju ne zaboravimo i da sva sje\u0107anja sa\u010duvamo zauvijek.<\/em><br \/>\n<strong>Mladen Ku\u0161ec<\/strong><\/p>\n<p style=\"text-align: justify;\"><em>\u010cak i kad nismo, za razliku od autora Antonija Jur\u010deva, starosjedioci kvarta, po\u017eelimo biti u jednome od onih vagona preure\u0111enih za stanovanje, ili u jednoj od zgrada \u017deljezni\u010dkog naselja, po\u017eelimo biti tu, u svome malenome dvori\u0161tu za ljetnih ve\u010deri ili na cesti prekrivenoj debelim snijegom. Biti tu sa svojim susjedima, poput jedne velike pro\u0161irene obitelji.<br \/>\n<strong>Vi\u0161eslav Aralica<\/strong><\/em><\/p>\n<p style=\"text-align: justify;\"><em>Ova monografija je romanti\u010dna enciklopedija kvarta Maksimirska naselja<br \/>\n<strong>Velimir Sri\u0107a<\/strong><\/em><\/p>\n<p style=\"text-align: justify;\">[izvor informacije\u00a0<strong><a href=\"http:\/\/www.ljevak.hr\/\">Naklada Ljevak<\/a><\/strong>]<\/p>\n<div id=\"fb-root\"><\/div>\n<p><script>(function(d, s, id) {  var js, fjs = d.getElementsByTagName(s)[0];  if (d.getElementById(id)) return;  js = d.createElement(s); js.id = id;  js.src = 'https:\/\/connect.facebook.net\/hr_HR\/sdk.js#xfbml=1&version=v3.1';  fjs.parentNode.insertBefore(js, fjs);}(document, 'script', 'facebook-jssdk'));<\/script><\/p>\n<div class=\"fb-post\" data-href=\"https:\/\/www.facebook.com\/media\/set\/?set=a.1350045941700742&amp;type=3\" data-width=\"750\">\n<blockquote cite=\"https:\/\/www.facebook.com\/media\/set\/?set=a.1350045941700742&amp;type=3\" class=\"fb-xfbml-parse-ignore\">\n<p>Knjiga: &#039;Od \u017deljezni\u010dke kolonije do Ravnica&#039; Antonija Jur\u010deva monografija zagreba\u010dkog Maksimirskog naselja. &gt;http:\/\/film-mag.net\/wp\/?p=31113. Fotografije ustupio Antonio Jur\u010dev<\/p>\n<p>Objavljuje <a href=\"https:\/\/www.facebook.com\/FILMmagnet\/\">F.I.L.M.<\/a> u&nbsp;<a href=\"https:\/\/www.facebook.com\/media\/set\/?set=a.1350045941700742&amp;type=3\">\u010cetvrtak, 2. o\u017eujka 2017.<\/a><\/p><\/blockquote>\n<\/div>\n<div id=\"fb-root\"><\/div>\n<p><script>(function(d, s, id) {  var js, fjs = d.getElementsByTagName(s)[0];  if (d.getElementById(id)) return;  js = d.createElement(s); js.id = id;  js.src = 'https:\/\/connect.facebook.net\/hr_HR\/sdk.js#xfbml=1&version=v3.1';  fjs.parentNode.insertBefore(js, fjs);}(document, 'script', 'facebook-jssdk'));<\/script><\/p>\n<div class=\"fb-post\" data-href=\"https:\/\/www.facebook.com\/media\/set\/?set=a.10154059268521582&amp;type=3\" data-width=\"750\">\n<blockquote cite=\"https:\/\/www.facebook.com\/media\/set\/?set=a.10154059268521582&amp;type=3\" class=\"fb-xfbml-parse-ignore\">\n<p>Tekst o monografiji &quot;Od \u017deljezni\u010dke kolonije do Ravnica&quot; objavljen u tjedniku NACIONAL<\/p>\n<p>Objavljuje <a href=\"#\" role=\"button\">Antonio Jur\u010dev<\/a> u&nbsp;<a href=\"https:\/\/www.facebook.com\/media\/set\/?set=a.10154059268521582&amp;type=3\">Petak, 17. velja\u010de 2017.<\/a><\/p><\/blockquote>\n<\/div>\n<div id=\"fb_share_1\" style=\"float: right; margin-left: 10px;\"><a name=\"fb_share\" type=\"box_count\" share_url=\"http:\/\/film-mag.net\/wp\/?p=37096\" href=\"http:\/\/www.facebook.com\/sharer.php\">Share<\/a><\/div><div><script src=\"http:\/\/static.ak.fbcdn.net\/connect.php\/js\/FB.Share\" type=\"text\/javascript\"><\/script><\/div><div style=\"clear:both\"><\/div>","protected":false},"excerpt":{"rendered":"<p>Izlo\u017ebe\u00a0fotografija &#8220;\u017deljezni\u010dka kolonija Maksimir od 1923. do 1945. godine&#8221;, 10. listopada u Gradskoj skup\u0161tini. Monografija\u00a0Od \u017deljezni\u010dke kolonije do Ravnica\u00a0donosi sveobuhvatan pregled zanimljive povijesti zagreba\u010dkog kvarta\u00a0Maksimirska naselja, od prvog naseljavanja 1923. godine pa sve do dana\u0161njih dana. Ipak povijest kvarta se\u017ee jo\u0161 dalje, do 1788. godine kad je biskup Maksimilijan Vrhovac zapo\u010deo ure\u0111ivati gustu vi\u0161estoljetnu hrastovu [&hellip;]<\/p>\n","protected":false},"author":8,"featured_media":0,"comment_status":"closed","ping_status":"closed","sticky":false,"template":"","format":"standard","meta":{"_et_pb_use_builder":"","_et_pb_old_content":"","_et_gb_content_width":"","_editorskit_title_hidden":false,"_editorskit_reading_time":0,"_editorskit_is_block_options_detached":false,"_editorskit_block_options_position":"{}","footnotes":""},"categories":[64,170,13,17050],"tags":[15738,335,6071,142,514],"class_list":["post-37096","post","type-post","status-publish","format-standard","hentry","category-izlozbe","category-kalendar","category-likovnost","category-press","tag-antonio-jurcev","tag-fotografija","tag-izlozba-fotografija","tag-izlozbe-2","tag-naklada-ljevak"],"yoast_head":"<!-- This site is optimized with the Yoast SEO plugin v24.6 - https:\/\/yoast.com\/wordpress\/plugins\/seo\/ -->\n<title>Izlo\u017ebe fotografija &#039;\u017deljezni\u010dka kolonija Maksimir od 1923. do 1945. u zagreba\u010dkoj Gradskoj skup\u0161tini - FILM-mag.net<\/title>\n<meta name=\"robots\" content=\"index, follow, max-snippet:-1, max-image-preview:large, max-video-preview:-1\" \/>\n<link rel=\"canonical\" href=\"http:\/\/film-mag.net\/wp\/?p=37096\" \/>\n<meta property=\"og:locale\" content=\"en_US\" \/>\n<meta property=\"og:type\" content=\"article\" \/>\n<meta property=\"og:title\" content=\"Izlo\u017ebe fotografija &#039;\u017deljezni\u010dka kolonija Maksimir od 1923. do 1945. u zagreba\u010dkoj Gradskoj skup\u0161tini - FILM-mag.net\" \/>\n<meta property=\"og:description\" content=\"Izlo\u017ebe\u00a0fotografija &#8220;\u017deljezni\u010dka kolonija Maksimir od 1923. do 1945. godine&#8221;, 10. listopada u Gradskoj skup\u0161tini. Monografija\u00a0Od \u017deljezni\u010dke kolonije do Ravnica\u00a0donosi sveobuhvatan pregled zanimljive povijesti zagreba\u010dkog kvarta\u00a0Maksimirska naselja, od prvog naseljavanja 1923. godine pa sve do dana\u0161njih dana. Ipak povijest kvarta se\u017ee jo\u0161 dalje, do 1788. godine kad je biskup Maksimilijan Vrhovac zapo\u010deo ure\u0111ivati gustu vi\u0161estoljetnu hrastovu [&hellip;]\" \/>\n<meta property=\"og:url\" content=\"http:\/\/film-mag.net\/wp\/?p=37096\" \/>\n<meta property=\"og:site_name\" content=\"FILM-mag.net\" \/>\n<meta property=\"article:published_time\" content=\"2018-10-08T10:53:21+00:00\" \/>\n<meta property=\"article:modified_time\" content=\"2018-10-08T11:28:52+00:00\" \/>\n<meta name=\"author\" content=\"PRESS\" \/>\n<meta name=\"twitter:card\" content=\"summary_large_image\" \/>\n<meta name=\"twitter:label1\" content=\"Written by\" \/>\n\t<meta name=\"twitter:data1\" content=\"PRESS\" \/>\n\t<meta name=\"twitter:label2\" content=\"Est. reading time\" \/>\n\t<meta name=\"twitter:data2\" content=\"1 minute\" \/>\n<script type=\"application\/ld+json\" class=\"yoast-schema-graph\">{\"@context\":\"https:\/\/schema.org\",\"@graph\":[{\"@type\":\"WebPage\",\"@id\":\"http:\/\/film-mag.net\/wp\/?p=37096\",\"url\":\"http:\/\/film-mag.net\/wp\/?p=37096\",\"name\":\"Izlo\u017ebe fotografija '\u017deljezni\u010dka kolonija Maksimir od 1923. do 1945. u zagreba\u010dkoj Gradskoj skup\u0161tini - FILM-mag.net\",\"isPartOf\":{\"@id\":\"http:\/\/film-mag.net\/wp\/#website\"},\"datePublished\":\"2018-10-08T10:53:21+00:00\",\"dateModified\":\"2018-10-08T11:28:52+00:00\",\"author\":{\"@id\":\"http:\/\/film-mag.net\/wp\/#\/schema\/person\/a8dd3a5b76a5bbde974e03510a205c2f\"},\"breadcrumb\":{\"@id\":\"http:\/\/film-mag.net\/wp\/?p=37096#breadcrumb\"},\"inLanguage\":\"en-US\",\"potentialAction\":[{\"@type\":\"ReadAction\",\"target\":[\"http:\/\/film-mag.net\/wp\/?p=37096\"]}]},{\"@type\":\"BreadcrumbList\",\"@id\":\"http:\/\/film-mag.net\/wp\/?p=37096#breadcrumb\",\"itemListElement\":[{\"@type\":\"ListItem\",\"position\":1,\"name\":\"Home\",\"item\":\"http:\/\/film-mag.net\/wp\/\"},{\"@type\":\"ListItem\",\"position\":2,\"name\":\"Izlo\u017ebe fotografija &#8216;\u017deljezni\u010dka kolonija Maksimir od 1923. do 1945. u zagreba\u010dkoj Gradskoj skup\u0161tini\"}]},{\"@type\":\"WebSite\",\"@id\":\"http:\/\/film-mag.net\/wp\/#website\",\"url\":\"http:\/\/film-mag.net\/wp\/\",\"name\":\"FILM-mag.net\",\"description\":\"Prvi hrvatski portal o filmu i filmu bliskim podru\u010djima kulture\",\"potentialAction\":[{\"@type\":\"SearchAction\",\"target\":{\"@type\":\"EntryPoint\",\"urlTemplate\":\"http:\/\/film-mag.net\/wp\/?s={search_term_string}\"},\"query-input\":{\"@type\":\"PropertyValueSpecification\",\"valueRequired\":true,\"valueName\":\"search_term_string\"}}],\"inLanguage\":\"en-US\"},{\"@type\":\"Person\",\"@id\":\"http:\/\/film-mag.net\/wp\/#\/schema\/person\/a8dd3a5b76a5bbde974e03510a205c2f\",\"name\":\"PRESS\",\"image\":{\"@type\":\"ImageObject\",\"inLanguage\":\"en-US\",\"@id\":\"http:\/\/film-mag.net\/wp\/#\/schema\/person\/image\/\",\"url\":\"https:\/\/secure.gravatar.com\/avatar\/bf4ab1626f485b36c4f3650b1d351839?s=96&d=mm&r=g\",\"contentUrl\":\"https:\/\/secure.gravatar.com\/avatar\/bf4ab1626f485b36c4f3650b1d351839?s=96&d=mm&r=g\",\"caption\":\"PRESS\"},\"url\":\"http:\/\/film-mag.net\/wp\/?author=8\"}]}<\/script>\n<!-- \/ Yoast SEO plugin. -->","yoast_head_json":{"title":"Izlo\u017ebe fotografija '\u017deljezni\u010dka kolonija Maksimir od 1923. do 1945. u zagreba\u010dkoj Gradskoj skup\u0161tini - FILM-mag.net","robots":{"index":"index","follow":"follow","max-snippet":"max-snippet:-1","max-image-preview":"max-image-preview:large","max-video-preview":"max-video-preview:-1"},"canonical":"http:\/\/film-mag.net\/wp\/?p=37096","og_locale":"en_US","og_type":"article","og_title":"Izlo\u017ebe fotografija '\u017deljezni\u010dka kolonija Maksimir od 1923. do 1945. u zagreba\u010dkoj Gradskoj skup\u0161tini - FILM-mag.net","og_description":"Izlo\u017ebe\u00a0fotografija &#8220;\u017deljezni\u010dka kolonija Maksimir od 1923. do 1945. godine&#8221;, 10. listopada u Gradskoj skup\u0161tini. Monografija\u00a0Od \u017deljezni\u010dke kolonije do Ravnica\u00a0donosi sveobuhvatan pregled zanimljive povijesti zagreba\u010dkog kvarta\u00a0Maksimirska naselja, od prvog naseljavanja 1923. godine pa sve do dana\u0161njih dana. Ipak povijest kvarta se\u017ee jo\u0161 dalje, do 1788. godine kad je biskup Maksimilijan Vrhovac zapo\u010deo ure\u0111ivati gustu vi\u0161estoljetnu hrastovu [&hellip;]","og_url":"http:\/\/film-mag.net\/wp\/?p=37096","og_site_name":"FILM-mag.net","article_published_time":"2018-10-08T10:53:21+00:00","article_modified_time":"2018-10-08T11:28:52+00:00","author":"PRESS","twitter_card":"summary_large_image","twitter_misc":{"Written by":"PRESS","Est. reading time":"1 minute"},"schema":{"@context":"https:\/\/schema.org","@graph":[{"@type":"WebPage","@id":"http:\/\/film-mag.net\/wp\/?p=37096","url":"http:\/\/film-mag.net\/wp\/?p=37096","name":"Izlo\u017ebe fotografija '\u017deljezni\u010dka kolonija Maksimir od 1923. do 1945. u zagreba\u010dkoj Gradskoj skup\u0161tini - FILM-mag.net","isPartOf":{"@id":"http:\/\/film-mag.net\/wp\/#website"},"datePublished":"2018-10-08T10:53:21+00:00","dateModified":"2018-10-08T11:28:52+00:00","author":{"@id":"http:\/\/film-mag.net\/wp\/#\/schema\/person\/a8dd3a5b76a5bbde974e03510a205c2f"},"breadcrumb":{"@id":"http:\/\/film-mag.net\/wp\/?p=37096#breadcrumb"},"inLanguage":"en-US","potentialAction":[{"@type":"ReadAction","target":["http:\/\/film-mag.net\/wp\/?p=37096"]}]},{"@type":"BreadcrumbList","@id":"http:\/\/film-mag.net\/wp\/?p=37096#breadcrumb","itemListElement":[{"@type":"ListItem","position":1,"name":"Home","item":"http:\/\/film-mag.net\/wp\/"},{"@type":"ListItem","position":2,"name":"Izlo\u017ebe fotografija &#8216;\u017deljezni\u010dka kolonija Maksimir od 1923. do 1945. u zagreba\u010dkoj Gradskoj skup\u0161tini"}]},{"@type":"WebSite","@id":"http:\/\/film-mag.net\/wp\/#website","url":"http:\/\/film-mag.net\/wp\/","name":"FILM-mag.net","description":"Prvi hrvatski portal o filmu i filmu bliskim podru\u010djima kulture","potentialAction":[{"@type":"SearchAction","target":{"@type":"EntryPoint","urlTemplate":"http:\/\/film-mag.net\/wp\/?s={search_term_string}"},"query-input":{"@type":"PropertyValueSpecification","valueRequired":true,"valueName":"search_term_string"}}],"inLanguage":"en-US"},{"@type":"Person","@id":"http:\/\/film-mag.net\/wp\/#\/schema\/person\/a8dd3a5b76a5bbde974e03510a205c2f","name":"PRESS","image":{"@type":"ImageObject","inLanguage":"en-US","@id":"http:\/\/film-mag.net\/wp\/#\/schema\/person\/image\/","url":"https:\/\/secure.gravatar.com\/avatar\/bf4ab1626f485b36c4f3650b1d351839?s=96&d=mm&r=g","contentUrl":"https:\/\/secure.gravatar.com\/avatar\/bf4ab1626f485b36c4f3650b1d351839?s=96&d=mm&r=g","caption":"PRESS"},"url":"http:\/\/film-mag.net\/wp\/?author=8"}]}},"_links":{"self":[{"href":"http:\/\/film-mag.net\/wp\/index.php?rest_route=\/wp\/v2\/posts\/37096","targetHints":{"allow":["GET"]}}],"collection":[{"href":"http:\/\/film-mag.net\/wp\/index.php?rest_route=\/wp\/v2\/posts"}],"about":[{"href":"http:\/\/film-mag.net\/wp\/index.php?rest_route=\/wp\/v2\/types\/post"}],"author":[{"embeddable":true,"href":"http:\/\/film-mag.net\/wp\/index.php?rest_route=\/wp\/v2\/users\/8"}],"replies":[{"embeddable":true,"href":"http:\/\/film-mag.net\/wp\/index.php?rest_route=%2Fwp%2Fv2%2Fcomments&post=37096"}],"version-history":[{"count":3,"href":"http:\/\/film-mag.net\/wp\/index.php?rest_route=\/wp\/v2\/posts\/37096\/revisions"}],"predecessor-version":[{"id":37099,"href":"http:\/\/film-mag.net\/wp\/index.php?rest_route=\/wp\/v2\/posts\/37096\/revisions\/37099"}],"wp:attachment":[{"href":"http:\/\/film-mag.net\/wp\/index.php?rest_route=%2Fwp%2Fv2%2Fmedia&parent=37096"}],"wp:term":[{"taxonomy":"category","embeddable":true,"href":"http:\/\/film-mag.net\/wp\/index.php?rest_route=%2Fwp%2Fv2%2Fcategories&post=37096"},{"taxonomy":"post_tag","embeddable":true,"href":"http:\/\/film-mag.net\/wp\/index.php?rest_route=%2Fwp%2Fv2%2Ftags&post=37096"}],"curies":[{"name":"wp","href":"https:\/\/api.w.org\/{rel}","templated":true}]}}