{"id":37090,"date":"2018-10-08T00:53:57","date_gmt":"2018-10-07T22:53:57","guid":{"rendered":"http:\/\/film-mag.net\/wp\/?p=37090"},"modified":"2018-10-08T00:53:57","modified_gmt":"2018-10-07T22:53:57","slug":"otvorena-56-revija-hrvatskog-filmskog-stvaralastva-djece-u-bolu","status":"publish","type":"post","link":"http:\/\/film-mag.net\/wp\/?p=37090","title":{"rendered":"Otvorena 56. Revija hrvatskog filmskog stvarala\u0161tva djece u Bolu"},"content":{"rendered":"<p style=\"text-align: justify;\"><b>Uz sve\u010danu ceremoniju i projekciju dijela filmova iz natjecateljskog programa u Kinu Mediteran Bol 04. listopada 2018. je otvoreno je 56. izdanje Revije hrvatskog filmskog stvarala\u0161tva djece.<\/b><\/p>\n<p style=\"text-align: justify;\"><span style=\"font-weight: 400;\">Revija hrvatskog filmskog stvarala\u0161tva djece svake se godine odr\u017eava u drugom gradu. Nakon pro\u0161logodi\u0161nje manifestacije odr\u017eane u Sisku, idu\u0107a \u010detiri dana <\/span><b>Bol na Bra\u010du<\/b><span style=\"font-weight: 400;\"> postat \u0107e mjesto gdje se gleda, pri\u010da i \u017eivi film. <\/span><\/p>\n<p style=\"text-align: justify;\"><img decoding=\"async\" style=\"border: none; width: 100%;\" src=\" http:\/\/www.hfs.hr\/baza\/hfs\/novosti\/20181005_02.jpg \" \/><\/p>\n<p style=\"text-align: justify;\">Ustupio HFS<\/p>\n<p style=\"text-align: justify;\"><span style=\"font-weight: 400;\">Kao sredi\u0161nje slavlje hrvatskog osnovno\u0161kolskog film Reviju su podr\u017eale brojne dr\u017eavne i lokalne institucije. Uz Hrvatski audiovizualni centar i Hrvatsku zajednicu tehni\u010dke kulture, organizacijski je partner Revije uvijek udruga koja lokalno radi na promociji medijske pismenosti, a u Bolu je <\/span><b>to Kino Mediteran<\/b><span style=\"font-weight: 400;\"> koje tijekom cijele godine na na\u0161im otocima prikazuje recentnu doma\u0107u i europsku kinematografiju.<\/span><\/p>\n<p style=\"text-align: justify;\"><span style=\"font-weight: 400;\">U Kinu Mediteran Bol, gdje se za sve\u010dano otvaranje tra\u017eilo sjedalo vi\u0161e, publici se obratio <\/span><b>Alen Muniti\u0107<\/b><span style=\"font-weight: 400;\">, ovogodi\u0161nji suorganizator Revije i direktor <\/span><b>Kina Mediteran<\/b><span style=\"font-weight: 400;\">.<\/span><\/p>\n<p style=\"text-align: justify;\"><span style=\"font-weight: 400;\">\u201eNama je izuzetno drago da smo ugostili Reviju u mjesecima izvan sezone jer obi\u010dno svi otoke posje\u0107uju ljeti, a nama je jesenski i zimski period izuzetno va\u017ean, jer se posebno fokusiramo na dje\u010dje filmove i suradnju s osnovnim i srednjim \u0161kolama u svim gradovima u kojima radimo. Zahvaljujem se <\/span><b>Hrvatskom filmskom savezu<\/b><span style=\"font-weight: 400;\"> na tome \u0161to nam je ukazao povjerenje i dao priliku da budemo suorganizatori Revije, kao i <\/span><b>Op\u0107ini Bol<\/b><span style=\"font-weight: 400;\"> i <\/span><b>Centru za kulturu Bol<\/b><span style=\"font-weight: 400;\">.\u201c<\/span><\/p>\n<p style=\"text-align: justify;\"><span style=\"font-weight: 400;\">Revija hrvatskog filmskog stvarala\u0161tva djece je po 56. put presjek najkvalitetnijeg filmskog stvarala\u0161tva djece. I ove je godine stigao veliki broj prijava, a u natjecateljski program u\u0161lo je \u010dak 89 filmova. \u00a0Hrvatski filmski savez naj\u010dvr\u0161\u0107a je stijena Revije posljednjih 56. godina te se trudi da svake godine filmski o\u017eivi neku novu lokaciju i dovede mlade filma\u0161e iz drugih dijelova Hrvatske. Prisutne u publici pozdravio je i <\/span><b>Matko Buri\u0107<\/b><span style=\"font-weight: 400;\">, v.d. tajnik Hrvatskog filmskog saveza.<\/span><\/p>\n<p style=\"text-align: justify;\"><span style=\"font-weight: 400;\">\u201eDrago nam je da imamo prilike Reviju svake godine seliti u drugo mjesto i na taj na\u010din lokalno poticati medijsku pismenost u razli\u010ditim dijelovima Republike Hrvatske te se nadam, jednom kad Revija zavr\u0161i, da \u0107e dio programa i iskustva s Revije ostati i prenositi daljnju medijsku pismenost i ljubav prema filmu.\u201c \u00a0<\/span><\/p>\n<p style=\"text-align: justify;\"><span style=\"font-weight: 400;\">Prisutni u publici bili su i \u010dlanovi <\/span><b>stru\u010dnog i dje\u010djeg \u017eirija<\/b><span style=\"font-weight: 400;\"> koji \u0107e na kraju Revije dodijeliti nagrade u \u0161est kategorija. \u010clanove stru\u010dnog \u017eirija \u010dine <\/span><b>Maja Flego<\/b><span style=\"font-weight: 400;\">, savjetnica u Uredu pravobraniteljice za djecu, redatelj i snimatelj <\/span><b>Boris Poljak<\/b><span style=\"font-weight: 400;\"> te animatorica <\/span><b>Petra Zlonoga<\/b><span style=\"font-weight: 400;\">. Dje\u010dji \u017eiri ove godine \u010dine u\u010denici <\/span><b>Osnovne \u0161kole Bol<\/b><span style=\"font-weight: 400;\">, prijatelji iz <\/span><b>Enimation festivala iz Slovenije<\/b><span style=\"font-weight: 400;\"> te prijatelji iz <\/span><b>Giffoni film festivala iz Italije<\/b><span style=\"font-weight: 400;\"> koji \u0107e stru\u010dno ocijeniti i pregledati svih 89 filmova, te na kraju dodijeliti nagradu najboljima.<\/span><\/p>\n<p style=\"text-align: justify;\"><span style=\"font-weight: 400;\">A dokaz da Bra\u010d uistinu \u017eivi filmski \u017eivot posljednjih tjedan dana, posve\u0107enih upravo najmla\u0111ima, zasigurno jest i \u010dinjenica da je nakon Makarske i Siska <\/span><b>senzorno &#8211; motori\u010dka<\/b> <b>radionica<\/b><span style=\"font-weight: 400;\"> za djecu s intelektualnim pote\u0161ko\u0107ama odr\u017eana i u <\/span><b>Nere\u017ei\u0161\u0107u<\/b><span style=\"font-weight: 400;\"> u suradnji s <\/span><b>Udrugom Bra\u010dki pupoljci<\/b><span style=\"font-weight: 400;\">. Tako\u0111er, u suradnji s <\/span><b>O\u0160 Supetar i Podru\u010dnom \u0161kolom Nere\u017ei\u0161\u0107a<\/b><span style=\"font-weight: 400;\"> odr\u017eana je radionica za <\/span><b>animirani film<\/b><span style=\"font-weight: 400;\">. Nastali filmovi prikazani su na sve\u010danom otvorenju.<\/span><\/p>\n<p style=\"text-align: justify;\"><span style=\"font-weight: 400;\">Zatim je ovogodi\u0161nju Reviju i slu\u017ebeno otvorila voditeljica obrazovnih <\/span><b>programa Sanja Zanki Peji\u0107<\/b><span style=\"font-weight: 400;\">. Nakon sve\u010danog otvorenja uslijedili su projekcija prvog dijela filmova iz natjecateljskog programa te razgovori s autorima. <\/span><\/p>\n<p style=\"text-align: justify;\"><span style=\"font-weight: 400;\">56. revija hrvatskog filmskog stvarala\u0161tva djece u Bolu trajat \u0107e do nedjelje,<\/span><b> 7. listopada<\/b><span style=\"font-weight: 400;\"> tako da svi zainteresirani imaju puno prilika zaviriti u najkvalitetnije od osnovno\u0161kolskog filmskog stvarala\u0161tva u Hrvatskoj. Kompletan festivalski program je besplatan.<\/span><\/p>\n<p style=\"text-align: justify;\">[izvor informacije\u00a0<strong><a href=\"http:\/\/www.hfs.hr\/\">www.hfs.hr<\/a><\/strong>]<\/p>\n<div id=\"fb_share_1\" style=\"float: right; margin-left: 10px;\"><a name=\"fb_share\" type=\"box_count\" share_url=\"http:\/\/film-mag.net\/wp\/?p=37090\" href=\"http:\/\/www.facebook.com\/sharer.php\">Share<\/a><\/div><div><script src=\"http:\/\/static.ak.fbcdn.net\/connect.php\/js\/FB.Share\" type=\"text\/javascript\"><\/script><\/div><div style=\"clear:both\"><\/div>","protected":false},"excerpt":{"rendered":"<p>Uz sve\u010danu ceremoniju i projekciju dijela filmova iz natjecateljskog programa u Kinu Mediteran Bol 04. listopada 2018. je otvoreno je 56. izdanje Revije hrvatskog filmskog stvarala\u0161tva djece. Revija hrvatskog filmskog stvarala\u0161tva djece svake se godine odr\u017eava u drugom gradu. Nakon pro\u0161logodi\u0161nje manifestacije odr\u017eane u Sisku, idu\u0107a \u010detiri dana Bol na Bra\u010du postat \u0107e mjesto gdje [&hellip;]<\/p>\n","protected":false},"author":8,"featured_media":0,"comment_status":"closed","ping_status":"closed","sticky":false,"template":"","format":"standard","meta":{"_et_pb_use_builder":"","_et_pb_old_content":"","_et_gb_content_width":"","_editorskit_title_hidden":false,"_editorskit_reading_time":0,"_editorskit_is_block_options_detached":false,"_editorskit_block_options_position":"{}","footnotes":""},"categories":[9,22,170,17050],"tags":[12293,8514,741,201,210,4612],"class_list":["post-37090","post","type-post","status-publish","format-standard","hentry","category-film","category-filmski-festivali","category-kalendar","category-press","tag-bol","tag-brac","tag-filmske-revije","tag-hfs","tag-hrvatski-filmski-savez","tag-revija-hrvatskog-filmskog-stvaralastva-djece"],"yoast_head":"<!-- This site is optimized with the Yoast SEO plugin v24.6 - https:\/\/yoast.com\/wordpress\/plugins\/seo\/ -->\n<title>Otvorena 56. Revija hrvatskog filmskog stvarala\u0161tva djece u Bolu - FILM-mag.net<\/title>\n<meta name=\"robots\" content=\"index, follow, max-snippet:-1, max-image-preview:large, max-video-preview:-1\" \/>\n<link rel=\"canonical\" href=\"http:\/\/film-mag.net\/wp\/?p=37090\" \/>\n<meta property=\"og:locale\" content=\"en_US\" \/>\n<meta property=\"og:type\" content=\"article\" \/>\n<meta property=\"og:title\" content=\"Otvorena 56. Revija hrvatskog filmskog stvarala\u0161tva djece u Bolu - FILM-mag.net\" \/>\n<meta property=\"og:description\" content=\"Uz sve\u010danu ceremoniju i projekciju dijela filmova iz natjecateljskog programa u Kinu Mediteran Bol 04. listopada 2018. je otvoreno je 56. izdanje Revije hrvatskog filmskog stvarala\u0161tva djece. Revija hrvatskog filmskog stvarala\u0161tva djece svake se godine odr\u017eava u drugom gradu. Nakon pro\u0161logodi\u0161nje manifestacije odr\u017eane u Sisku, idu\u0107a \u010detiri dana Bol na Bra\u010du postat \u0107e mjesto gdje [&hellip;]\" \/>\n<meta property=\"og:url\" content=\"http:\/\/film-mag.net\/wp\/?p=37090\" \/>\n<meta property=\"og:site_name\" content=\"FILM-mag.net\" \/>\n<meta property=\"article:published_time\" content=\"2018-10-07T22:53:57+00:00\" \/>\n<meta name=\"author\" content=\"PRESS\" \/>\n<meta name=\"twitter:card\" content=\"summary_large_image\" \/>\n<meta name=\"twitter:label1\" content=\"Written by\" \/>\n\t<meta name=\"twitter:data1\" content=\"PRESS\" \/>\n\t<meta name=\"twitter:label2\" content=\"Est. reading time\" \/>\n\t<meta name=\"twitter:data2\" content=\"3 minutes\" \/>\n<script type=\"application\/ld+json\" class=\"yoast-schema-graph\">{\"@context\":\"https:\/\/schema.org\",\"@graph\":[{\"@type\":\"WebPage\",\"@id\":\"http:\/\/film-mag.net\/wp\/?p=37090\",\"url\":\"http:\/\/film-mag.net\/wp\/?p=37090\",\"name\":\"Otvorena 56. Revija hrvatskog filmskog stvarala\u0161tva djece u Bolu - FILM-mag.net\",\"isPartOf\":{\"@id\":\"http:\/\/film-mag.net\/wp\/#website\"},\"datePublished\":\"2018-10-07T22:53:57+00:00\",\"author\":{\"@id\":\"http:\/\/film-mag.net\/wp\/#\/schema\/person\/a8dd3a5b76a5bbde974e03510a205c2f\"},\"breadcrumb\":{\"@id\":\"http:\/\/film-mag.net\/wp\/?p=37090#breadcrumb\"},\"inLanguage\":\"en-US\",\"potentialAction\":[{\"@type\":\"ReadAction\",\"target\":[\"http:\/\/film-mag.net\/wp\/?p=37090\"]}]},{\"@type\":\"BreadcrumbList\",\"@id\":\"http:\/\/film-mag.net\/wp\/?p=37090#breadcrumb\",\"itemListElement\":[{\"@type\":\"ListItem\",\"position\":1,\"name\":\"Home\",\"item\":\"http:\/\/film-mag.net\/wp\/\"},{\"@type\":\"ListItem\",\"position\":2,\"name\":\"Otvorena 56. Revija hrvatskog filmskog stvarala\u0161tva djece u Bolu\"}]},{\"@type\":\"WebSite\",\"@id\":\"http:\/\/film-mag.net\/wp\/#website\",\"url\":\"http:\/\/film-mag.net\/wp\/\",\"name\":\"FILM-mag.net\",\"description\":\"Prvi hrvatski portal o filmu i filmu bliskim podru\u010djima kulture\",\"potentialAction\":[{\"@type\":\"SearchAction\",\"target\":{\"@type\":\"EntryPoint\",\"urlTemplate\":\"http:\/\/film-mag.net\/wp\/?s={search_term_string}\"},\"query-input\":{\"@type\":\"PropertyValueSpecification\",\"valueRequired\":true,\"valueName\":\"search_term_string\"}}],\"inLanguage\":\"en-US\"},{\"@type\":\"Person\",\"@id\":\"http:\/\/film-mag.net\/wp\/#\/schema\/person\/a8dd3a5b76a5bbde974e03510a205c2f\",\"name\":\"PRESS\",\"image\":{\"@type\":\"ImageObject\",\"inLanguage\":\"en-US\",\"@id\":\"http:\/\/film-mag.net\/wp\/#\/schema\/person\/image\/\",\"url\":\"https:\/\/secure.gravatar.com\/avatar\/bf4ab1626f485b36c4f3650b1d351839?s=96&d=mm&r=g\",\"contentUrl\":\"https:\/\/secure.gravatar.com\/avatar\/bf4ab1626f485b36c4f3650b1d351839?s=96&d=mm&r=g\",\"caption\":\"PRESS\"},\"url\":\"http:\/\/film-mag.net\/wp\/?author=8\"}]}<\/script>\n<!-- \/ Yoast SEO plugin. -->","yoast_head_json":{"title":"Otvorena 56. Revija hrvatskog filmskog stvarala\u0161tva djece u Bolu - FILM-mag.net","robots":{"index":"index","follow":"follow","max-snippet":"max-snippet:-1","max-image-preview":"max-image-preview:large","max-video-preview":"max-video-preview:-1"},"canonical":"http:\/\/film-mag.net\/wp\/?p=37090","og_locale":"en_US","og_type":"article","og_title":"Otvorena 56. Revija hrvatskog filmskog stvarala\u0161tva djece u Bolu - FILM-mag.net","og_description":"Uz sve\u010danu ceremoniju i projekciju dijela filmova iz natjecateljskog programa u Kinu Mediteran Bol 04. listopada 2018. je otvoreno je 56. izdanje Revije hrvatskog filmskog stvarala\u0161tva djece. Revija hrvatskog filmskog stvarala\u0161tva djece svake se godine odr\u017eava u drugom gradu. Nakon pro\u0161logodi\u0161nje manifestacije odr\u017eane u Sisku, idu\u0107a \u010detiri dana Bol na Bra\u010du postat \u0107e mjesto gdje [&hellip;]","og_url":"http:\/\/film-mag.net\/wp\/?p=37090","og_site_name":"FILM-mag.net","article_published_time":"2018-10-07T22:53:57+00:00","author":"PRESS","twitter_card":"summary_large_image","twitter_misc":{"Written by":"PRESS","Est. reading time":"3 minutes"},"schema":{"@context":"https:\/\/schema.org","@graph":[{"@type":"WebPage","@id":"http:\/\/film-mag.net\/wp\/?p=37090","url":"http:\/\/film-mag.net\/wp\/?p=37090","name":"Otvorena 56. Revija hrvatskog filmskog stvarala\u0161tva djece u Bolu - FILM-mag.net","isPartOf":{"@id":"http:\/\/film-mag.net\/wp\/#website"},"datePublished":"2018-10-07T22:53:57+00:00","author":{"@id":"http:\/\/film-mag.net\/wp\/#\/schema\/person\/a8dd3a5b76a5bbde974e03510a205c2f"},"breadcrumb":{"@id":"http:\/\/film-mag.net\/wp\/?p=37090#breadcrumb"},"inLanguage":"en-US","potentialAction":[{"@type":"ReadAction","target":["http:\/\/film-mag.net\/wp\/?p=37090"]}]},{"@type":"BreadcrumbList","@id":"http:\/\/film-mag.net\/wp\/?p=37090#breadcrumb","itemListElement":[{"@type":"ListItem","position":1,"name":"Home","item":"http:\/\/film-mag.net\/wp\/"},{"@type":"ListItem","position":2,"name":"Otvorena 56. Revija hrvatskog filmskog stvarala\u0161tva djece u Bolu"}]},{"@type":"WebSite","@id":"http:\/\/film-mag.net\/wp\/#website","url":"http:\/\/film-mag.net\/wp\/","name":"FILM-mag.net","description":"Prvi hrvatski portal o filmu i filmu bliskim podru\u010djima kulture","potentialAction":[{"@type":"SearchAction","target":{"@type":"EntryPoint","urlTemplate":"http:\/\/film-mag.net\/wp\/?s={search_term_string}"},"query-input":{"@type":"PropertyValueSpecification","valueRequired":true,"valueName":"search_term_string"}}],"inLanguage":"en-US"},{"@type":"Person","@id":"http:\/\/film-mag.net\/wp\/#\/schema\/person\/a8dd3a5b76a5bbde974e03510a205c2f","name":"PRESS","image":{"@type":"ImageObject","inLanguage":"en-US","@id":"http:\/\/film-mag.net\/wp\/#\/schema\/person\/image\/","url":"https:\/\/secure.gravatar.com\/avatar\/bf4ab1626f485b36c4f3650b1d351839?s=96&d=mm&r=g","contentUrl":"https:\/\/secure.gravatar.com\/avatar\/bf4ab1626f485b36c4f3650b1d351839?s=96&d=mm&r=g","caption":"PRESS"},"url":"http:\/\/film-mag.net\/wp\/?author=8"}]}},"_links":{"self":[{"href":"http:\/\/film-mag.net\/wp\/index.php?rest_route=\/wp\/v2\/posts\/37090","targetHints":{"allow":["GET"]}}],"collection":[{"href":"http:\/\/film-mag.net\/wp\/index.php?rest_route=\/wp\/v2\/posts"}],"about":[{"href":"http:\/\/film-mag.net\/wp\/index.php?rest_route=\/wp\/v2\/types\/post"}],"author":[{"embeddable":true,"href":"http:\/\/film-mag.net\/wp\/index.php?rest_route=\/wp\/v2\/users\/8"}],"replies":[{"embeddable":true,"href":"http:\/\/film-mag.net\/wp\/index.php?rest_route=%2Fwp%2Fv2%2Fcomments&post=37090"}],"version-history":[{"count":1,"href":"http:\/\/film-mag.net\/wp\/index.php?rest_route=\/wp\/v2\/posts\/37090\/revisions"}],"predecessor-version":[{"id":37091,"href":"http:\/\/film-mag.net\/wp\/index.php?rest_route=\/wp\/v2\/posts\/37090\/revisions\/37091"}],"wp:attachment":[{"href":"http:\/\/film-mag.net\/wp\/index.php?rest_route=%2Fwp%2Fv2%2Fmedia&parent=37090"}],"wp:term":[{"taxonomy":"category","embeddable":true,"href":"http:\/\/film-mag.net\/wp\/index.php?rest_route=%2Fwp%2Fv2%2Fcategories&post=37090"},{"taxonomy":"post_tag","embeddable":true,"href":"http:\/\/film-mag.net\/wp\/index.php?rest_route=%2Fwp%2Fv2%2Ftags&post=37090"}],"curies":[{"name":"wp","href":"https:\/\/api.w.org\/{rel}","templated":true}]}}