{"id":36169,"date":"2018-06-16T11:36:14","date_gmt":"2018-06-16T09:36:14","guid":{"rendered":"http:\/\/film-mag.net\/wp\/?p=36169"},"modified":"2018-06-16T11:36:14","modified_gmt":"2018-06-16T09:36:14","slug":"jubilarna-izvedba-turbofolka-u-rijeckom-hnk-u-posvecena-andreji-blagojevic","status":"publish","type":"post","link":"http:\/\/film-mag.net\/wp\/?p=36169","title":{"rendered":"Jubilarna izvedba &#8216;Turbofolka&#8217; u rije\u010dkom HNK-u posve\u0107ena Andreji Blagojevi\u0107"},"content":{"rendered":"<p style=\"text-align: justify;\"><b>IZVEDBA KULTNOG \u201eTURBOFOLKA\u201c POVODOM 10. GODI\u0160NJICE IZVO\u0110ENJA POSVE\u0106ENA ANDREJI BLAGOJEVI\u0106<\/b><\/p>\n<p style=\"text-align: justify;\">Izvedbom kultne, vi\u0161estruko nagra\u0111ivane predstave rije\u010dkog HNK Ivana pl. Zajca \u201eTurbofolk (Ri-Loudid) \u201c, u ponedjeljak, 18. lipnja 2018. u 20 sati u HNK Ivana pl. Zajca, bit \u0107e obilje\u017eeno 10 godina njenog izvo\u0111enja. Prema \u017eelji gluma\u010dkog ansambla, predstava \u0107e biti posve\u0107ena njihovoj prerano, prije tri godine, preminuloj kolegici, dramskoj prvakinji Andreji Blagojevi\u0107 koja je \u010dinila originalni gluma\u010dki postav. Upravo stoga, nakon dugo vremena, ponovno se okupila prva gluma\u010dka ekipa, uz posvetu Andreji: <i>Postoje neke predstave i rad na njima, koje se ure\u017eu u kolektivnu svijest njenih sudionika i ostanu tako zaklju\u010dane u srcima i sje\u0107anju. Turbofolk je jedna od njih. Kad god je igramo, s nama si. Tvoj duh je me\u0111u nama jer znamo koliko si je voljela i s koliko ljubavlji igrala. 18. <\/i><i>lipnja igrat \u0107emo Turbofolk u staroj postavi i tu predstavu, a bli\u017ei se negdje i stota izvedba, posve\u0107ujemo tebi, draga Andreja. Sigurni smo da \u0107e\u0161 biti s nama. <\/i><i>Vole te: Tanja, Jelena, Olivera, Anastazija, Dra\u017een, Alen, Damir, Jasmin, Giuseppe<\/i><\/p>\n<p style=\"text-align: justify;\"><img decoding=\"async\" style=\"border: none; width: 100%;\" src=\" http:\/\/hnk-zajc.hr\/wp-content\/uploads\/2017\/07\/HD-turbofolk-riloudid-foto-Maciej-Zakrzewski--715x575.jpg \" \/><\/p>\n<p style=\"text-align: justify;\">Turbofolk ; Ustupio HNK Ivan pl. Zajc<\/p>\n<p style=\"text-align: justify;\">Predstava, autorski projekt Olivera Frlji\u0107a, ostvarena u produkciji Hrvatske drame rije\u010dkog HNK Ivana pl. Zajca, premijerno je izvedena 31. svibnja 2008. Od tada je polu\u010dila uspjehe na mnogim inozemnim i doma\u0107im\u00a0festivalima poput, budimpe\u0161tanskog Spring Festivala, be\u010dkog festivala Wiener Festwochen, festivala \u201eBeyond belonging\u201c u Berlinu, Sterijinog pozorja u Novom Sadu, Festivala mediteranskog kazali\u0161ta \u201ePurgatorije\u201c u Tivtu, Gavellinih ve\u010deri u Zagrebu, Me\u0111unarodnog festivala malih scena u Rijeci, Festivala \u201eZlatni lav\u201c u Umagu, Maruli\u0107evih dana u Splitu, Me\u0111unarodnog festivala Slovenskog mladinskog gledali\u0161\u010da u Ljubljani ili Malta festivala u poljskom Poznanu. Postala je jednom od najnagra\u0111ivanjih u povijesti rije\u010dkog kazali\u0161ta.<\/p>\n<p style=\"text-align: justify;\">Uz re\u017eiju, Oliver Frlji\u0107 potpisuje i izbor glazbe te scenografiju zajedno s Borutom \u0160eparovi\u0107em, dramaturgom predstave. Za kostimografiju je zaslu\u017ean Modni studio Arti\u0111ana a za oblikovanje svjetla Boris Blidar. U obljetni\u010dkoj predstavi igraju Olivera Baljak, Anastazija Bala\u017e, Alen Liveri\u0107, Jelena Lopati\u0107, Jasmin Meki\u0107, Dra\u017een Mikuli\u0107, Giuseppe Nicodemo, Damir Orli\u0107 i Tanja Smoje.<\/p>\n<p style=\"text-align: justify;\">Od samog po\u010detka, \u201eTurbofolk\u201c je pokazao potencijal dugovje\u010dne uspje\u0161nice jer su ga, gdje god se izvodio, i publika i kritika sjajno prihvatili.<\/p>\n<p style=\"text-align: justify;\">Predstava progovara o fenomenu narodnja\u010dke glazbe i \u010ditavoj subkulturi koju predstavlja. Rije\u010dima samog autora Frlji\u0107a, \u201e<i>Turbofolk je predstava iz naroda i predstava za narod u hrvatskom narodnom kazali\u0161tu. Turbofolk je hrvatsko narodno kazali\u0161te 21. stolje\u0107a. Turbofolk prosvje\u0107uje. Turbofolk je istina. Turbofolk je predstava iz \u017eivota i \u017eivot sam.\u201c<\/i><\/p>\n<p style=\"text-align: justify;\">Predstava<i> Turbofolk <\/i>je oslobo\u0111enje i pobuna, obra\u010dunavanje s dru\u0161tvenim la\u017eima. Surova iskrenost ove predstave ne prestaje biti izazovna i u novom izdanju nakon punih 10 godina izvo\u0111enja.<\/p>\n<p style=\"text-align: justify;\">[izvor informacije\u00a0<a href=\"http:\/\/hnk-zajc.hr\/naslovnica\/\"><strong>HNK Ivan pl. Zajc<\/strong><\/a>]<\/p>\n<div id=\"fb_share_1\" style=\"float: right; margin-left: 10px;\"><a name=\"fb_share\" type=\"box_count\" share_url=\"http:\/\/film-mag.net\/wp\/?p=36169\" href=\"http:\/\/www.facebook.com\/sharer.php\">Share<\/a><\/div><div><script src=\"http:\/\/static.ak.fbcdn.net\/connect.php\/js\/FB.Share\" type=\"text\/javascript\"><\/script><\/div><div style=\"clear:both\"><\/div>","protected":false},"excerpt":{"rendered":"<p>IZVEDBA KULTNOG \u201eTURBOFOLKA\u201c POVODOM 10. GODI\u0160NJICE IZVO\u0110ENJA POSVE\u0106ENA ANDREJI BLAGOJEVI\u0106 Izvedbom kultne, vi\u0161estruko nagra\u0111ivane predstave rije\u010dkog HNK Ivana pl. Zajca \u201eTurbofolk (Ri-Loudid) \u201c, u ponedjeljak, 18. lipnja 2018. u 20 sati u HNK Ivana pl. Zajca, bit \u0107e obilje\u017eeno 10 godina njenog izvo\u0111enja. Prema \u017eelji gluma\u010dkog ansambla, predstava \u0107e biti posve\u0107ena njihovoj prerano, prije tri [&hellip;]<\/p>\n","protected":false},"author":8,"featured_media":0,"comment_status":"closed","ping_status":"closed","sticky":false,"template":"","format":"standard","meta":{"_et_pb_use_builder":"","_et_pb_old_content":"","_et_gb_content_width":"","_editorskit_title_hidden":false,"_editorskit_reading_time":0,"_editorskit_is_block_options_detached":false,"_editorskit_block_options_position":"{}","footnotes":""},"categories":[170,36,26,10,17050],"tags":[18147,7131,18146,1133,466,662],"class_list":["post-36169","post","type-post","status-publish","format-standard","hentry","category-kalendar","category-kazalisne-najave","category-kazalisni-dogadjaji","category-kazaliste","category-press","tag-andreja-blagojevic","tag-hnk-ivan-pl-zajc","tag-jubilarna-predstava","tag-jubileji","tag-oliver-frljic","tag-rijeka"],"yoast_head":"<!-- This site is optimized with the Yoast SEO plugin v24.6 - https:\/\/yoast.com\/wordpress\/plugins\/seo\/ -->\n<title>Jubilarna izvedba &#039;Turbofolka&#039; u rije\u010dkom HNK-u posve\u0107ena Andreji Blagojevi\u0107 - FILM-mag.net<\/title>\n<meta name=\"robots\" content=\"index, follow, max-snippet:-1, max-image-preview:large, max-video-preview:-1\" \/>\n<link rel=\"canonical\" href=\"http:\/\/film-mag.net\/wp\/?p=36169\" \/>\n<meta property=\"og:locale\" content=\"en_US\" \/>\n<meta property=\"og:type\" content=\"article\" \/>\n<meta property=\"og:title\" content=\"Jubilarna izvedba &#039;Turbofolka&#039; u rije\u010dkom HNK-u posve\u0107ena Andreji Blagojevi\u0107 - FILM-mag.net\" \/>\n<meta property=\"og:description\" content=\"IZVEDBA KULTNOG \u201eTURBOFOLKA\u201c POVODOM 10. GODI\u0160NJICE IZVO\u0110ENJA POSVE\u0106ENA ANDREJI BLAGOJEVI\u0106 Izvedbom kultne, vi\u0161estruko nagra\u0111ivane predstave rije\u010dkog HNK Ivana pl. Zajca \u201eTurbofolk (Ri-Loudid) \u201c, u ponedjeljak, 18. lipnja 2018. u 20 sati u HNK Ivana pl. Zajca, bit \u0107e obilje\u017eeno 10 godina njenog izvo\u0111enja. Prema \u017eelji gluma\u010dkog ansambla, predstava \u0107e biti posve\u0107ena njihovoj prerano, prije tri [&hellip;]\" \/>\n<meta property=\"og:url\" content=\"http:\/\/film-mag.net\/wp\/?p=36169\" \/>\n<meta property=\"og:site_name\" content=\"FILM-mag.net\" \/>\n<meta property=\"article:published_time\" content=\"2018-06-16T09:36:14+00:00\" \/>\n<meta name=\"author\" content=\"PRESS\" \/>\n<meta name=\"twitter:card\" content=\"summary_large_image\" \/>\n<meta name=\"twitter:label1\" content=\"Written by\" \/>\n\t<meta name=\"twitter:data1\" content=\"PRESS\" \/>\n\t<meta name=\"twitter:label2\" content=\"Est. reading time\" \/>\n\t<meta name=\"twitter:data2\" content=\"2 minutes\" \/>\n<script type=\"application\/ld+json\" class=\"yoast-schema-graph\">{\"@context\":\"https:\/\/schema.org\",\"@graph\":[{\"@type\":\"WebPage\",\"@id\":\"http:\/\/film-mag.net\/wp\/?p=36169\",\"url\":\"http:\/\/film-mag.net\/wp\/?p=36169\",\"name\":\"Jubilarna izvedba 'Turbofolka' u rije\u010dkom HNK-u posve\u0107ena Andreji Blagojevi\u0107 - FILM-mag.net\",\"isPartOf\":{\"@id\":\"http:\/\/film-mag.net\/wp\/#website\"},\"datePublished\":\"2018-06-16T09:36:14+00:00\",\"author\":{\"@id\":\"http:\/\/film-mag.net\/wp\/#\/schema\/person\/a8dd3a5b76a5bbde974e03510a205c2f\"},\"breadcrumb\":{\"@id\":\"http:\/\/film-mag.net\/wp\/?p=36169#breadcrumb\"},\"inLanguage\":\"en-US\",\"potentialAction\":[{\"@type\":\"ReadAction\",\"target\":[\"http:\/\/film-mag.net\/wp\/?p=36169\"]}]},{\"@type\":\"BreadcrumbList\",\"@id\":\"http:\/\/film-mag.net\/wp\/?p=36169#breadcrumb\",\"itemListElement\":[{\"@type\":\"ListItem\",\"position\":1,\"name\":\"Home\",\"item\":\"http:\/\/film-mag.net\/wp\/\"},{\"@type\":\"ListItem\",\"position\":2,\"name\":\"Jubilarna izvedba &#8216;Turbofolka&#8217; u rije\u010dkom HNK-u posve\u0107ena Andreji Blagojevi\u0107\"}]},{\"@type\":\"WebSite\",\"@id\":\"http:\/\/film-mag.net\/wp\/#website\",\"url\":\"http:\/\/film-mag.net\/wp\/\",\"name\":\"FILM-mag.net\",\"description\":\"Prvi hrvatski portal o filmu i filmu bliskim podru\u010djima kulture\",\"potentialAction\":[{\"@type\":\"SearchAction\",\"target\":{\"@type\":\"EntryPoint\",\"urlTemplate\":\"http:\/\/film-mag.net\/wp\/?s={search_term_string}\"},\"query-input\":{\"@type\":\"PropertyValueSpecification\",\"valueRequired\":true,\"valueName\":\"search_term_string\"}}],\"inLanguage\":\"en-US\"},{\"@type\":\"Person\",\"@id\":\"http:\/\/film-mag.net\/wp\/#\/schema\/person\/a8dd3a5b76a5bbde974e03510a205c2f\",\"name\":\"PRESS\",\"image\":{\"@type\":\"ImageObject\",\"inLanguage\":\"en-US\",\"@id\":\"http:\/\/film-mag.net\/wp\/#\/schema\/person\/image\/\",\"url\":\"https:\/\/secure.gravatar.com\/avatar\/bf4ab1626f485b36c4f3650b1d351839?s=96&d=mm&r=g\",\"contentUrl\":\"https:\/\/secure.gravatar.com\/avatar\/bf4ab1626f485b36c4f3650b1d351839?s=96&d=mm&r=g\",\"caption\":\"PRESS\"},\"url\":\"http:\/\/film-mag.net\/wp\/?author=8\"}]}<\/script>\n<!-- \/ Yoast SEO plugin. -->","yoast_head_json":{"title":"Jubilarna izvedba 'Turbofolka' u rije\u010dkom HNK-u posve\u0107ena Andreji Blagojevi\u0107 - FILM-mag.net","robots":{"index":"index","follow":"follow","max-snippet":"max-snippet:-1","max-image-preview":"max-image-preview:large","max-video-preview":"max-video-preview:-1"},"canonical":"http:\/\/film-mag.net\/wp\/?p=36169","og_locale":"en_US","og_type":"article","og_title":"Jubilarna izvedba 'Turbofolka' u rije\u010dkom HNK-u posve\u0107ena Andreji Blagojevi\u0107 - FILM-mag.net","og_description":"IZVEDBA KULTNOG \u201eTURBOFOLKA\u201c POVODOM 10. GODI\u0160NJICE IZVO\u0110ENJA POSVE\u0106ENA ANDREJI BLAGOJEVI\u0106 Izvedbom kultne, vi\u0161estruko nagra\u0111ivane predstave rije\u010dkog HNK Ivana pl. Zajca \u201eTurbofolk (Ri-Loudid) \u201c, u ponedjeljak, 18. lipnja 2018. u 20 sati u HNK Ivana pl. Zajca, bit \u0107e obilje\u017eeno 10 godina njenog izvo\u0111enja. Prema \u017eelji gluma\u010dkog ansambla, predstava \u0107e biti posve\u0107ena njihovoj prerano, prije tri [&hellip;]","og_url":"http:\/\/film-mag.net\/wp\/?p=36169","og_site_name":"FILM-mag.net","article_published_time":"2018-06-16T09:36:14+00:00","author":"PRESS","twitter_card":"summary_large_image","twitter_misc":{"Written by":"PRESS","Est. reading time":"2 minutes"},"schema":{"@context":"https:\/\/schema.org","@graph":[{"@type":"WebPage","@id":"http:\/\/film-mag.net\/wp\/?p=36169","url":"http:\/\/film-mag.net\/wp\/?p=36169","name":"Jubilarna izvedba 'Turbofolka' u rije\u010dkom HNK-u posve\u0107ena Andreji Blagojevi\u0107 - FILM-mag.net","isPartOf":{"@id":"http:\/\/film-mag.net\/wp\/#website"},"datePublished":"2018-06-16T09:36:14+00:00","author":{"@id":"http:\/\/film-mag.net\/wp\/#\/schema\/person\/a8dd3a5b76a5bbde974e03510a205c2f"},"breadcrumb":{"@id":"http:\/\/film-mag.net\/wp\/?p=36169#breadcrumb"},"inLanguage":"en-US","potentialAction":[{"@type":"ReadAction","target":["http:\/\/film-mag.net\/wp\/?p=36169"]}]},{"@type":"BreadcrumbList","@id":"http:\/\/film-mag.net\/wp\/?p=36169#breadcrumb","itemListElement":[{"@type":"ListItem","position":1,"name":"Home","item":"http:\/\/film-mag.net\/wp\/"},{"@type":"ListItem","position":2,"name":"Jubilarna izvedba &#8216;Turbofolka&#8217; u rije\u010dkom HNK-u posve\u0107ena Andreji Blagojevi\u0107"}]},{"@type":"WebSite","@id":"http:\/\/film-mag.net\/wp\/#website","url":"http:\/\/film-mag.net\/wp\/","name":"FILM-mag.net","description":"Prvi hrvatski portal o filmu i filmu bliskim podru\u010djima kulture","potentialAction":[{"@type":"SearchAction","target":{"@type":"EntryPoint","urlTemplate":"http:\/\/film-mag.net\/wp\/?s={search_term_string}"},"query-input":{"@type":"PropertyValueSpecification","valueRequired":true,"valueName":"search_term_string"}}],"inLanguage":"en-US"},{"@type":"Person","@id":"http:\/\/film-mag.net\/wp\/#\/schema\/person\/a8dd3a5b76a5bbde974e03510a205c2f","name":"PRESS","image":{"@type":"ImageObject","inLanguage":"en-US","@id":"http:\/\/film-mag.net\/wp\/#\/schema\/person\/image\/","url":"https:\/\/secure.gravatar.com\/avatar\/bf4ab1626f485b36c4f3650b1d351839?s=96&d=mm&r=g","contentUrl":"https:\/\/secure.gravatar.com\/avatar\/bf4ab1626f485b36c4f3650b1d351839?s=96&d=mm&r=g","caption":"PRESS"},"url":"http:\/\/film-mag.net\/wp\/?author=8"}]}},"_links":{"self":[{"href":"http:\/\/film-mag.net\/wp\/index.php?rest_route=\/wp\/v2\/posts\/36169","targetHints":{"allow":["GET"]}}],"collection":[{"href":"http:\/\/film-mag.net\/wp\/index.php?rest_route=\/wp\/v2\/posts"}],"about":[{"href":"http:\/\/film-mag.net\/wp\/index.php?rest_route=\/wp\/v2\/types\/post"}],"author":[{"embeddable":true,"href":"http:\/\/film-mag.net\/wp\/index.php?rest_route=\/wp\/v2\/users\/8"}],"replies":[{"embeddable":true,"href":"http:\/\/film-mag.net\/wp\/index.php?rest_route=%2Fwp%2Fv2%2Fcomments&post=36169"}],"version-history":[{"count":1,"href":"http:\/\/film-mag.net\/wp\/index.php?rest_route=\/wp\/v2\/posts\/36169\/revisions"}],"predecessor-version":[{"id":36170,"href":"http:\/\/film-mag.net\/wp\/index.php?rest_route=\/wp\/v2\/posts\/36169\/revisions\/36170"}],"wp:attachment":[{"href":"http:\/\/film-mag.net\/wp\/index.php?rest_route=%2Fwp%2Fv2%2Fmedia&parent=36169"}],"wp:term":[{"taxonomy":"category","embeddable":true,"href":"http:\/\/film-mag.net\/wp\/index.php?rest_route=%2Fwp%2Fv2%2Fcategories&post=36169"},{"taxonomy":"post_tag","embeddable":true,"href":"http:\/\/film-mag.net\/wp\/index.php?rest_route=%2Fwp%2Fv2%2Ftags&post=36169"}],"curies":[{"name":"wp","href":"https:\/\/api.w.org\/{rel}","templated":true}]}}