{"id":34436,"date":"2018-01-10T22:42:48","date_gmt":"2018-01-10T21:42:48","guid":{"rendered":"http:\/\/film-mag.net\/wp\/?p=34436"},"modified":"2018-01-10T22:42:48","modified_gmt":"2018-01-10T21:42:48","slug":"premijera-predstave-woyzeck-u-rijeckom-hnk-u","status":"publish","type":"post","link":"http:\/\/film-mag.net\/wp\/?p=34436","title":{"rendered":"Premijera predstave &#8216;Woyzeck&#8217; u rije\u010dkom HNK-u"},"content":{"rendered":"<p style=\"text-align: justify;\"><strong>\u201eWOYZECK\u201d U KOJEM \u0106E SE MNOGI PREPOZNATI<\/strong><\/p>\n<p style=\"text-align: justify;\">\u201eWoyzeck\u201d Georga B\u00fcchnera u re\u017eiji Anice Tomi\u0107 prva je premijera Hrvatske drame HNK Ivana pl. Zajca u novoj godini i to u petak, 12. sije\u010dnja u 19 i 30 sati.<\/p>\n<p style=\"text-align: justify;\">Dramaturginja je Jelena Kova\u010di\u0107, skladatelj je Nenad Kova\u010di\u0107, scenografi su Anica Tomi\u0107 i Dalibor Laginja, kostimografkinja je Sandra Dekani\u0107, suradnica za pokret je Mila \u010culjak, dizajner svjetla je Deni \u0160esni\u0107, a jezi\u010dna savjetnica je Zrinka Kolak Fabijan. U naslovnoj ulozi Franza Woyzecka je Dean Kriva\u010di\u0107. Njegovu nezakonitu \u017eenu glumi go\u0161\u0107a iz beogradskog Narodnog pozori\u0161ta Hana Selimovi\u0107. U ulozi vojne Doktorice je Olivera Baljak, Kapetan je Jasmin Meki\u0107, Tambourmajor je Dra\u017een Mikuli\u0107, Margaretha je Anastazija Bala\u017e, Baba je Biljana Tori\u0107, Karl je Leon Lu\u010dev, a Va\u0161arski maestro je Nikola Nedi\u0107.<\/p>\n<p style=\"text-align: justify;\">Intendant HNK Ivana pl. Zajca Marin Bla\u017eevi\u0107 na konferenciji za novinare istaknuo je kako je Hrvatska drama rije\u010dkog Kazali\u0161ta posebno bitan ansambl jer \u201ebeskompromisno i hrabro progovara o va\u017enim dru\u0161tvenim, politi\u010dkim i ekonomskim temama. \u201eWoyzeck\u201d ulazi u red onih predstava koje ne pristaju na diktate tr\u017ei\u0161ta, kakve dominiraju u hrvatskom glumi\u0161tu. Ali prema op\u0107em mi\u0161ljenju, Hrvatska drama postala je jedan od najzna\u010dajnijih ansambala u Hrvatskoj. Gostuju na scenama ispred prepunih gledali\u0161ta i u Hrvatskoj i u inozemstvu, a ve\u0107 ove godine idu u Kolumbiju i Meksiko\u201d.<\/p>\n<p style=\"text-align: justify;\"><img loading=\"lazy\" decoding=\"async\" class=\"single-thumbnail wp-post-image\" src=\"http:\/\/hnk-zajc.hr\/wp-content\/uploads\/2018\/01\/Hana-Selimovi\u0107-Dean-Kriva\u010di\u0107.jpg\" alt=\"Hana Selimovi\u0107, Dean Kriva\u010di\u0107\" width=\"1600\" height=\"1066\" \/><br \/>\nWoyzeck , Ustupio HNK Ivan pl. Zajc<\/p>\n<p style=\"text-align: justify;\">Ravnateljica Hrvatske drame i dramaturginja predstave Jelena Kova\u010di\u0107 kazala je kako B\u00fcchnerovog \u201eWoyzecka\u201d mnogi progla\u0161avaju vje\u010dno suvremenim tekstom \u201ejer \u010dini se kao da zaista i pripada svakom vremenu i da na jedan nevjerojatno sna\u017ean na\u010din svjedo\u010di o poretku stvari kojeg nikako ne mo\u017eemo nadi\u0107i. Woyzeck, naime, otvara niz pitanja o polo\u017eaju obespravljenih, otvara problem klasnih razlika, analiti\u010dki detektira odakle dolazi zlo i za\u0161to smo na njega postali toliko ravnodu\u0161ni\u201d.<\/p>\n<p style=\"text-align: justify;\">Anica Tomi\u0107 jedna je od najnagra\u0111ivanijih vode\u0107ih hrvatskih redateljica. Publika u Rijeci poznaje ju kao redateljicu \u201eMena\u017eerije\u201d HKD Teatra 2009. godine. Tomi\u0107 je kazala: \u201eZa\u0161to Woyzeck? Privatno osje\u0107am da \u017eivimo u prostoru koji je zagu\u0161ljiv, poput vakuuma, ne mo\u017ee\u0161 ni pogledati lijevo ili desno, a da te netko ne osudi. Woyzeck ve\u0107 ulazi s krivnjom, ona ga prati od po\u010detka do kraja, njemu nije pru\u017eena niti prilika da se osje\u0107a krivim, to je ve\u0107 odre\u0111eno. Mnogi \u0107e se u njemu prepoznati. Woyzeck u isto vrijeme moli, vapi za Bogom, sve radi u njegovo ime. Religija je poprimila vrstu krivog objektiviteta. Danas nas iskonsko, arhetipsko toliko jako trese, \u010du\u010di u nama, bez obzira na pripadnost\u201d. Svoje obra\u0107anje publici i medijima zaklju\u010dila je rije\u010dima: \u201eSvaki \u010dovjek ima pravo na izbor. Ali \u0161to se doga\u0111a ako izbora nema? Tu je pitanje slobode koja nam je dana. Pitanje savjesti&#8230;\u201d. Istaknula je na kraju kako je rije\u010dko kazali\u0161te takvo da u svojoj biti tra\u017ei upravo slobodu.<\/p>\n<p style=\"text-align: justify;\">Glumac Hrvatske drame Dean Kriva\u010di\u0107 o svojoj izrazito zahtjevnoj ulozi Woyzecka rekao je kako je potpora ljudi oko njega neophodna, zahvalan je ansamblu koji daje podr\u0161ku jer radi se o te\u0161kom, ali prekrasnom djelu.<\/p>\n<p style=\"text-align: justify;\">U glavnoj \u017eenskoj ulozi Marie je go\u0161\u0107a Hana Selimovi\u0107, jedna od najtalentiranijih i svakako najnagra\u0111ivanijih beogradskih glumica mla\u0111e generacija koja se sjajno uklopila u rije\u010dki ansambl. \u201eWoycezk\u201d smatra jednim od najte\u017eih komada na kojim je radila. Zahvalna je posve\u0107enom ansamblu i autorskom timu zbog kojeg su stvorili potpuno svoj svijet \u201eWoyzecka.<\/p>\n<p style=\"text-align: justify;\">Prvakinja Hrvatske drame Olivera Baljak, u ulozi Doktorice, govorila je o evoluiranju svijeta i \u010dovjeku koji se u svojoj biti ne mijenja jer \u201ezlo se u nama \u00a0ne mijenja. Bilo je, jest i bit \u0107e uvijek\u201d. O svojoj ulozi Doktorice kazala je da je ona tipi\u010dna personifikacija mo\u0107i. \u201eOna koristi svoju poziciju mo\u0107i, poziciju znanstvenice ne bi li do\u0161la do postignu\u0107a i slave, tla\u010di Woyzecka, a zapravo je nesretna i frustrirana kao i svi takvi ljudi. \u201d, zaklju\u010dila je Baljak.<\/p>\n<p style=\"text-align: justify;\">Mila \u010culjak bila je zadu\u017eena za scenski pokret u \u201eWoyzecku\u201d, a kako je, prema htijenju redateljice Tomi\u0107, naglasak na fizikalitetu likova i arhetipskom poticaju, \u201eradili smo u s koracima istarskog tanca i vrli\u010dkog kola.\u201d<\/p>\n<p style=\"text-align: justify;\">Dizajner svjetla Deni \u0160esni\u0107 je pak kazao: \u201e Nastojali smo svjetlom, guraju\u0107i glumce u mrak i izvla\u010de\u0107i ih na svjetlo, stvoriti bezvremenskog, bezprostornog \u201eWoyzecka.\u201d<\/p>\n<p style=\"text-align: justify;\">Reprize predstave \u201eWoyzeck\u201d su 13. sije\u010dnja u 18 sati te 17, 18, 19. i 20. sije\u010dnja u 19 i 30 sati.<\/p>\n<p style=\"text-align: justify;\">Predstava traje oko jedan sat i petnaest minuta i izvodi se bez pauze.<\/p>\n<p style=\"text-align: justify;\">U suradnji Art-kina, HNK Ivana pl. Zajca i Goethe-Instituta Kroatien, 16. sije\u010dnja u Art-kinu\u00a0 bit \u0107e prikazan film Wernera Herzoga \u201eWoyzeck\u201d (82 min) iz 1979. s Klausom Kinskim i Evom Mattes u glavnim ulogama. Nakon filma slijedi razgovor \u201eWoyzeck u kazali\u0161tu i na filmu\u201d s ekipom rije\u010dkog kazali\u0161nog \u201eWoyzecka\u201d.<\/p>\n<p style=\"text-align: justify;\"><strong>Predstavljen novi sponzor \u2013 Carmoto <\/strong><\/p>\n<p style=\"text-align: justify;\">Intendant Marin Bla\u017eevi\u0107 zahvalio je novom sponzoru, rije\u010dkoj firmi Carmoto Co zbog kojih, kako je kazao \u201esti\u017eemo daleko\u201d. Od sezone 17\/18 HNK Ivana pl. Zajca zahvaljuju\u0107i Carmotu Co ima novo slu\u017ebeno vozilo Golf 7 TDI. \u201eZahvalni smo \u0161to je firma s najvi\u0161im internacionalnim priznanjima za kvalitetu, ovla\u0161teni partner za prodaju i servis Volkswagen vozila prepoznala rije\u010dko kazali\u0161te kao ku\u0107u s kojom \u017eeli ostvariti poslovni odnos\u201d, rekao je intendant Bla\u017eevi\u0107. \u010clan Uprave Carmoto Co Marko Ivan\u010devi\u0107 istaknuo je kako firma \u017eeli pove\u0107ati potrebnu autonomiju zaposlenika Kazali\u0161ta. Na programima \u201eZajca\u201d koji \u0107e uslijediti, \u0161iroj javnosti pokazat \u0107e nove modele vozila, upoznati posjetitelje s posebnim ponudama u \u0161to \u0107ete se mo\u0107i uvjeriti ve\u0107 na ovoj predstavi \u201eWoyzeck\u201d.<\/p>\n<p style=\"text-align: justify;\">[izvor informacije\u00a0<a href=\"http:\/\/hnk-zajc.hr\/naslovnica\/\"><strong>HNK Ivan pl. Zajc<\/strong><\/a>]<\/p>\n<div id=\"fb-root\"><\/div>\n<p><script>(function(d, s, id) {  var js, fjs = d.getElementsByTagName(s)[0];  if (d.getElementById(id)) return;  js = d.createElement(s); js.id = id;  js.src = 'https:\/\/connect.facebook.net\/hr_HR\/sdk.js#xfbml=1&version=v2.11';  fjs.parentNode.insertBefore(js, fjs);}(document, 'script', 'facebook-jssdk'));<\/script><\/p>\n<div class=\"fb-post\" data-href=\"https:\/\/www.facebook.com\/FILMmagnet\/photos\/ms.c.eJw9y8cNADAMw8CNAstV3n~_xACn~_HkhkqzUlpZpMWXjgF~;QD4DAFOUUcaJ8iyjMCNVB30Q0fwxSj.bps.a.1692397970798869.1073742376.360984060606940\/1692398060798860\/?type=3\" data-width=\"750\">\n<blockquote cite=\"https:\/\/www.facebook.com\/FILMmagnet\/posts\/1692398060798860\" class=\"fb-xfbml-parse-ignore\">\n<p>Premijera predstave &#039;Woyzeck&#039; u rije&#x10d;kom HNK-u, &gt;http:\/\/film-mag.net\/wp\/?p=34436. Fotografije ustupio HNK Ivan pl. Zajc &#8211; Foto Karlo &#x10c;argonja<\/p>\n<p>Posted by <a href=\"https:\/\/www.facebook.com\/FILMmagnet\/\">F.I.L.M.<\/a> on&nbsp;<a href=\"https:\/\/www.facebook.com\/FILMmagnet\/posts\/1692398060798860\">10. sije\u010dnja 2018<\/a><\/p><\/blockquote>\n<\/div>\n<div id=\"fb_share_1\" style=\"float: right; margin-left: 10px;\"><a name=\"fb_share\" type=\"box_count\" share_url=\"http:\/\/film-mag.net\/wp\/?p=34436\" href=\"http:\/\/www.facebook.com\/sharer.php\">Share<\/a><\/div><div><script src=\"http:\/\/static.ak.fbcdn.net\/connect.php\/js\/FB.Share\" type=\"text\/javascript\"><\/script><\/div><div style=\"clear:both\"><\/div>","protected":false},"excerpt":{"rendered":"<p>\u201eWOYZECK\u201d U KOJEM \u0106E SE MNOGI PREPOZNATI \u201eWoyzeck\u201d Georga B\u00fcchnera u re\u017eiji Anice Tomi\u0107 prva je premijera Hrvatske drame HNK Ivana pl. Zajca u novoj godini i to u petak, 12. sije\u010dnja u 19 i 30 sati. Dramaturginja je Jelena Kova\u010di\u0107, skladatelj je Nenad Kova\u010di\u0107, scenografi su Anica Tomi\u0107 i Dalibor Laginja, kostimografkinja je Sandra [&hellip;]<\/p>\n","protected":false},"author":8,"featured_media":0,"comment_status":"closed","ping_status":"closed","sticky":false,"template":"","format":"standard","meta":{"_et_pb_use_builder":"","_et_pb_old_content":"","_et_gb_content_width":"","_editorskit_title_hidden":false,"_editorskit_reading_time":0,"_editorskit_is_block_options_detached":false,"_editorskit_block_options_position":"{}","footnotes":""},"categories":[170,33,10,17050],"tags":[14765,11298,7395,3595,7394,17261,17260,7131,7389,137,1422,9874,7396,401,662],"class_list":["post-34436","post","type-post","status-publish","format-standard","hentry","category-kalendar","category-kazalisne-premijere","category-kazaliste","category-press","tag-anastazija-balaz","tag-anica-tomic","tag-biljana-toric","tag-dean-krivacic","tag-drazen-mikulic","tag-georg-buchner","tag-hana-selimovic","tag-hnk-ivan-pl-zajc","tag-jasmin-mekic","tag-kazalisna-premijera","tag-leon-lucev","tag-nikola-nedic","tag-olivera-baljak","tag-press-konferencija","tag-rijeka"],"yoast_head":"<!-- This site is optimized with the Yoast SEO plugin v24.6 - https:\/\/yoast.com\/wordpress\/plugins\/seo\/ -->\n<title>Premijera predstave &#039;Woyzeck&#039; u rije\u010dkom HNK-u - FILM-mag.net<\/title>\n<meta name=\"robots\" content=\"index, follow, max-snippet:-1, max-image-preview:large, max-video-preview:-1\" \/>\n<link rel=\"canonical\" href=\"http:\/\/film-mag.net\/wp\/?p=34436\" \/>\n<meta property=\"og:locale\" content=\"en_US\" \/>\n<meta property=\"og:type\" content=\"article\" \/>\n<meta property=\"og:title\" content=\"Premijera predstave &#039;Woyzeck&#039; u rije\u010dkom HNK-u - FILM-mag.net\" \/>\n<meta property=\"og:description\" content=\"\u201eWOYZECK\u201d U KOJEM \u0106E SE MNOGI PREPOZNATI \u201eWoyzeck\u201d Georga B\u00fcchnera u re\u017eiji Anice Tomi\u0107 prva je premijera Hrvatske drame HNK Ivana pl. Zajca u novoj godini i to u petak, 12. sije\u010dnja u 19 i 30 sati. Dramaturginja je Jelena Kova\u010di\u0107, skladatelj je Nenad Kova\u010di\u0107, scenografi su Anica Tomi\u0107 i Dalibor Laginja, kostimografkinja je Sandra [&hellip;]\" \/>\n<meta property=\"og:url\" content=\"http:\/\/film-mag.net\/wp\/?p=34436\" \/>\n<meta property=\"og:site_name\" content=\"FILM-mag.net\" \/>\n<meta property=\"article:published_time\" content=\"2018-01-10T21:42:48+00:00\" \/>\n<meta name=\"author\" content=\"PRESS\" \/>\n<meta name=\"twitter:card\" content=\"summary_large_image\" \/>\n<meta name=\"twitter:label1\" content=\"Written by\" \/>\n\t<meta name=\"twitter:data1\" content=\"PRESS\" \/>\n\t<meta name=\"twitter:label2\" content=\"Est. reading time\" \/>\n\t<meta name=\"twitter:data2\" content=\"5 minutes\" \/>\n<script type=\"application\/ld+json\" class=\"yoast-schema-graph\">{\"@context\":\"https:\/\/schema.org\",\"@graph\":[{\"@type\":\"WebPage\",\"@id\":\"http:\/\/film-mag.net\/wp\/?p=34436\",\"url\":\"http:\/\/film-mag.net\/wp\/?p=34436\",\"name\":\"Premijera predstave 'Woyzeck' u rije\u010dkom HNK-u - FILM-mag.net\",\"isPartOf\":{\"@id\":\"https:\/\/film-mag.net\/wp\/#website\"},\"datePublished\":\"2018-01-10T21:42:48+00:00\",\"author\":{\"@id\":\"https:\/\/film-mag.net\/wp\/#\/schema\/person\/a8dd3a5b76a5bbde974e03510a205c2f\"},\"breadcrumb\":{\"@id\":\"http:\/\/film-mag.net\/wp\/?p=34436#breadcrumb\"},\"inLanguage\":\"en-US\",\"potentialAction\":[{\"@type\":\"ReadAction\",\"target\":[\"http:\/\/film-mag.net\/wp\/?p=34436\"]}]},{\"@type\":\"BreadcrumbList\",\"@id\":\"http:\/\/film-mag.net\/wp\/?p=34436#breadcrumb\",\"itemListElement\":[{\"@type\":\"ListItem\",\"position\":1,\"name\":\"Home\",\"item\":\"https:\/\/film-mag.net\/wp\/\"},{\"@type\":\"ListItem\",\"position\":2,\"name\":\"Premijera predstave &#8216;Woyzeck&#8217; u rije\u010dkom HNK-u\"}]},{\"@type\":\"WebSite\",\"@id\":\"https:\/\/film-mag.net\/wp\/#website\",\"url\":\"https:\/\/film-mag.net\/wp\/\",\"name\":\"FILM-mag.net\",\"description\":\"Prvi hrvatski portal o filmu i filmu bliskim podru\u010djima kulture\",\"potentialAction\":[{\"@type\":\"SearchAction\",\"target\":{\"@type\":\"EntryPoint\",\"urlTemplate\":\"https:\/\/film-mag.net\/wp\/?s={search_term_string}\"},\"query-input\":{\"@type\":\"PropertyValueSpecification\",\"valueRequired\":true,\"valueName\":\"search_term_string\"}}],\"inLanguage\":\"en-US\"},{\"@type\":\"Person\",\"@id\":\"https:\/\/film-mag.net\/wp\/#\/schema\/person\/a8dd3a5b76a5bbde974e03510a205c2f\",\"name\":\"PRESS\",\"image\":{\"@type\":\"ImageObject\",\"inLanguage\":\"en-US\",\"@id\":\"https:\/\/film-mag.net\/wp\/#\/schema\/person\/image\/\",\"url\":\"https:\/\/secure.gravatar.com\/avatar\/bf4ab1626f485b36c4f3650b1d351839?s=96&d=mm&r=g\",\"contentUrl\":\"https:\/\/secure.gravatar.com\/avatar\/bf4ab1626f485b36c4f3650b1d351839?s=96&d=mm&r=g\",\"caption\":\"PRESS\"},\"url\":\"http:\/\/film-mag.net\/wp\/?author=8\"}]}<\/script>\n<!-- \/ Yoast SEO plugin. -->","yoast_head_json":{"title":"Premijera predstave 'Woyzeck' u rije\u010dkom HNK-u - FILM-mag.net","robots":{"index":"index","follow":"follow","max-snippet":"max-snippet:-1","max-image-preview":"max-image-preview:large","max-video-preview":"max-video-preview:-1"},"canonical":"http:\/\/film-mag.net\/wp\/?p=34436","og_locale":"en_US","og_type":"article","og_title":"Premijera predstave 'Woyzeck' u rije\u010dkom HNK-u - FILM-mag.net","og_description":"\u201eWOYZECK\u201d U KOJEM \u0106E SE MNOGI PREPOZNATI \u201eWoyzeck\u201d Georga B\u00fcchnera u re\u017eiji Anice Tomi\u0107 prva je premijera Hrvatske drame HNK Ivana pl. Zajca u novoj godini i to u petak, 12. sije\u010dnja u 19 i 30 sati. Dramaturginja je Jelena Kova\u010di\u0107, skladatelj je Nenad Kova\u010di\u0107, scenografi su Anica Tomi\u0107 i Dalibor Laginja, kostimografkinja je Sandra [&hellip;]","og_url":"http:\/\/film-mag.net\/wp\/?p=34436","og_site_name":"FILM-mag.net","article_published_time":"2018-01-10T21:42:48+00:00","author":"PRESS","twitter_card":"summary_large_image","twitter_misc":{"Written by":"PRESS","Est. reading time":"5 minutes"},"schema":{"@context":"https:\/\/schema.org","@graph":[{"@type":"WebPage","@id":"http:\/\/film-mag.net\/wp\/?p=34436","url":"http:\/\/film-mag.net\/wp\/?p=34436","name":"Premijera predstave 'Woyzeck' u rije\u010dkom HNK-u - FILM-mag.net","isPartOf":{"@id":"https:\/\/film-mag.net\/wp\/#website"},"datePublished":"2018-01-10T21:42:48+00:00","author":{"@id":"https:\/\/film-mag.net\/wp\/#\/schema\/person\/a8dd3a5b76a5bbde974e03510a205c2f"},"breadcrumb":{"@id":"http:\/\/film-mag.net\/wp\/?p=34436#breadcrumb"},"inLanguage":"en-US","potentialAction":[{"@type":"ReadAction","target":["http:\/\/film-mag.net\/wp\/?p=34436"]}]},{"@type":"BreadcrumbList","@id":"http:\/\/film-mag.net\/wp\/?p=34436#breadcrumb","itemListElement":[{"@type":"ListItem","position":1,"name":"Home","item":"https:\/\/film-mag.net\/wp\/"},{"@type":"ListItem","position":2,"name":"Premijera predstave &#8216;Woyzeck&#8217; u rije\u010dkom HNK-u"}]},{"@type":"WebSite","@id":"https:\/\/film-mag.net\/wp\/#website","url":"https:\/\/film-mag.net\/wp\/","name":"FILM-mag.net","description":"Prvi hrvatski portal o filmu i filmu bliskim podru\u010djima kulture","potentialAction":[{"@type":"SearchAction","target":{"@type":"EntryPoint","urlTemplate":"https:\/\/film-mag.net\/wp\/?s={search_term_string}"},"query-input":{"@type":"PropertyValueSpecification","valueRequired":true,"valueName":"search_term_string"}}],"inLanguage":"en-US"},{"@type":"Person","@id":"https:\/\/film-mag.net\/wp\/#\/schema\/person\/a8dd3a5b76a5bbde974e03510a205c2f","name":"PRESS","image":{"@type":"ImageObject","inLanguage":"en-US","@id":"https:\/\/film-mag.net\/wp\/#\/schema\/person\/image\/","url":"https:\/\/secure.gravatar.com\/avatar\/bf4ab1626f485b36c4f3650b1d351839?s=96&d=mm&r=g","contentUrl":"https:\/\/secure.gravatar.com\/avatar\/bf4ab1626f485b36c4f3650b1d351839?s=96&d=mm&r=g","caption":"PRESS"},"url":"http:\/\/film-mag.net\/wp\/?author=8"}]}},"_links":{"self":[{"href":"http:\/\/film-mag.net\/wp\/index.php?rest_route=\/wp\/v2\/posts\/34436","targetHints":{"allow":["GET"]}}],"collection":[{"href":"http:\/\/film-mag.net\/wp\/index.php?rest_route=\/wp\/v2\/posts"}],"about":[{"href":"http:\/\/film-mag.net\/wp\/index.php?rest_route=\/wp\/v2\/types\/post"}],"author":[{"embeddable":true,"href":"http:\/\/film-mag.net\/wp\/index.php?rest_route=\/wp\/v2\/users\/8"}],"replies":[{"embeddable":true,"href":"http:\/\/film-mag.net\/wp\/index.php?rest_route=%2Fwp%2Fv2%2Fcomments&post=34436"}],"version-history":[{"count":1,"href":"http:\/\/film-mag.net\/wp\/index.php?rest_route=\/wp\/v2\/posts\/34436\/revisions"}],"predecessor-version":[{"id":34437,"href":"http:\/\/film-mag.net\/wp\/index.php?rest_route=\/wp\/v2\/posts\/34436\/revisions\/34437"}],"wp:attachment":[{"href":"http:\/\/film-mag.net\/wp\/index.php?rest_route=%2Fwp%2Fv2%2Fmedia&parent=34436"}],"wp:term":[{"taxonomy":"category","embeddable":true,"href":"http:\/\/film-mag.net\/wp\/index.php?rest_route=%2Fwp%2Fv2%2Fcategories&post=34436"},{"taxonomy":"post_tag","embeddable":true,"href":"http:\/\/film-mag.net\/wp\/index.php?rest_route=%2Fwp%2Fv2%2Ftags&post=34436"}],"curies":[{"name":"wp","href":"https:\/\/api.w.org\/{rel}","templated":true}]}}