{"id":31218,"date":"2017-03-10T12:00:28","date_gmt":"2017-03-10T11:00:28","guid":{"rendered":"http:\/\/film-mag.net\/wp\/?p=31218"},"modified":"2017-03-10T13:32:50","modified_gmt":"2017-03-10T12:32:50","slug":"zlatko-vidackovic-novi-umjetnick-ravnatelj-pulskog-filmskog-festivalaa","status":"publish","type":"post","link":"http:\/\/film-mag.net\/wp\/?p=31218","title":{"rendered":"Zlatko Vida\u010dkovi\u0107 novi umjetni\u010dki ravnatelj Pulskog filmskog festivala"},"content":{"rendered":"<p style=\"text-align: justify;\">Umjetni\u010dki ravnatelj Pulskog filmskog festivala u naredne dvije godine biti \u0107e Zlatko Vida\u010dkovi\u0107, koji je tu du\u017enost obavljao i prije uvo\u0111enja Umjetni\u010dkog savjeta, ukinutog izmjenama Pravilnika o radu i financiranju Pulskog filmskog festivala. Umjetni\u010dkog ravnatelja imenuje i razrje\u0161ava ministar kulture, a odgovoran je za izvr\u0161enje programa Festivala. O prijedlozima Umjetni\u010dkog ravnatelja odlu\u010duje Festivalsko vije\u0107e kojim predsjedava ministar kulture.<\/p>\n<p style=\"text-align: justify;\"><strong>Zlatko Vida\u010dkovi\u0107<\/strong> (\u0160ibenik, 1972.) filmski je kriti\u010dar, urednik, sveu\u010dili\u0161ni predava\u010d i producent filmskih manifestacija i programa. Magistar je novinarstva i doktorand na poslijediplomskom studiju informacijskih i komunikacijskih znanosti FFZG.<\/p>\n<div id=\"attachment_31219\" style=\"width: 560px\" class=\"wp-caption alignnone\"><a href=\"http:\/\/film-mag.net\/wp\/wp-content\/uploads\/2017\/03\/pff_zlatkovidackovic.jpg\"><img loading=\"lazy\" decoding=\"async\" aria-describedby=\"caption-attachment-31219\" class=\"size-full wp-image-31219\" src=\"http:\/\/film-mag.net\/wp\/wp-content\/uploads\/2017\/03\/pff_zlatkovidackovic.jpg\" alt=\"Zlatko Vida\u010dkovi\u0107 ; Ustupio PFF\" width=\"550\" height=\"367\" srcset=\"http:\/\/film-mag.net\/wp\/wp-content\/uploads\/2017\/03\/pff_zlatkovidackovic.jpg 550w, http:\/\/film-mag.net\/wp\/wp-content\/uploads\/2017\/03\/pff_zlatkovidackovic-300x200.jpg 300w\" sizes=\"auto, (max-width: 550px) 100vw, 550px\" \/><\/a><p id=\"caption-attachment-31219\" class=\"wp-caption-text\">Zlatko Vida\u010dkovi\u0107 ; Ustupio PFF<\/p><\/div>\n<p style=\"text-align: justify;\">Svakako treba spomenuti da je izme\u0111u ostalog inicijator osnivanja i glavni urednik <em>Kulisa.eu<\/em>, internetskih novina za kulturu i izvedbene umjetnosti, temeljem kojih su nastale stranice <em>Kazaliste.hr, Klasika.hr, Plesnascena.hr<\/em> te <em>Filmovi.hr,<\/em> koju ure\u0111uje od osnutka. Od 2010. do 2016. godine glavni je urednik \u010dasopisa <em>Hrvatsko glumi\u0161te<\/em>. Tako\u0111er, bio je predsjednik Hrvatskog dru\u0161tva filmskih kriti\u010dara u pet mandata, od 2003. do 2008., te \u010dlan \u017eirija Me\u0111unarodne kritike FIPRESCI festivala u Cannesu, San Franciscu, Berlinu i Veneciji. Potpredsjednik je Federacije filmskih kriti\u010dara Europe i Mediterana FEDEORA te Me\u0111unarodne udruge filmskih novinara IPA (International Press Academy).<\/p>\n<p style=\"text-align: justify;\">Bio je umjetni\u010dki ravnatelj Festivala igranog filma u Puli u \u010detiri mandata, od studenog 2004. do velja\u010de 2014. godine. Inicijator je i programski voditelj art-kina Metropolis u Muzeju suvremene umjetnosti u Zagrebu od pokretanja u rujnu 2010. godine. Inicijator je pokretanja i producent Dana europskog filma, odr\u017eanih u Europskom tjednu u svibnju 2002. i 2013. godine, a 2013. bio je voditelj i Filmskog programa Dubrova\u010dkih ljetnih igara.<\/p>\n<p style=\"text-align: justify;\">&#8212;&#8212;&#8212;&#8212;<\/p>\n<p style=\"text-align: justify;\"><strong>Zlatko Vida\u010dkovi\u0107<\/strong> (\u0160ibenik, 1972.) filmski je kriti\u010dar, urednik, sveu\u010dili\u0161ni predava\u010d i producent filmskih manifestacija i programa. Magistar je novinarstva i doktorand na poslijediplomskom studiju informacijskih i komunikacijskih znanosti FFZG.<\/p>\n<p style=\"text-align: justify;\">Novinarstvom se bavi od 1998. te objavljuje u <em>Jutarnjem listu<\/em> i <em>Globusu <\/em>do 2000. godine, kada postaje pomo\u0107nik glavnog urednika novina za kulturu <em>Vijenac<\/em>. Nakon odlaska iz <em>Vijenca<\/em> 2008. inicijator je osnivanja i glavni urednik <em>Kulisa.eu<\/em>, internetskih novina za kulturu i izvedbene umjetnosti, temeljem kojih su nastale stranice <em>Kazaliste.hr, Klasika.hr, Plesnascena.hr<\/em> te <em>Filmovi.hr,<\/em> koju ure\u0111uje od osnutka. Od 2003. do 2013. objavljuje filmske kritike u <em>Vjesniku<\/em> gdje je bio kolumnist i izvjestitelj s me\u0111unarodnih filmskih festivala. Od 2010. do 2016. godine glavni je urednik \u010dasopisa <em>Hrvatsko glumi\u0161te<\/em>. Bio je urednik knjiga Arsena Dedi\u0107a <em>Hladni rat<\/em> i <em>Zabranjena knjiga<\/em>.<\/p>\n<p style=\"text-align: justify;\">Bio je predsjednik Hrvatskog dru\u0161tva filmskih kriti\u010dara u pet mandata, od 2003. do 2008., te \u010dlan \u017eirija Me\u0111unarodne kritike FIPRESCI festivala u Cannesu, San Franciscu, Berlinu i Veneciji. Potpredsjednik je Federacije filmskih kriti\u010dara Europe i Mediterana FEDEORA te Me\u0111unarodne udruge filmskih novinara IPA (International Press Academy).<\/p>\n<p style=\"text-align: justify;\">Bio je umjetni\u010dki ravnatelj Festivala igranog filma u Puli u \u010detiri mandata, od studenog 2004. do velja\u010de 2014. Za to vrijeme Festival je postao najposje\u0107enija kulturna manifestacija u Hrvatskoj, me\u0111unarodni program Europolis gostovanjima je pro\u0161iren na Zagreb, Rijeku, Dubrovnik i Split, Pulu su izme\u0111u ostalih posjetili glumci Greta Scacchi, Christopher Lee i Ralph Fiennes te redatelj James Ivory, a Festival je 2013. u\u0161ao u program MEDIA Europske unije.<\/p>\n<p style=\"text-align: justify;\">Inicijator je i programski voditelj art-kina Metropolis u Muzeju suvremene umjetnosti u Zagrebu od pokretanja u rujnu 2010. Grupa pet hrvatskih kina je pod njegovim vodstvom primljena u \u010dlanstvo Europa Cinemas. Od 2011. godine zamjenik je pro\u010delnika Odjela za kazali\u0161te i film Matice hrvatske, u kojem inicira pokretanje filmolo\u0161kih znanstvenih skupova.<\/p>\n<p style=\"text-align: justify;\">Inicijator je pokretanja i producent Dana europskog filma, odr\u017eanih u Europskom tjednu u svibnju 2102. i 2013. godine, a od 2014. producent je Revije europskog filma koja se odr\u017eava u srpnju na Ljetnom kinu Tu\u0161kanac te u art-kinima Gri\u010d i Metropolis.<\/p>\n<p style=\"text-align: justify;\">Godine 2013. bio je voditelj Filmskog programa Dubrova\u010dkih ljetnih igara, koji je trajao rekordnih 45 dana i uklju\u010divao ciklus ekranizacija djela Oscara Wildea.<\/p>\n<p style=\"text-align: justify;\">Od 2013. predaje predmet Filmski festivali na Odsjeku produkcije Akademije dramske umjetnosti Sveu\u010dili\u0161ta u Zagrebu, dok na Veleu\u010dili\u0161tu VERN predaje predmete Introduction to Croatian Cinema i Croatian Contemporary Culture za studente programa ERASMUS.<\/p>\n<p style=\"text-align: justify;\">U rujnu 2015. izabran je u naslovno nastavno zvanje predava\u010da u podru\u010dju dru\u0161tvenih znanosti, polje informacijske i komunikacijske znanosti.<\/p>\n<p style=\"text-align: justify;\">[izvor informacije <strong><a href=\"http:\/\/www.pulafilmfestival.hr\/hr\/\">Pula Film Festival<\/a><\/strong>]<\/p>\n<div id=\"fb_share_1\" style=\"float: right; margin-left: 10px;\"><a name=\"fb_share\" type=\"box_count\" share_url=\"http:\/\/film-mag.net\/wp\/?p=31218\" href=\"http:\/\/www.facebook.com\/sharer.php\">Share<\/a><\/div><div><script src=\"http:\/\/static.ak.fbcdn.net\/connect.php\/js\/FB.Share\" type=\"text\/javascript\"><\/script><\/div><div style=\"clear:both\"><\/div>","protected":false},"excerpt":{"rendered":"<p>Umjetni\u010dki ravnatelj Pulskog filmskog festivala u naredne dvije godine biti \u0107e Zlatko Vida\u010dkovi\u0107, koji je tu du\u017enost obavljao i prije uvo\u0111enja Umjetni\u010dkog savjeta, ukinutog izmjenama Pravilnika o radu i financiranju Pulskog filmskog festivala. Umjetni\u010dkog ravnatelja imenuje i razrje\u0161ava ministar kulture, a odgovoran je za izvr\u0161enje programa Festivala. O prijedlozima Umjetni\u010dkog ravnatelja odlu\u010duje Festivalsko vije\u0107e kojim [&hellip;]<\/p>\n","protected":false},"author":8,"featured_media":31219,"comment_status":"closed","ping_status":"closed","sticky":false,"template":"","format":"standard","meta":{"_et_pb_use_builder":"","_et_pb_old_content":"","_et_gb_content_width":"","_editorskit_title_hidden":false,"_editorskit_reading_time":0,"_editorskit_is_block_options_detached":false,"_editorskit_block_options_position":"{}","footnotes":""},"categories":[9,21,22],"tags":[94,122,15787,3182],"class_list":["post-31218","post","type-post","status-publish","format-standard","has-post-thumbnail","hentry","category-film","category-filmske-novosti","category-filmski-festivali","tag-filmski-festivali-2","tag-pula-film-festival","tag-pula-film-festival-2017","tag-zlatko-vidackovic"],"yoast_head":"<!-- This site is optimized with the Yoast SEO plugin v24.6 - https:\/\/yoast.com\/wordpress\/plugins\/seo\/ -->\n<title>Zlatko Vida\u010dkovi\u0107 novi umjetni\u010dki ravnatelj Pulskog filmskog festivala - FILM-mag.net<\/title>\n<meta name=\"robots\" content=\"index, follow, max-snippet:-1, max-image-preview:large, max-video-preview:-1\" \/>\n<link rel=\"canonical\" href=\"http:\/\/film-mag.net\/wp\/?p=31218\" \/>\n<meta property=\"og:locale\" content=\"en_US\" \/>\n<meta property=\"og:type\" content=\"article\" \/>\n<meta property=\"og:title\" content=\"Zlatko Vida\u010dkovi\u0107 novi umjetni\u010dki ravnatelj Pulskog filmskog festivala - FILM-mag.net\" \/>\n<meta property=\"og:description\" content=\"Umjetni\u010dki ravnatelj Pulskog filmskog festivala u naredne dvije godine biti \u0107e Zlatko Vida\u010dkovi\u0107, koji je tu du\u017enost obavljao i prije uvo\u0111enja Umjetni\u010dkog savjeta, ukinutog izmjenama Pravilnika o radu i financiranju Pulskog filmskog festivala. Umjetni\u010dkog ravnatelja imenuje i razrje\u0161ava ministar kulture, a odgovoran je za izvr\u0161enje programa Festivala. O prijedlozima Umjetni\u010dkog ravnatelja odlu\u010duje Festivalsko vije\u0107e kojim [&hellip;]\" \/>\n<meta property=\"og:url\" content=\"http:\/\/film-mag.net\/wp\/?p=31218\" \/>\n<meta property=\"og:site_name\" content=\"FILM-mag.net\" \/>\n<meta property=\"article:published_time\" content=\"2017-03-10T11:00:28+00:00\" \/>\n<meta property=\"article:modified_time\" content=\"2017-03-10T12:32:50+00:00\" \/>\n<meta property=\"og:image\" content=\"http:\/\/film-mag.net\/wp\/wp-content\/uploads\/2017\/03\/pff_zlatkovidackovic.jpg\" \/>\n\t<meta property=\"og:image:width\" content=\"550\" \/>\n\t<meta property=\"og:image:height\" content=\"367\" \/>\n\t<meta property=\"og:image:type\" content=\"image\/jpeg\" \/>\n<meta name=\"author\" content=\"PRESS\" \/>\n<meta name=\"twitter:card\" content=\"summary_large_image\" \/>\n<meta name=\"twitter:label1\" content=\"Written by\" \/>\n\t<meta name=\"twitter:data1\" content=\"PRESS\" \/>\n\t<meta name=\"twitter:label2\" content=\"Est. reading time\" \/>\n\t<meta name=\"twitter:data2\" content=\"4 minutes\" \/>\n<script type=\"application\/ld+json\" class=\"yoast-schema-graph\">{\"@context\":\"https:\/\/schema.org\",\"@graph\":[{\"@type\":\"WebPage\",\"@id\":\"http:\/\/film-mag.net\/wp\/?p=31218\",\"url\":\"http:\/\/film-mag.net\/wp\/?p=31218\",\"name\":\"Zlatko Vida\u010dkovi\u0107 novi umjetni\u010dki ravnatelj Pulskog filmskog festivala - FILM-mag.net\",\"isPartOf\":{\"@id\":\"http:\/\/film-mag.net\/wp\/#website\"},\"primaryImageOfPage\":{\"@id\":\"http:\/\/film-mag.net\/wp\/?p=31218#primaryimage\"},\"image\":{\"@id\":\"http:\/\/film-mag.net\/wp\/?p=31218#primaryimage\"},\"thumbnailUrl\":\"http:\/\/film-mag.net\/wp\/wp-content\/uploads\/2017\/03\/pff_zlatkovidackovic.jpg\",\"datePublished\":\"2017-03-10T11:00:28+00:00\",\"dateModified\":\"2017-03-10T12:32:50+00:00\",\"author\":{\"@id\":\"http:\/\/film-mag.net\/wp\/#\/schema\/person\/a8dd3a5b76a5bbde974e03510a205c2f\"},\"breadcrumb\":{\"@id\":\"http:\/\/film-mag.net\/wp\/?p=31218#breadcrumb\"},\"inLanguage\":\"en-US\",\"potentialAction\":[{\"@type\":\"ReadAction\",\"target\":[\"http:\/\/film-mag.net\/wp\/?p=31218\"]}]},{\"@type\":\"ImageObject\",\"inLanguage\":\"en-US\",\"@id\":\"http:\/\/film-mag.net\/wp\/?p=31218#primaryimage\",\"url\":\"http:\/\/film-mag.net\/wp\/wp-content\/uploads\/2017\/03\/pff_zlatkovidackovic.jpg\",\"contentUrl\":\"http:\/\/film-mag.net\/wp\/wp-content\/uploads\/2017\/03\/pff_zlatkovidackovic.jpg\",\"width\":550,\"height\":367,\"caption\":\"Zlatko Vida\u010dkovi\u0107 ; Ustupio PFF\"},{\"@type\":\"BreadcrumbList\",\"@id\":\"http:\/\/film-mag.net\/wp\/?p=31218#breadcrumb\",\"itemListElement\":[{\"@type\":\"ListItem\",\"position\":1,\"name\":\"Home\",\"item\":\"http:\/\/film-mag.net\/wp\/\"},{\"@type\":\"ListItem\",\"position\":2,\"name\":\"Zlatko Vida\u010dkovi\u0107 novi umjetni\u010dki ravnatelj Pulskog filmskog festivala\"}]},{\"@type\":\"WebSite\",\"@id\":\"http:\/\/film-mag.net\/wp\/#website\",\"url\":\"http:\/\/film-mag.net\/wp\/\",\"name\":\"FILM-mag.net\",\"description\":\"Prvi hrvatski portal o filmu i filmu bliskim podru\u010djima kulture\",\"potentialAction\":[{\"@type\":\"SearchAction\",\"target\":{\"@type\":\"EntryPoint\",\"urlTemplate\":\"http:\/\/film-mag.net\/wp\/?s={search_term_string}\"},\"query-input\":{\"@type\":\"PropertyValueSpecification\",\"valueRequired\":true,\"valueName\":\"search_term_string\"}}],\"inLanguage\":\"en-US\"},{\"@type\":\"Person\",\"@id\":\"http:\/\/film-mag.net\/wp\/#\/schema\/person\/a8dd3a5b76a5bbde974e03510a205c2f\",\"name\":\"PRESS\",\"image\":{\"@type\":\"ImageObject\",\"inLanguage\":\"en-US\",\"@id\":\"http:\/\/film-mag.net\/wp\/#\/schema\/person\/image\/\",\"url\":\"https:\/\/secure.gravatar.com\/avatar\/bf4ab1626f485b36c4f3650b1d351839?s=96&d=mm&r=g\",\"contentUrl\":\"https:\/\/secure.gravatar.com\/avatar\/bf4ab1626f485b36c4f3650b1d351839?s=96&d=mm&r=g\",\"caption\":\"PRESS\"},\"url\":\"http:\/\/film-mag.net\/wp\/?author=8\"}]}<\/script>\n<!-- \/ Yoast SEO plugin. -->","yoast_head_json":{"title":"Zlatko Vida\u010dkovi\u0107 novi umjetni\u010dki ravnatelj Pulskog filmskog festivala - FILM-mag.net","robots":{"index":"index","follow":"follow","max-snippet":"max-snippet:-1","max-image-preview":"max-image-preview:large","max-video-preview":"max-video-preview:-1"},"canonical":"http:\/\/film-mag.net\/wp\/?p=31218","og_locale":"en_US","og_type":"article","og_title":"Zlatko Vida\u010dkovi\u0107 novi umjetni\u010dki ravnatelj Pulskog filmskog festivala - FILM-mag.net","og_description":"Umjetni\u010dki ravnatelj Pulskog filmskog festivala u naredne dvije godine biti \u0107e Zlatko Vida\u010dkovi\u0107, koji je tu du\u017enost obavljao i prije uvo\u0111enja Umjetni\u010dkog savjeta, ukinutog izmjenama Pravilnika o radu i financiranju Pulskog filmskog festivala. Umjetni\u010dkog ravnatelja imenuje i razrje\u0161ava ministar kulture, a odgovoran je za izvr\u0161enje programa Festivala. O prijedlozima Umjetni\u010dkog ravnatelja odlu\u010duje Festivalsko vije\u0107e kojim [&hellip;]","og_url":"http:\/\/film-mag.net\/wp\/?p=31218","og_site_name":"FILM-mag.net","article_published_time":"2017-03-10T11:00:28+00:00","article_modified_time":"2017-03-10T12:32:50+00:00","og_image":[{"width":550,"height":367,"url":"http:\/\/film-mag.net\/wp\/wp-content\/uploads\/2017\/03\/pff_zlatkovidackovic.jpg","type":"image\/jpeg"}],"author":"PRESS","twitter_card":"summary_large_image","twitter_misc":{"Written by":"PRESS","Est. reading time":"4 minutes"},"schema":{"@context":"https:\/\/schema.org","@graph":[{"@type":"WebPage","@id":"http:\/\/film-mag.net\/wp\/?p=31218","url":"http:\/\/film-mag.net\/wp\/?p=31218","name":"Zlatko Vida\u010dkovi\u0107 novi umjetni\u010dki ravnatelj Pulskog filmskog festivala - FILM-mag.net","isPartOf":{"@id":"http:\/\/film-mag.net\/wp\/#website"},"primaryImageOfPage":{"@id":"http:\/\/film-mag.net\/wp\/?p=31218#primaryimage"},"image":{"@id":"http:\/\/film-mag.net\/wp\/?p=31218#primaryimage"},"thumbnailUrl":"http:\/\/film-mag.net\/wp\/wp-content\/uploads\/2017\/03\/pff_zlatkovidackovic.jpg","datePublished":"2017-03-10T11:00:28+00:00","dateModified":"2017-03-10T12:32:50+00:00","author":{"@id":"http:\/\/film-mag.net\/wp\/#\/schema\/person\/a8dd3a5b76a5bbde974e03510a205c2f"},"breadcrumb":{"@id":"http:\/\/film-mag.net\/wp\/?p=31218#breadcrumb"},"inLanguage":"en-US","potentialAction":[{"@type":"ReadAction","target":["http:\/\/film-mag.net\/wp\/?p=31218"]}]},{"@type":"ImageObject","inLanguage":"en-US","@id":"http:\/\/film-mag.net\/wp\/?p=31218#primaryimage","url":"http:\/\/film-mag.net\/wp\/wp-content\/uploads\/2017\/03\/pff_zlatkovidackovic.jpg","contentUrl":"http:\/\/film-mag.net\/wp\/wp-content\/uploads\/2017\/03\/pff_zlatkovidackovic.jpg","width":550,"height":367,"caption":"Zlatko Vida\u010dkovi\u0107 ; Ustupio PFF"},{"@type":"BreadcrumbList","@id":"http:\/\/film-mag.net\/wp\/?p=31218#breadcrumb","itemListElement":[{"@type":"ListItem","position":1,"name":"Home","item":"http:\/\/film-mag.net\/wp\/"},{"@type":"ListItem","position":2,"name":"Zlatko Vida\u010dkovi\u0107 novi umjetni\u010dki ravnatelj Pulskog filmskog festivala"}]},{"@type":"WebSite","@id":"http:\/\/film-mag.net\/wp\/#website","url":"http:\/\/film-mag.net\/wp\/","name":"FILM-mag.net","description":"Prvi hrvatski portal o filmu i filmu bliskim podru\u010djima kulture","potentialAction":[{"@type":"SearchAction","target":{"@type":"EntryPoint","urlTemplate":"http:\/\/film-mag.net\/wp\/?s={search_term_string}"},"query-input":{"@type":"PropertyValueSpecification","valueRequired":true,"valueName":"search_term_string"}}],"inLanguage":"en-US"},{"@type":"Person","@id":"http:\/\/film-mag.net\/wp\/#\/schema\/person\/a8dd3a5b76a5bbde974e03510a205c2f","name":"PRESS","image":{"@type":"ImageObject","inLanguage":"en-US","@id":"http:\/\/film-mag.net\/wp\/#\/schema\/person\/image\/","url":"https:\/\/secure.gravatar.com\/avatar\/bf4ab1626f485b36c4f3650b1d351839?s=96&d=mm&r=g","contentUrl":"https:\/\/secure.gravatar.com\/avatar\/bf4ab1626f485b36c4f3650b1d351839?s=96&d=mm&r=g","caption":"PRESS"},"url":"http:\/\/film-mag.net\/wp\/?author=8"}]}},"_links":{"self":[{"href":"http:\/\/film-mag.net\/wp\/index.php?rest_route=\/wp\/v2\/posts\/31218","targetHints":{"allow":["GET"]}}],"collection":[{"href":"http:\/\/film-mag.net\/wp\/index.php?rest_route=\/wp\/v2\/posts"}],"about":[{"href":"http:\/\/film-mag.net\/wp\/index.php?rest_route=\/wp\/v2\/types\/post"}],"author":[{"embeddable":true,"href":"http:\/\/film-mag.net\/wp\/index.php?rest_route=\/wp\/v2\/users\/8"}],"replies":[{"embeddable":true,"href":"http:\/\/film-mag.net\/wp\/index.php?rest_route=%2Fwp%2Fv2%2Fcomments&post=31218"}],"version-history":[{"count":2,"href":"http:\/\/film-mag.net\/wp\/index.php?rest_route=\/wp\/v2\/posts\/31218\/revisions"}],"predecessor-version":[{"id":31226,"href":"http:\/\/film-mag.net\/wp\/index.php?rest_route=\/wp\/v2\/posts\/31218\/revisions\/31226"}],"wp:featuredmedia":[{"embeddable":true,"href":"http:\/\/film-mag.net\/wp\/index.php?rest_route=\/wp\/v2\/media\/31219"}],"wp:attachment":[{"href":"http:\/\/film-mag.net\/wp\/index.php?rest_route=%2Fwp%2Fv2%2Fmedia&parent=31218"}],"wp:term":[{"taxonomy":"category","embeddable":true,"href":"http:\/\/film-mag.net\/wp\/index.php?rest_route=%2Fwp%2Fv2%2Fcategories&post=31218"},{"taxonomy":"post_tag","embeddable":true,"href":"http:\/\/film-mag.net\/wp\/index.php?rest_route=%2Fwp%2Fv2%2Ftags&post=31218"}],"curies":[{"name":"wp","href":"https:\/\/api.w.org\/{rel}","templated":true}]}}