{"id":27459,"date":"2016-06-01T14:29:51","date_gmt":"2016-06-01T12:29:51","guid":{"rendered":"http:\/\/film-mag.net\/wp\/?p=27459"},"modified":"2016-06-01T14:30:22","modified_gmt":"2016-06-01T12:30:22","slug":"animafest-2016-tradicija-iili-revolucija","status":"publish","type":"post","link":"http:\/\/film-mag.net\/wp\/?p=27459","title":{"rendered":"Animafest 2016: Tradicija i\/ili revolucija"},"content":{"rendered":"<p style=\"text-align: justify;\"><strong>Od najklasi\u010dnijih animacijskih tehnika do svjetske premijere animacije u virtualnoj stvarnosti, od oskarovskih klasika do animanarhije i, naravno, natjecateljskih programa! To je samo dio prebogate ponude ovogodi\u0161njeg Animafesta, koji po\u010dinje u ponedjeljak 6. lipnja!<\/strong><\/p>\n<p style=\"text-align: justify;\">Svjetski festival animiranog filma \u2013 Animafest Zagreb, jedini hrvatski A\u2013festival, \u010diji se dobitnici Grand Prixa u kratkometra\u017enoj konkurenciji izravno kvalificiraju za nagradu Oscar, ponovno \u0107e Zagreb u\u010diniti centrom svjetske animacije. Od 6. do 11. lipnja u kinima Europa i Tu\u0161kanac, Zagreba\u010dkom plesnom centru te na <em>open-air<\/em> projekciji ve\u0107 ovog vikenda na Ribnjaku bit \u0107e prikazano vi\u0161e od 300 izvrsnih kratkometra\u017enih i dugometra\u017enih animiranih filmova.<\/p>\n<p style=\"text-align: justify;\">Sintagma &#8216;tradicija i\/ili revolucija&#8217; najbolje predstavlja ovogodi\u0161nje tematske cjeline \u2013 nagradu Oscar i Animanarhiju \u2013 sirovu animaciju. Naime, Animafest \u0107e publici predstaviti animaciju u njezinu \u201e<em>punk<\/em>\u201c izdanju, ali i niz klasi\u010dnih Oscarom nagra\u0111enih filmova, hrvatskih kandidata za Oscar te filmova nagra\u0111enih Akademijinim kipi\u0107em koji pomi\u010du granice o\u010dekivanja.<\/p>\n<p style=\"text-align: justify;\">Najavili su to na dru\u017eenju s novinarima u srijedu u Swanky Monkey Gardenu, jednoj od ovogodi\u0161njih novih lokacija popratnih programa, umjetni\u010dki ravnatelj Animafesta Zagreb, Daniel \u0160ulji\u0107, te producentice festivala, Matea Mili\u0107 i Paola Orli\u0107.<\/p>\n<div class=\"mceTemp\" style=\"text-align: justify;\">\n<dl id=\"attachment_27460\" class=\"wp-caption alignnone\" style=\"width: 560px;\">\n<dt class=\"wp-caption-dt\"><a href=\"http:\/\/film-mag.net\/wp\/wp-content\/uploads\/2016\/06\/RJ_Animafest_2016_dorucak.jpg\"><img loading=\"lazy\" decoding=\"async\" class=\"size-full wp-image-27460\" title=\"Dru\u017eenju s novinarima u Swanky Monkey Gardenu ; Foto RJ\" src=\"http:\/\/film-mag.net\/wp\/wp-content\/uploads\/2016\/06\/RJ_Animafest_2016_dorucak.jpg\" alt=\"Dru\u017eenju s novinarima u Swanky Monkey Gardenu ; Foto RJ\" width=\"550\" height=\"411\" srcset=\"http:\/\/film-mag.net\/wp\/wp-content\/uploads\/2016\/06\/RJ_Animafest_2016_dorucak.jpg 550w, http:\/\/film-mag.net\/wp\/wp-content\/uploads\/2016\/06\/RJ_Animafest_2016_dorucak-300x224.jpg 300w\" sizes=\"auto, (max-width: 550px) 100vw, 550px\" \/><\/a><\/dt>\n<dd class=\"wp-caption-dd\">Dru\u017eenju s novinarima u Swanky Monkey Gardenu ; Foto RJ<\/dd>\n<\/dl>\n<\/div>\n<p style=\"text-align: justify;\">Festival \u0107e u ponedjeljak 6. lipnja u kinu Europa u 19.30 sati otvoriti <strong><a href=\"http:\/\/animafest.us12.list-manage1.com\/track\/click?u=e6dd30df777efcc489736b796&amp;id=8fcb85b6b0&amp;e=0b37d5b6b8\" target=\"_blank\">osam kratkometra\u017enih filmova<\/a><\/strong> iz Velikog natjecanja, \u010diji je izbor odli\u010dna najava raznolikosti ovogodi\u0161njih tema i tehnika. Na otvorenju festivala Vije\u0107e Animafesta Zagreb dodijelit \u0107e i Nagradu za \u017eivotno djelo belgijskom velikanu animacije, <strong><a href=\"http:\/\/animafest.us12.list-manage.com\/track\/click?u=e6dd30df777efcc489736b796&amp;id=5db5c0b6b5&amp;e=0b37d5b6b8\" target=\"_blank\">Raoulu Servaisu<\/a><\/strong>, jednom od najva\u017enijih inovatora i predstavnika egzistencijalisti\u010dkog animiranog filma. Servaisovim filmovima posve\u0107ena je i retrospektiva, u utorak 7. 6. u kinu Europa, nakon koje slijedi razgovor s publikom.<\/p>\n<p style=\"text-align: justify;\">Servais je jedan od 200-tinjak gostiju 26. Animafesta, me\u0111u kojima renomeom prednja\u010de <a href=\"http:\/\/animafest.us12.list-manage.com\/track\/click?u=e6dd30df777efcc489736b796&amp;id=4abea19a80&amp;e=0b37d5b6b8\" target=\"_blank\"><strong>\u010dlanovi \u017eirija<\/strong><\/a>. U \u017eiriju kratkometra\u017enog filma ove je godine Peter Lord (<em>Pirati! Banda nepo\u017eeljnih<\/em>, <em>Pobuna u koko\u0161injcu<\/em>), britanski animator, producent i redatelj te osniva\u010d studija Aardman Animations, o \u010dijih \u0107e 40 godina Lord govoriti 11. 6. u ZPC-u. Uz njega su u \u017eiriju i kanadski skladatelj Oscarom nagra\u0111ivanih filmova Normand Roger, potom nagra\u0111ivani nezavisni njema\u010dki autor Raimund Krumme, zatim kolumbijska profesorica i promotorica latinskoameri\u010dke animacije Cecilia Traslavi\u00f1a, te nezavisna producentica i menad\u017eerica u kulturi Vjera Matkovi\u0107.<\/p>\n<p style=\"text-align: justify;\">O najboljem <strong>dugometra\u017enom filmu<\/strong> odlu\u010divat \u0107e <strong>Justine Bannister<\/strong>, nezavisna savjetnica za dje\u010dje medije s iskustvom rada u kompanijama kao \u0161to su 20th Century Fox ili Disney Channel France, zatim <strong>Marcy Page<\/strong>, koja je kao producentica kanadskog Nacionalnog filmskog odbora (NFB) sudjelovala na brojnim nagra\u0111ivanim filmskim projektima, te <strong>Bo\u0161ko Picula<\/strong>, politolog i filmski kriti\u010dar, me\u0111u ostalim i voditelj HRT-ova Animatika. Najbolji \u0107e <strong>studentski i hrvatski film<\/strong> birati selektor Me\u0111unarodnog festivala animiranog filma u Bucheonu <strong>Eugene Kim<\/strong>, zatim ameri\u010dka animatorica poznata po animaciji pijeskom na staklu (o \u010demu je napisala i knjigu, koju \u0107e predstaviti na festivalu) <strong>Corrie Francis Parks<\/strong> te hrvatski animator i ilustrator <strong>Darko Vida\u010dkovi\u0107<\/strong>.<\/p>\n<p style=\"text-align: justify;\">Filmovi u okviru programske cjeline <a href=\"http:\/\/animafest.us12.list-manage.com\/track\/click?u=e6dd30df777efcc489736b796&amp;id=6d08228155&amp;e=0b37d5b6b8\" target=\"_blank\"><strong>Animanarhija \u2013 sirova animacija<\/strong><\/a>, koja spada pod nazivnik revolucije, predstavit \u0107e namjernu antiizvrsnost u animaciji, izbjegavanje virtuoznosti u korist \u017eestine poruke, a \u010diji je glazbeni pandan \u2013 <em>punk<\/em>-glazba. Pravac je to koji korijene ima u 1950-ima i u 1960-ima, kad animatori po\u010dinju isku\u0161avati nove pristupe, a upravo se Zagreba\u010dka \u0161kola crtanog filma u tom periodu isti\u010de po novim, progresivnim idejama. Ovaj \u0107e tematski blok predstaviti filmove kao \u0161to su <em>Uradi-sam set za crti\u0107<\/em> Boba Godfreyja, satiri\u010dan pogled na stvaranje crtanog filma koji je i dalje relevantan u industriji animacije, zatim <em>\u010covjek i njegov pas iza\u0161li su na zrak <\/em>Roberta Breera, klju\u010dno djelo eksperimentalne animacije iz 1957, ili <em>Vrijeme za pri\u010du<\/em> Terryja Gilliama, kratki animirani film iz vremena prije Montyja Pythona.<\/p>\n<p style=\"text-align: justify;\">S druge pak strane, tehnolo\u0161ku revoluciju u animaciji Animafest ove godine predstavlja interaktivnom <strong><a href=\"http:\/\/animafest.us12.list-manage1.com\/track\/click?u=e6dd30df777efcc489736b796&amp;id=e82176ec39&amp;e=0b37d5b6b8\" target=\"_blank\">VR (<em>virtual reality<\/em>) instalacijom<\/a> <\/strong>PIEdeck, koju su autori osmislili isklju\u010divo za Animafest. Koriste\u0107i se tehnologijom \u010duvenog Ars Electronica Futurelaba, kreirali su sustav koji kretanje u stvarnom prostoru uz pomo\u0107 lasera pretvara u animaciju u onom virtualnom.<\/p>\n<p style=\"text-align: justify;\">Tehnologija je i u fokusu dviju radionica: one projekcijskog mapiranja, koja \u0107e se tijekom festivala odr\u017eavati u ZPC-u, a \u010diji \u0107e rezultati biti prikazani posljednjeg dana festivala, te sad ve\u0107 tradicionalne radionice izrade videoigara u suradnji s Fakultetom elektrotehnike i ra\u010dunarstva i Akademijom likovnih umjetnosti. Mentor ovogodi\u0161nje radionice je Andrej Kova\u010devi\u0107, osniva\u010d studija Exordium Games.<\/p>\n<p style=\"text-align: justify;\">U sklopu festivala odvija se, po tre\u0107i put, i znanstveni simpozij Scanner, koji \u0107e na pet panela okupiti stru\u010dnjake iz cijelog svijeta. Ovogodi\u0161nji je glavni predava\u010d Marcin Gi\u017cycki, dobitnik Animafestove Nagrade za izniman doprinos prou\u010davanju animacije.<\/p>\n<p style=\"text-align: justify;\">Od brojnih popratnih doga\u0111anja najavljena je izlo\u017eba radova studenata<strong> <a href=\"http:\/\/animafest.us12.list-manage.com\/track\/click?u=e6dd30df777efcc489736b796&amp;id=ec7ef804f1&amp;e=0b37d5b6b8\" target=\"_blank\">Akademije medijskih umjetnosti u K\u00f6lnu<\/a> <\/strong>(KHM), koja \u0107e od 6. do 11. lipnja biti postavljena u Galeriji Schira, a od 7. do 11. lipnja u Galeriji ULUPUH. Atraktivan \u0107e biti i desetosatni animacijski performans <strong>Pentagon<\/strong>, 10. lipnja u predvorju kina Europa, kada \u0107e petero animatora okupljenih oko istog stola u\u017eivo stvarati stop-animaciju.<\/p>\n<p style=\"text-align: justify;\">Tradicionalno, Animafest donosi i pregled filmova koji su konkurirali za <a href=\"http:\/\/animafest.us12.list-manage1.com\/track\/click?u=e6dd30df777efcc489736b796&amp;id=e5f1c6b2e5&amp;e=0b37d5b6b8\" target=\"_blank\"><strong>nagradu Cartoon d\u2019Or<\/strong><\/a> 2015, strukovnu nagradu za najbolji europski kratki animirani film godine, za koju se dobitnik Animafestova Grand Prixa direktno kandidira. Festival \u0107e prikazati i najzanimljivije animirane glazbene spotove (program <a href=\"http:\/\/animafest.us12.list-manage.com\/track\/click?u=e6dd30df777efcc489736b796&amp;id=ce6254524f&amp;e=0b37d5b6b8\" target=\"_blank\"><strong>Kino za u\u0161i<\/strong><\/a>).<\/p>\n<p style=\"text-align: justify;\">Hrvatski majstor animacije kojeg\u00a0ove godine upoznajemo bit \u0107e <a href=\"http:\/\/animafest.us12.list-manage.com\/track\/click?u=e6dd30df777efcc489736b796&amp;id=79f36adff4&amp;e=0b37d5b6b8\" target=\"_blank\"><strong>Vatroslav Mimica<\/strong><\/a>, a posebnu pa\u017enju festival \u0107e posvetiti i <strong><a href=\"http:\/\/animafest.us12.list-manage.com\/track\/click?u=e6dd30df777efcc489736b796&amp;id=9db2a0c2dd&amp;e=0b37d5b6b8\" target=\"_blank\">hrvatskim animiranim filmovima<\/a> <\/strong>iz 1968. godine koje je odabrao Borivoj Dovnikovi\u0107 Bordo.<\/p>\n<p style=\"text-align: justify;\"><a href=\"http:\/\/animafest.us12.list-manage2.com\/track\/click?u=e6dd30df777efcc489736b796&amp;id=dba866d7d4&amp;e=0b37d5b6b8\" target=\"_blank\"><strong>Ulaznice<\/strong><\/a> za festival mogu se kupiti u pretprodaji putem sustava Entrio (<em>online<\/em> i na prodajnim mjestima) i na Animafestovu info-punktu na Cvjetnom trgu, a tijekom festivala i na festivalskim blagajnama. U prodaji su i festivalske iskaznice: Animate, koja omogu\u0107uje ulaz na sve festivalske projekcije, te Obiteljske za sve projekcije primjerene djeci. Ulaz je besplatan na sve projekcije u Zagreba\u010dkom plesnom centru, na Animafest Pro i popratna doga\u0111anja.<\/p>\n<p style=\"text-align: justify;\">Festival podr\u017eavaju Hrvatski audiovizualni centar i Gradski ured za obrazovanje, kulturu i sport te Potprogram MEDIA u sklopu Programa Kreativna Europa.<\/p>\n<p style=\"text-align: justify;\">[izvor informacije\u00a0<strong><a href=\"http:\/\/www.animafest.hr\/\">Animafest<\/a><\/strong>]<\/p>\n<div id=\"fb_share_1\" style=\"float: right; margin-left: 10px;\"><a name=\"fb_share\" type=\"box_count\" share_url=\"http:\/\/film-mag.net\/wp\/?p=27459\" href=\"http:\/\/www.facebook.com\/sharer.php\">Share<\/a><\/div><div><script src=\"http:\/\/static.ak.fbcdn.net\/connect.php\/js\/FB.Share\" type=\"text\/javascript\"><\/script><\/div><div style=\"clear:both\"><\/div>","protected":false},"excerpt":{"rendered":"<p>Od najklasi\u010dnijih animacijskih tehnika do svjetske premijere animacije u virtualnoj stvarnosti, od oskarovskih klasika do animanarhije i, naravno, natjecateljskih programa! To je samo dio prebogate ponude ovogodi\u0161njeg Animafesta, koji po\u010dinje u ponedjeljak 6. lipnja! Svjetski festival animiranog filma \u2013 Animafest Zagreb, jedini hrvatski A\u2013festival, \u010diji se dobitnici Grand Prixa u kratkometra\u017enoj konkurenciji izravno kvalificiraju za [&hellip;]<\/p>\n","protected":false},"author":8,"featured_media":27460,"comment_status":"closed","ping_status":"closed","sticky":false,"template":"","format":"standard","meta":{"_et_pb_use_builder":"","_et_pb_old_content":"","_et_gb_content_width":"","_editorskit_title_hidden":false,"_editorskit_reading_time":0,"_editorskit_is_block_options_detached":false,"_editorskit_block_options_position":"{}","footnotes":""},"categories":[9,22,170],"tags":[258,13943,110,94,401],"class_list":["post-27459","post","type-post","status-publish","format-standard","has-post-thumbnail","hentry","category-film","category-filmski-festivali","category-kalendar","tag-animafest","tag-animafest-2016","tag-animirani-film","tag-filmski-festivali-2","tag-press-konferencija"],"yoast_head":"<!-- This site is optimized with the Yoast SEO plugin v24.6 - https:\/\/yoast.com\/wordpress\/plugins\/seo\/ -->\n<title>Animafest 2016: Tradicija i\/ili revolucija - FILM-mag.net<\/title>\n<meta name=\"robots\" content=\"index, follow, max-snippet:-1, max-image-preview:large, max-video-preview:-1\" \/>\n<link rel=\"canonical\" href=\"http:\/\/film-mag.net\/wp\/?p=27459\" \/>\n<meta property=\"og:locale\" content=\"en_US\" \/>\n<meta property=\"og:type\" content=\"article\" \/>\n<meta property=\"og:title\" content=\"Animafest 2016: Tradicija i\/ili revolucija - FILM-mag.net\" \/>\n<meta property=\"og:description\" content=\"Od najklasi\u010dnijih animacijskih tehnika do svjetske premijere animacije u virtualnoj stvarnosti, od oskarovskih klasika do animanarhije i, naravno, natjecateljskih programa! To je samo dio prebogate ponude ovogodi\u0161njeg Animafesta, koji po\u010dinje u ponedjeljak 6. lipnja! Svjetski festival animiranog filma \u2013 Animafest Zagreb, jedini hrvatski A\u2013festival, \u010diji se dobitnici Grand Prixa u kratkometra\u017enoj konkurenciji izravno kvalificiraju za [&hellip;]\" \/>\n<meta property=\"og:url\" content=\"http:\/\/film-mag.net\/wp\/?p=27459\" \/>\n<meta property=\"og:site_name\" content=\"FILM-mag.net\" \/>\n<meta property=\"article:published_time\" content=\"2016-06-01T12:29:51+00:00\" \/>\n<meta property=\"article:modified_time\" content=\"2016-06-01T12:30:22+00:00\" \/>\n<meta property=\"og:image\" content=\"http:\/\/film-mag.net\/wp\/wp-content\/uploads\/2016\/06\/RJ_Animafest_2016_dorucak.jpg\" \/>\n\t<meta property=\"og:image:width\" content=\"550\" \/>\n\t<meta property=\"og:image:height\" content=\"411\" \/>\n\t<meta property=\"og:image:type\" content=\"image\/jpeg\" \/>\n<meta name=\"author\" content=\"PRESS\" \/>\n<meta name=\"twitter:card\" content=\"summary_large_image\" \/>\n<meta name=\"twitter:label1\" content=\"Written by\" \/>\n\t<meta name=\"twitter:data1\" content=\"PRESS\" \/>\n\t<meta name=\"twitter:label2\" content=\"Est. reading time\" \/>\n\t<meta name=\"twitter:data2\" content=\"5 minutes\" \/>\n<script type=\"application\/ld+json\" class=\"yoast-schema-graph\">{\"@context\":\"https:\/\/schema.org\",\"@graph\":[{\"@type\":\"WebPage\",\"@id\":\"http:\/\/film-mag.net\/wp\/?p=27459\",\"url\":\"http:\/\/film-mag.net\/wp\/?p=27459\",\"name\":\"Animafest 2016: Tradicija i\/ili revolucija - FILM-mag.net\",\"isPartOf\":{\"@id\":\"http:\/\/film-mag.net\/wp\/#website\"},\"primaryImageOfPage\":{\"@id\":\"http:\/\/film-mag.net\/wp\/?p=27459#primaryimage\"},\"image\":{\"@id\":\"http:\/\/film-mag.net\/wp\/?p=27459#primaryimage\"},\"thumbnailUrl\":\"http:\/\/film-mag.net\/wp\/wp-content\/uploads\/2016\/06\/RJ_Animafest_2016_dorucak.jpg\",\"datePublished\":\"2016-06-01T12:29:51+00:00\",\"dateModified\":\"2016-06-01T12:30:22+00:00\",\"author\":{\"@id\":\"http:\/\/film-mag.net\/wp\/#\/schema\/person\/a8dd3a5b76a5bbde974e03510a205c2f\"},\"breadcrumb\":{\"@id\":\"http:\/\/film-mag.net\/wp\/?p=27459#breadcrumb\"},\"inLanguage\":\"en-US\",\"potentialAction\":[{\"@type\":\"ReadAction\",\"target\":[\"http:\/\/film-mag.net\/wp\/?p=27459\"]}]},{\"@type\":\"ImageObject\",\"inLanguage\":\"en-US\",\"@id\":\"http:\/\/film-mag.net\/wp\/?p=27459#primaryimage\",\"url\":\"http:\/\/film-mag.net\/wp\/wp-content\/uploads\/2016\/06\/RJ_Animafest_2016_dorucak.jpg\",\"contentUrl\":\"http:\/\/film-mag.net\/wp\/wp-content\/uploads\/2016\/06\/RJ_Animafest_2016_dorucak.jpg\",\"width\":\"550\",\"height\":\"411\",\"caption\":\"Dru\u017eenju s novinarima u Swanky Monkey Gardenu ; Foto RJ\"},{\"@type\":\"BreadcrumbList\",\"@id\":\"http:\/\/film-mag.net\/wp\/?p=27459#breadcrumb\",\"itemListElement\":[{\"@type\":\"ListItem\",\"position\":1,\"name\":\"Home\",\"item\":\"http:\/\/film-mag.net\/wp\/\"},{\"@type\":\"ListItem\",\"position\":2,\"name\":\"Animafest 2016: Tradicija i\/ili revolucija\"}]},{\"@type\":\"WebSite\",\"@id\":\"http:\/\/film-mag.net\/wp\/#website\",\"url\":\"http:\/\/film-mag.net\/wp\/\",\"name\":\"FILM-mag.net\",\"description\":\"Prvi hrvatski portal o filmu i filmu bliskim podru\u010djima kulture\",\"potentialAction\":[{\"@type\":\"SearchAction\",\"target\":{\"@type\":\"EntryPoint\",\"urlTemplate\":\"http:\/\/film-mag.net\/wp\/?s={search_term_string}\"},\"query-input\":{\"@type\":\"PropertyValueSpecification\",\"valueRequired\":true,\"valueName\":\"search_term_string\"}}],\"inLanguage\":\"en-US\"},{\"@type\":\"Person\",\"@id\":\"http:\/\/film-mag.net\/wp\/#\/schema\/person\/a8dd3a5b76a5bbde974e03510a205c2f\",\"name\":\"PRESS\",\"image\":{\"@type\":\"ImageObject\",\"inLanguage\":\"en-US\",\"@id\":\"http:\/\/film-mag.net\/wp\/#\/schema\/person\/image\/\",\"url\":\"https:\/\/secure.gravatar.com\/avatar\/bf4ab1626f485b36c4f3650b1d351839?s=96&d=mm&r=g\",\"contentUrl\":\"https:\/\/secure.gravatar.com\/avatar\/bf4ab1626f485b36c4f3650b1d351839?s=96&d=mm&r=g\",\"caption\":\"PRESS\"},\"url\":\"http:\/\/film-mag.net\/wp\/?author=8\"}]}<\/script>\n<!-- \/ Yoast SEO plugin. -->","yoast_head_json":{"title":"Animafest 2016: Tradicija i\/ili revolucija - FILM-mag.net","robots":{"index":"index","follow":"follow","max-snippet":"max-snippet:-1","max-image-preview":"max-image-preview:large","max-video-preview":"max-video-preview:-1"},"canonical":"http:\/\/film-mag.net\/wp\/?p=27459","og_locale":"en_US","og_type":"article","og_title":"Animafest 2016: Tradicija i\/ili revolucija - FILM-mag.net","og_description":"Od najklasi\u010dnijih animacijskih tehnika do svjetske premijere animacije u virtualnoj stvarnosti, od oskarovskih klasika do animanarhije i, naravno, natjecateljskih programa! To je samo dio prebogate ponude ovogodi\u0161njeg Animafesta, koji po\u010dinje u ponedjeljak 6. lipnja! Svjetski festival animiranog filma \u2013 Animafest Zagreb, jedini hrvatski A\u2013festival, \u010diji se dobitnici Grand Prixa u kratkometra\u017enoj konkurenciji izravno kvalificiraju za [&hellip;]","og_url":"http:\/\/film-mag.net\/wp\/?p=27459","og_site_name":"FILM-mag.net","article_published_time":"2016-06-01T12:29:51+00:00","article_modified_time":"2016-06-01T12:30:22+00:00","og_image":[{"width":550,"height":411,"url":"http:\/\/film-mag.net\/wp\/wp-content\/uploads\/2016\/06\/RJ_Animafest_2016_dorucak.jpg","type":"image\/jpeg"}],"author":"PRESS","twitter_card":"summary_large_image","twitter_misc":{"Written by":"PRESS","Est. reading time":"5 minutes"},"schema":{"@context":"https:\/\/schema.org","@graph":[{"@type":"WebPage","@id":"http:\/\/film-mag.net\/wp\/?p=27459","url":"http:\/\/film-mag.net\/wp\/?p=27459","name":"Animafest 2016: Tradicija i\/ili revolucija - FILM-mag.net","isPartOf":{"@id":"http:\/\/film-mag.net\/wp\/#website"},"primaryImageOfPage":{"@id":"http:\/\/film-mag.net\/wp\/?p=27459#primaryimage"},"image":{"@id":"http:\/\/film-mag.net\/wp\/?p=27459#primaryimage"},"thumbnailUrl":"http:\/\/film-mag.net\/wp\/wp-content\/uploads\/2016\/06\/RJ_Animafest_2016_dorucak.jpg","datePublished":"2016-06-01T12:29:51+00:00","dateModified":"2016-06-01T12:30:22+00:00","author":{"@id":"http:\/\/film-mag.net\/wp\/#\/schema\/person\/a8dd3a5b76a5bbde974e03510a205c2f"},"breadcrumb":{"@id":"http:\/\/film-mag.net\/wp\/?p=27459#breadcrumb"},"inLanguage":"en-US","potentialAction":[{"@type":"ReadAction","target":["http:\/\/film-mag.net\/wp\/?p=27459"]}]},{"@type":"ImageObject","inLanguage":"en-US","@id":"http:\/\/film-mag.net\/wp\/?p=27459#primaryimage","url":"http:\/\/film-mag.net\/wp\/wp-content\/uploads\/2016\/06\/RJ_Animafest_2016_dorucak.jpg","contentUrl":"http:\/\/film-mag.net\/wp\/wp-content\/uploads\/2016\/06\/RJ_Animafest_2016_dorucak.jpg","width":"550","height":"411","caption":"Dru\u017eenju s novinarima u Swanky Monkey Gardenu ; Foto RJ"},{"@type":"BreadcrumbList","@id":"http:\/\/film-mag.net\/wp\/?p=27459#breadcrumb","itemListElement":[{"@type":"ListItem","position":1,"name":"Home","item":"http:\/\/film-mag.net\/wp\/"},{"@type":"ListItem","position":2,"name":"Animafest 2016: Tradicija i\/ili revolucija"}]},{"@type":"WebSite","@id":"http:\/\/film-mag.net\/wp\/#website","url":"http:\/\/film-mag.net\/wp\/","name":"FILM-mag.net","description":"Prvi hrvatski portal o filmu i filmu bliskim podru\u010djima kulture","potentialAction":[{"@type":"SearchAction","target":{"@type":"EntryPoint","urlTemplate":"http:\/\/film-mag.net\/wp\/?s={search_term_string}"},"query-input":{"@type":"PropertyValueSpecification","valueRequired":true,"valueName":"search_term_string"}}],"inLanguage":"en-US"},{"@type":"Person","@id":"http:\/\/film-mag.net\/wp\/#\/schema\/person\/a8dd3a5b76a5bbde974e03510a205c2f","name":"PRESS","image":{"@type":"ImageObject","inLanguage":"en-US","@id":"http:\/\/film-mag.net\/wp\/#\/schema\/person\/image\/","url":"https:\/\/secure.gravatar.com\/avatar\/bf4ab1626f485b36c4f3650b1d351839?s=96&d=mm&r=g","contentUrl":"https:\/\/secure.gravatar.com\/avatar\/bf4ab1626f485b36c4f3650b1d351839?s=96&d=mm&r=g","caption":"PRESS"},"url":"http:\/\/film-mag.net\/wp\/?author=8"}]}},"_links":{"self":[{"href":"http:\/\/film-mag.net\/wp\/index.php?rest_route=\/wp\/v2\/posts\/27459","targetHints":{"allow":["GET"]}}],"collection":[{"href":"http:\/\/film-mag.net\/wp\/index.php?rest_route=\/wp\/v2\/posts"}],"about":[{"href":"http:\/\/film-mag.net\/wp\/index.php?rest_route=\/wp\/v2\/types\/post"}],"author":[{"embeddable":true,"href":"http:\/\/film-mag.net\/wp\/index.php?rest_route=\/wp\/v2\/users\/8"}],"replies":[{"embeddable":true,"href":"http:\/\/film-mag.net\/wp\/index.php?rest_route=%2Fwp%2Fv2%2Fcomments&post=27459"}],"version-history":[{"count":3,"href":"http:\/\/film-mag.net\/wp\/index.php?rest_route=\/wp\/v2\/posts\/27459\/revisions"}],"predecessor-version":[{"id":27463,"href":"http:\/\/film-mag.net\/wp\/index.php?rest_route=\/wp\/v2\/posts\/27459\/revisions\/27463"}],"wp:featuredmedia":[{"embeddable":true,"href":"http:\/\/film-mag.net\/wp\/index.php?rest_route=\/wp\/v2\/media\/27460"}],"wp:attachment":[{"href":"http:\/\/film-mag.net\/wp\/index.php?rest_route=%2Fwp%2Fv2%2Fmedia&parent=27459"}],"wp:term":[{"taxonomy":"category","embeddable":true,"href":"http:\/\/film-mag.net\/wp\/index.php?rest_route=%2Fwp%2Fv2%2Fcategories&post=27459"},{"taxonomy":"post_tag","embeddable":true,"href":"http:\/\/film-mag.net\/wp\/index.php?rest_route=%2Fwp%2Fv2%2Ftags&post=27459"}],"curies":[{"name":"wp","href":"https:\/\/api.w.org\/{rel}","templated":true}]}}