{"id":19823,"date":"2015-02-11T23:41:02","date_gmt":"2015-02-11T22:41:02","guid":{"rendered":"http:\/\/film-mag.net\/wp\/?p=19823"},"modified":"2015-02-11T23:41:02","modified_gmt":"2015-02-11T22:41:02","slug":"venecija-u-zagrebu","status":"publish","type":"post","link":"http:\/\/film-mag.net\/wp\/?p=19823","title":{"rendered":"Venecija u Zagrebu"},"content":{"rendered":"<p style=\"text-align: justify;\"><strong>VENECIJA U ZAGREBU<\/strong><br \/>\n<strong> \/\/ 17. &#8211; 21. velja\u010de 2015. \/\/ Kino Europa<\/strong><\/p>\n<p style=\"text-align: justify;\">I ove godine <strong>Zagreb Film Festival<\/strong> ima \u010dast ugostiti <strong>jedan od najva\u017enijih svjetskih filmskih festivala<\/strong>! Nakon pro\u0161logodi\u0161njeg uspje\u0161nog starta, drugo izdanje programa<strong> \u2018Venecija u Zagrebu\u2019 <\/strong>odr\u017eat \u0107e se <strong>u kinu Europa<\/strong> <strong>od 17. do 21. velja\u010de<\/strong>. Program kojim se zagreba\u010dkoj publici predstavlja <strong>izbor talijanskih filmova<\/strong> prikazanih na posljednjem <strong>Venecijanskom filmskom festivalu (Mostri)<\/strong>, organizira se u suradnji ovog presti\u017enog filmskog festivala sa <strong>Zagreb Film Festivalom<\/strong> i <strong>Talijanskim institutom za kulturu u Zagrebu<\/strong>. Ova suradnja Zagreb je pridru\u017eila krugu gradova u kojima se predstavlja Mostra (Moskva, Sankt Petersburg, Bejrut i Singapur), s ciljem promocije talijanske kinematografije, ali i uspostavljanja dugoro\u010dne suradnje izme\u0111u me\u0111unarodnih festivala.<\/p>\n<div class=\"mceTemp\" style=\"text-align: justify;\">\n<dl id=\"attachment_19824\" class=\"wp-caption alignnone\" style=\"width: 560px;\">\n<dt class=\"wp-caption-dt\"><a href=\"http:\/\/film-mag.net\/wp\/wp-content\/uploads\/2015\/02\/KE_Venecija_u_Zagrebu_2015.jpg\"><img loading=\"lazy\" decoding=\"async\" class=\"size-full wp-image-19824\" title=\"Venecija u Zagrebu 2015\" src=\"http:\/\/film-mag.net\/wp\/wp-content\/uploads\/2015\/02\/KE_Venecija_u_Zagrebu_2015.jpg\" alt=\"Venecija u Zagrebu 2015\" width=\"550\" height=\"204\" \/><\/a><\/dt>\n<dd class=\"wp-caption-dd\">Venecija u Zagrebu 2015<\/dd>\n<\/dl>\n<\/div>\n<p style=\"text-align: justify;\">Program \u0107e otvoriti film <strong>\u2018Mra\u010dne du\u0161e\u2019<\/strong>, drama na tragu kultnog <strong>\u2018Kuma\u2019<\/strong> (<strong>\u2018The Godfather\u2019<\/strong>) o trojici bra\u0107e koji se okupljaju u rodnoj Kalabriji kako bi se suo\u010dili s mafija\u0161kom pro\u0161lo\u0161\u0107u svoje obitelji, a projekciji \u0107e nazo\u010diti i glumac <strong>Peppino Mazzotti<\/strong>. U sklopu programa prikazat \u0107e se i <strong>\u2018Pasolini\u2019 Abela Ferrare<\/strong>, film o posljednjim danima \u017eivota velikog talijanskog pisca i redatelja <strong>Piera Paola Pasolinija<\/strong>, \u010dija se 40. godi\u0161njica smrti ove godine obilje\u017eava diljem svijeta. U iznimno hvaljenoj naslovnoj ulozi ameri\u010dki je glumac <strong>Willem Dafoe<\/strong> (\u2018Divlji u srcu\u2018 Davida Lyncha, \u2018Avijati\u010dar\u2019 Martina Scorseseja, \u2018Antikrist\u2018 i \u2018Nimfomanka\u2018 Larsa von Triera).<\/p>\n<p style=\"text-align: justify;\">Jedan od naslova iz ovogodi\u0161njeg programa je i <strong>\u2018Hungry Hearts\u2019<\/strong>, romanti\u010dna drama o mladom bra\u010dnom paru, Talijanki i Amerikancu, \u010dija se idila naru\u0161i kada se, nakon ro\u0111enja djeteta, sukobe njihovi pogledi na roditeljstvo. Glavne uloge u ovom napetom filmu klaustrofobi\u010dne i mra\u010dne atmosfere povjerene su <strong>Adamu Driveru <\/strong>(\u2018Inside Llewyn Davis\u2019 bra\u0107e Cohen, \u2018Lincoln\u2019 S. Spielberga, \u2018Frances Ha\u2019 N. Baumbacha, TV serija \u2018Girls\u2019) i <strong>Albi Rohrwacher<\/strong>, talijanskoj glumici koju je hrvatska kino publika lani imala priliku gledati u filmu \u2018Ulica u Palermu\u2019 Emme Dante. Oboje su za svoje izvedbe na pro\u0161logodi\u0161njoj Mostri primili nagradu <strong>\u2018Coppa Volpi\u2019<\/strong>.<\/p>\n<p style=\"text-align: justify;\">I ove \u0107e se godine predstaviti jedan nedavno restaurirani talijanski klasik &#8211; film <strong>\u2018Poseban dan\u2019 Ettorea Scole<\/strong> iz 1977., nagra\u0111en priznanjem za najbolju filmsku restauraciju. Glavnu \u017eensku ulogu u ovom filmu tuma\u010di <strong>Sophia Loren<\/strong>, najpopularnija talijanska glumica 20. stolje\u0107a \u010diji \u0107e lik i djelo biti i u fokusu popratne <strong>izlo\u017ebe fotografija<\/strong> <strong>\u2018Ju\u010der, danas, Sophia\u2019<\/strong> te dokumentarnog filma <strong>\u2018\u017dene koje su postale mit: Sophia pripovijeda o Loren\u2019<\/strong> koji \u0107e, uz gostovanje redatelja<strong> Marca Spagnolija<\/strong>, biti prikazan posljednjeg dana trajanja programa.<\/p>\n<p style=\"text-align: justify;\">Cijena pojedina\u010dne ulaznice za projekcije u sklopu programa \u2018Venecija u Zagrebu\u2019 je 20 kn, a ulaznice \u0107e se mo\u0107i kupiti na blagajni kina od 10. velja\u010de.<\/p>\n<p style=\"text-align: justify;\"><strong>Raspored projekcija:<\/strong><br \/>\n17.2. (utorak) &#8211; 20:30 h &#8211; velika dvorana &#8211;\u00a0<a href=\"http:\/\/www.kinoeuropa.hr\/program\/venecija-u-zagrebu-mracne-duse-76109\" target=\"_blank\">&#8216;<strong>Mra\u010dne du\u0161e&#8217;<\/strong><\/a>\u00a0&#8211; otvorenje<br \/>\n18.2. (srijeda) &#8211; 17:00 h &#8211; velika dvorana &#8211;\u00a0<strong><a href=\"http:\/\/www.kinoeuropa.hr\/program\/venecija-u-zagrebu-besraman-zivot-76294\" target=\"_blank\">&#8216;Besraman \u017eivot&#8217;<\/a><\/strong><br \/>\n18.2. (srijeda) &#8211; 19:00 h &#8211; velika dvorana &#8211;\u00a0<strong><a href=\"http:\/\/www.kinoeuropa.hr\/program\/venecija-u-zagrebu-izuzetan-mladic-76146\" target=\"_blank\">&#8216;Izuzetan mladi\u0107&#8217;<\/a><\/strong><br \/>\n18.2. (sijeda) &#8211; 21:00 h &#8211; dvorana M\u00fcller &#8211;\u00a0<strong><a href=\"http:\/\/www.kinoeuropa.hr\/program\/venecija-u-zagrebu-perez-76331\" target=\"_blank\">&#8216;Perez&#8217;<\/a><\/strong><br \/>\n19.2. (\u010detvrtak) &#8211; 19:00 h &#8211; velika dvorana &#8211;\u00a0<a href=\"http:\/\/www.kinoeuropa.hr\/program\/pasolini-75813\" target=\"_blank\">&#8216;<strong>Pasolini&#8217;<\/strong><\/a><br \/>\n19.2. (\u010detvrtak) &#8211; 21:00 h &#8211; velika dvorana &#8211;\u00a0<strong><a href=\"http:\/\/www.kinoeuropa.hr\/program\/venecija-u-zagrebu-bez-imalo-milosti-76257\" target=\"_blank\">&#8216;Bez imalo milosti&#8217;<\/a><\/strong><br \/>\n20.2. (petak) &#8211; 19:00 h &#8211; velika dvorana &#8211;\u00a0<strong><a href=\"http:\/\/www.kinoeuropa.hr\/program\/venecija-u-zagrebu-hungry-hearts-76368\" target=\"_blank\">&#8216;Hungry Hearts&#8217;<\/a><\/strong><br \/>\n20.2. (petak) &#8211; 21:00 h &#8211; dvorana M\u00fcller &#8211;\u00a0<strong><a href=\"http:\/\/www.kinoeuropa.hr\/program\/venecija-u-zagrebu-italy-in-a-day-76220\" target=\"_blank\">&#8216;Italy in a Day&#8217;<\/a><\/strong><br \/>\n21.2. (subota) &#8211; 19:00 h &#8211; dvorana M\u00fcller &#8211;<strong>\u00a0<a href=\"http:\/\/www.kinoeuropa.hr\/program\/venecija-u-zagrebu-zene-koje-su-postale-mit-sophia-pripovjeda-o-loren-76405\" target=\"_blank\">&#8216;\u017dene koje su postale mit: Sophia pripovjeda o Loren&#8217;<\/a><\/strong><br \/>\n21.2. (subota) &#8211; 21:00 h &#8211; velika dvorana &#8211;\u00a0<strong><a href=\"http:\/\/www.kinoeuropa.hr\/program\/venecija-u-zagrebu-poseban-dan-76183\" target=\"_blank\">&#8216;Poseban dan&#8217;<\/a><\/strong><\/p>\n<p style=\"text-align: justify;\"><strong>[izvor informacije\u00a0<strong><a href=\"http:\/\/www.kinoeuropa.hr\/\">Kino Europa<\/a><\/strong>]<\/strong><\/p>\n<div id=\"fb_share_1\" style=\"float: right; margin-left: 10px;\"><a name=\"fb_share\" type=\"box_count\" share_url=\"http:\/\/film-mag.net\/wp\/?p=19823\" href=\"http:\/\/www.facebook.com\/sharer.php\">Share<\/a><\/div><div><script src=\"http:\/\/static.ak.fbcdn.net\/connect.php\/js\/FB.Share\" type=\"text\/javascript\"><\/script><\/div><div style=\"clear:both\"><\/div>","protected":false},"excerpt":{"rendered":"<p>VENECIJA U ZAGREBU \/\/ 17. &#8211; 21. velja\u010de 2015. \/\/ Kino Europa I ove godine Zagreb Film Festival ima \u010dast ugostiti jedan od najva\u017enijih svjetskih filmskih festivala! Nakon pro\u0161logodi\u0161njeg uspje\u0161nog starta, drugo izdanje programa \u2018Venecija u Zagrebu\u2019 odr\u017eat \u0107e se u kinu Europa od 17. do 21. velja\u010de. Program kojim se zagreba\u010dkoj publici predstavlja izbor [&hellip;]<\/p>\n","protected":false},"author":8,"featured_media":0,"comment_status":"closed","ping_status":"closed","sticky":false,"template":"","format":"standard","meta":{"_et_pb_use_builder":"","_et_pb_old_content":"","_et_gb_content_width":"","_editorskit_title_hidden":false,"_editorskit_reading_time":0,"_editorskit_is_block_options_detached":false,"_editorskit_block_options_position":"{}","footnotes":""},"categories":[9,21,170],"tags":[10240,11117,11122,741,11114,11120,307,11121,11116,11118,11115,11119,9181],"class_list":["post-19823","post","type-post","status-publish","format-standard","hentry","category-film","category-filmske-novosti","category-kalendar","tag-abel-ferrara","tag-edoardo-de-angelis","tag-ettore-scola","tag-filmske-revije","tag-francesco-munzi","tag-gabriele-salvatores","tag-kino-europa","tag-marco-spagnoli","tag-mario-martone","tag-michele-alhaique","tag-renato-de-mauro","tag-saveerio-costanzo","tag-venecija"],"yoast_head":"<!-- This site is optimized with the Yoast SEO plugin v24.6 - https:\/\/yoast.com\/wordpress\/plugins\/seo\/ -->\n<title>Venecija u Zagrebu  - FILM-mag.net<\/title>\n<meta name=\"robots\" content=\"index, follow, max-snippet:-1, max-image-preview:large, max-video-preview:-1\" \/>\n<link rel=\"canonical\" href=\"http:\/\/film-mag.net\/wp\/?p=19823\" \/>\n<meta property=\"og:locale\" content=\"en_US\" \/>\n<meta property=\"og:type\" content=\"article\" \/>\n<meta property=\"og:title\" content=\"Venecija u Zagrebu  - FILM-mag.net\" \/>\n<meta property=\"og:description\" content=\"VENECIJA U ZAGREBU \/\/ 17. &#8211; 21. velja\u010de 2015. \/\/ Kino Europa I ove godine Zagreb Film Festival ima \u010dast ugostiti jedan od najva\u017enijih svjetskih filmskih festivala! Nakon pro\u0161logodi\u0161njeg uspje\u0161nog starta, drugo izdanje programa \u2018Venecija u Zagrebu\u2019 odr\u017eat \u0107e se u kinu Europa od 17. do 21. velja\u010de. Program kojim se zagreba\u010dkoj publici predstavlja izbor [&hellip;]\" \/>\n<meta property=\"og:url\" content=\"http:\/\/film-mag.net\/wp\/?p=19823\" \/>\n<meta property=\"og:site_name\" content=\"FILM-mag.net\" \/>\n<meta property=\"article:published_time\" content=\"2015-02-11T22:41:02+00:00\" \/>\n<meta property=\"og:image\" content=\"http:\/\/film-mag.net\/wp\/wp-content\/uploads\/2015\/02\/KE_Venecija_u_Zagrebu_2015.jpg\" \/>\n<meta name=\"author\" content=\"PRESS\" \/>\n<meta name=\"twitter:card\" content=\"summary_large_image\" \/>\n<meta name=\"twitter:label1\" content=\"Written by\" \/>\n\t<meta name=\"twitter:data1\" content=\"PRESS\" \/>\n\t<meta name=\"twitter:label2\" content=\"Est. reading time\" \/>\n\t<meta name=\"twitter:data2\" content=\"3 minutes\" \/>\n<script type=\"application\/ld+json\" class=\"yoast-schema-graph\">{\"@context\":\"https:\/\/schema.org\",\"@graph\":[{\"@type\":\"WebPage\",\"@id\":\"http:\/\/film-mag.net\/wp\/?p=19823\",\"url\":\"http:\/\/film-mag.net\/wp\/?p=19823\",\"name\":\"Venecija u Zagrebu - FILM-mag.net\",\"isPartOf\":{\"@id\":\"http:\/\/film-mag.net\/wp\/#website\"},\"primaryImageOfPage\":{\"@id\":\"http:\/\/film-mag.net\/wp\/?p=19823#primaryimage\"},\"image\":{\"@id\":\"http:\/\/film-mag.net\/wp\/?p=19823#primaryimage\"},\"thumbnailUrl\":\"http:\/\/film-mag.net\/wp\/wp-content\/uploads\/2015\/02\/KE_Venecija_u_Zagrebu_2015.jpg\",\"datePublished\":\"2015-02-11T22:41:02+00:00\",\"author\":{\"@id\":\"http:\/\/film-mag.net\/wp\/#\/schema\/person\/a8dd3a5b76a5bbde974e03510a205c2f\"},\"breadcrumb\":{\"@id\":\"http:\/\/film-mag.net\/wp\/?p=19823#breadcrumb\"},\"inLanguage\":\"en-US\",\"potentialAction\":[{\"@type\":\"ReadAction\",\"target\":[\"http:\/\/film-mag.net\/wp\/?p=19823\"]}]},{\"@type\":\"ImageObject\",\"inLanguage\":\"en-US\",\"@id\":\"http:\/\/film-mag.net\/wp\/?p=19823#primaryimage\",\"url\":\"http:\/\/film-mag.net\/wp\/wp-content\/uploads\/2015\/02\/KE_Venecija_u_Zagrebu_2015.jpg\",\"contentUrl\":\"http:\/\/film-mag.net\/wp\/wp-content\/uploads\/2015\/02\/KE_Venecija_u_Zagrebu_2015.jpg\"},{\"@type\":\"BreadcrumbList\",\"@id\":\"http:\/\/film-mag.net\/wp\/?p=19823#breadcrumb\",\"itemListElement\":[{\"@type\":\"ListItem\",\"position\":1,\"name\":\"Home\",\"item\":\"http:\/\/film-mag.net\/wp\/\"},{\"@type\":\"ListItem\",\"position\":2,\"name\":\"Venecija u Zagrebu\"}]},{\"@type\":\"WebSite\",\"@id\":\"http:\/\/film-mag.net\/wp\/#website\",\"url\":\"http:\/\/film-mag.net\/wp\/\",\"name\":\"FILM-mag.net\",\"description\":\"Prvi hrvatski portal o filmu i filmu bliskim podru\u010djima kulture\",\"potentialAction\":[{\"@type\":\"SearchAction\",\"target\":{\"@type\":\"EntryPoint\",\"urlTemplate\":\"http:\/\/film-mag.net\/wp\/?s={search_term_string}\"},\"query-input\":{\"@type\":\"PropertyValueSpecification\",\"valueRequired\":true,\"valueName\":\"search_term_string\"}}],\"inLanguage\":\"en-US\"},{\"@type\":\"Person\",\"@id\":\"http:\/\/film-mag.net\/wp\/#\/schema\/person\/a8dd3a5b76a5bbde974e03510a205c2f\",\"name\":\"PRESS\",\"image\":{\"@type\":\"ImageObject\",\"inLanguage\":\"en-US\",\"@id\":\"http:\/\/film-mag.net\/wp\/#\/schema\/person\/image\/\",\"url\":\"https:\/\/secure.gravatar.com\/avatar\/bf4ab1626f485b36c4f3650b1d351839?s=96&d=mm&r=g\",\"contentUrl\":\"https:\/\/secure.gravatar.com\/avatar\/bf4ab1626f485b36c4f3650b1d351839?s=96&d=mm&r=g\",\"caption\":\"PRESS\"},\"url\":\"http:\/\/film-mag.net\/wp\/?author=8\"}]}<\/script>\n<!-- \/ Yoast SEO plugin. -->","yoast_head_json":{"title":"Venecija u Zagrebu  - FILM-mag.net","robots":{"index":"index","follow":"follow","max-snippet":"max-snippet:-1","max-image-preview":"max-image-preview:large","max-video-preview":"max-video-preview:-1"},"canonical":"http:\/\/film-mag.net\/wp\/?p=19823","og_locale":"en_US","og_type":"article","og_title":"Venecija u Zagrebu  - FILM-mag.net","og_description":"VENECIJA U ZAGREBU \/\/ 17. &#8211; 21. velja\u010de 2015. \/\/ Kino Europa I ove godine Zagreb Film Festival ima \u010dast ugostiti jedan od najva\u017enijih svjetskih filmskih festivala! Nakon pro\u0161logodi\u0161njeg uspje\u0161nog starta, drugo izdanje programa \u2018Venecija u Zagrebu\u2019 odr\u017eat \u0107e se u kinu Europa od 17. do 21. velja\u010de. Program kojim se zagreba\u010dkoj publici predstavlja izbor [&hellip;]","og_url":"http:\/\/film-mag.net\/wp\/?p=19823","og_site_name":"FILM-mag.net","article_published_time":"2015-02-11T22:41:02+00:00","og_image":[{"url":"http:\/\/film-mag.net\/wp\/wp-content\/uploads\/2015\/02\/KE_Venecija_u_Zagrebu_2015.jpg","type":"","width":"","height":""}],"author":"PRESS","twitter_card":"summary_large_image","twitter_misc":{"Written by":"PRESS","Est. reading time":"3 minutes"},"schema":{"@context":"https:\/\/schema.org","@graph":[{"@type":"WebPage","@id":"http:\/\/film-mag.net\/wp\/?p=19823","url":"http:\/\/film-mag.net\/wp\/?p=19823","name":"Venecija u Zagrebu - FILM-mag.net","isPartOf":{"@id":"http:\/\/film-mag.net\/wp\/#website"},"primaryImageOfPage":{"@id":"http:\/\/film-mag.net\/wp\/?p=19823#primaryimage"},"image":{"@id":"http:\/\/film-mag.net\/wp\/?p=19823#primaryimage"},"thumbnailUrl":"http:\/\/film-mag.net\/wp\/wp-content\/uploads\/2015\/02\/KE_Venecija_u_Zagrebu_2015.jpg","datePublished":"2015-02-11T22:41:02+00:00","author":{"@id":"http:\/\/film-mag.net\/wp\/#\/schema\/person\/a8dd3a5b76a5bbde974e03510a205c2f"},"breadcrumb":{"@id":"http:\/\/film-mag.net\/wp\/?p=19823#breadcrumb"},"inLanguage":"en-US","potentialAction":[{"@type":"ReadAction","target":["http:\/\/film-mag.net\/wp\/?p=19823"]}]},{"@type":"ImageObject","inLanguage":"en-US","@id":"http:\/\/film-mag.net\/wp\/?p=19823#primaryimage","url":"http:\/\/film-mag.net\/wp\/wp-content\/uploads\/2015\/02\/KE_Venecija_u_Zagrebu_2015.jpg","contentUrl":"http:\/\/film-mag.net\/wp\/wp-content\/uploads\/2015\/02\/KE_Venecija_u_Zagrebu_2015.jpg"},{"@type":"BreadcrumbList","@id":"http:\/\/film-mag.net\/wp\/?p=19823#breadcrumb","itemListElement":[{"@type":"ListItem","position":1,"name":"Home","item":"http:\/\/film-mag.net\/wp\/"},{"@type":"ListItem","position":2,"name":"Venecija u Zagrebu"}]},{"@type":"WebSite","@id":"http:\/\/film-mag.net\/wp\/#website","url":"http:\/\/film-mag.net\/wp\/","name":"FILM-mag.net","description":"Prvi hrvatski portal o filmu i filmu bliskim podru\u010djima kulture","potentialAction":[{"@type":"SearchAction","target":{"@type":"EntryPoint","urlTemplate":"http:\/\/film-mag.net\/wp\/?s={search_term_string}"},"query-input":{"@type":"PropertyValueSpecification","valueRequired":true,"valueName":"search_term_string"}}],"inLanguage":"en-US"},{"@type":"Person","@id":"http:\/\/film-mag.net\/wp\/#\/schema\/person\/a8dd3a5b76a5bbde974e03510a205c2f","name":"PRESS","image":{"@type":"ImageObject","inLanguage":"en-US","@id":"http:\/\/film-mag.net\/wp\/#\/schema\/person\/image\/","url":"https:\/\/secure.gravatar.com\/avatar\/bf4ab1626f485b36c4f3650b1d351839?s=96&d=mm&r=g","contentUrl":"https:\/\/secure.gravatar.com\/avatar\/bf4ab1626f485b36c4f3650b1d351839?s=96&d=mm&r=g","caption":"PRESS"},"url":"http:\/\/film-mag.net\/wp\/?author=8"}]}},"_links":{"self":[{"href":"http:\/\/film-mag.net\/wp\/index.php?rest_route=\/wp\/v2\/posts\/19823","targetHints":{"allow":["GET"]}}],"collection":[{"href":"http:\/\/film-mag.net\/wp\/index.php?rest_route=\/wp\/v2\/posts"}],"about":[{"href":"http:\/\/film-mag.net\/wp\/index.php?rest_route=\/wp\/v2\/types\/post"}],"author":[{"embeddable":true,"href":"http:\/\/film-mag.net\/wp\/index.php?rest_route=\/wp\/v2\/users\/8"}],"replies":[{"embeddable":true,"href":"http:\/\/film-mag.net\/wp\/index.php?rest_route=%2Fwp%2Fv2%2Fcomments&post=19823"}],"version-history":[{"count":1,"href":"http:\/\/film-mag.net\/wp\/index.php?rest_route=\/wp\/v2\/posts\/19823\/revisions"}],"predecessor-version":[{"id":19825,"href":"http:\/\/film-mag.net\/wp\/index.php?rest_route=\/wp\/v2\/posts\/19823\/revisions\/19825"}],"wp:attachment":[{"href":"http:\/\/film-mag.net\/wp\/index.php?rest_route=%2Fwp%2Fv2%2Fmedia&parent=19823"}],"wp:term":[{"taxonomy":"category","embeddable":true,"href":"http:\/\/film-mag.net\/wp\/index.php?rest_route=%2Fwp%2Fv2%2Fcategories&post=19823"},{"taxonomy":"post_tag","embeddable":true,"href":"http:\/\/film-mag.net\/wp\/index.php?rest_route=%2Fwp%2Fv2%2Ftags&post=19823"}],"curies":[{"name":"wp","href":"https:\/\/api.w.org\/{rel}","templated":true}]}}