{"id":19803,"date":"2015-02-11T13:12:34","date_gmt":"2015-02-11T12:12:34","guid":{"rendered":"http:\/\/film-mag.net\/wp\/?p=19803"},"modified":"2015-02-11T13:12:34","modified_gmt":"2015-02-11T12:12:34","slug":"predstava-vjesticji-pir-u-osijeckom-djecjem-kazalista-branka-mihaljevica","status":"publish","type":"post","link":"http:\/\/film-mag.net\/wp\/?p=19803","title":{"rendered":"Predstava &#8216;Vje\u0161ti\u010dji pir&#8217; u osije\u010dkom Dje\u010djem kazali\u0161ta Branka Mihaljevi\u0107a"},"content":{"rendered":"<p style=\"text-align: justify;\">VJE\u0160TI\u010cJI PIR \u2013 DIVNA LJUBAVNA PRI\u010cA IZME\u0110U ROSELINE I JANO\u0160A ZA VALENTINOVO U DJE\u010cJEM KAZALI\u0160TU<\/p>\n<div class=\"mceTemp\" style=\"text-align: justify;\">\n<dl id=\"attachment_19804\" class=\"wp-caption alignnone\" style=\"width: 560px;\">\n<dt class=\"wp-caption-dt\"><a href=\"http:\/\/film-mag.net\/wp\/wp-content\/uploads\/2015\/02\/DKBM_vjesticji_pir.jpg\"><img loading=\"lazy\" decoding=\"async\" class=\"size-full wp-image-19804\" title=\"Vje\u0161ti\u010dji pir ; Ustupilo DKBM\" src=\"http:\/\/film-mag.net\/wp\/wp-content\/uploads\/2015\/02\/DKBM_vjesticji_pir.jpg\" alt=\"Vje\u0161ti\u010dji pir ; Ustupilo DKBM\" width=\"550\" height=\"367\" \/><\/a><\/dt>\n<dd class=\"wp-caption-dd\">Vje\u0161ti\u010dji pir ; Ustupilo DKBM<\/dd>\n<\/dl>\n<\/div>\n<p style=\"text-align: justify;\">Za Valentinovo 14. velja\u010de 2015. s po\u010detkom u 18 sati pozivamo vas u <strong>Dje\u010dje kazali\u0161te Branka Mihaljevi\u0107a<\/strong> na divnu ljubavnu pri\u010du izme\u0111u Roseline i Jano\u0161a u predstavi <strong>Vje\u0161ti\u010dji pir<\/strong>. U predstavi putuju\u0107i komedija\u0161i, uz pomo\u0107 maski i rekvizita, igraju staru slavensku pri\u010du o bogatu trgovcu Pantaloniju \u010dija se jedinica Roselina zaljubljuje u siroma\u0161na vrtlara Jano\u0161a. Dok se to dvije zaljubljenika ne na\u0111u zajedno, moraju prevladati brojne pustolovine, zabune i zablude, pri \u010demu zna\u010dajnu ulogu igraju i dva lika\u2026 jedna Vje\u0161tica i jedan \u010carobnjak. Ova commedia dell arte pripada i djeci i odraslima, podjednako. Vole ju gledati i najmla\u0111i, ali i njihovi pratitelji u na\u0161em Kazali\u0161tu. Predstavu je re\u017eirao Stefan Kulhanek, a igraju \u0110or\u0111e Duki\u0107 kao Alfonso Pantaloni, Aleksandra Colnari\u0107 je Roselina, Zvjezdana Bu\u010danin \u2013 Flamenia, Tihomir Grlju\u0161i\u0107 \u2013 Jano\u0161, a Ivica Lu\u010di\u0107 \u2013 Arlecchino, Madame Pompadour, Guiseppe Maccharoni. Kao i uvijek ulaznice mo\u017eete rezervirati na telefon 501-485 ili mejlom na <strong><a href=\"mailto:marketing@djecje-kazaliste.hr\">marketing@djecje-kazaliste.hr<\/a><\/strong>. Molimo sve koji rezerviraju ulaznice da ih podignu najkasnije 30 minuta prije po\u010detka predstave! Veselimo se va\u0161em dolasku na na\u0161 Vje\u0161ti\u010dji pir!<\/p>\n<p style=\"text-align: justify;\">[izvor informacije <strong><a href=\"http:\/\/www.djecje-kazaliste.hr\/\">Dje\u010dje kazali\u0161te Branka Mihaljevi\u0107a<\/a><\/strong>]<\/p>\n<div id=\"fb_share_1\" style=\"float: right; margin-left: 10px;\"><a name=\"fb_share\" type=\"box_count\" share_url=\"http:\/\/film-mag.net\/wp\/?p=19803\" href=\"http:\/\/www.facebook.com\/sharer.php\">Share<\/a><\/div><div><script src=\"http:\/\/static.ak.fbcdn.net\/connect.php\/js\/FB.Share\" type=\"text\/javascript\"><\/script><\/div><div style=\"clear:both\"><\/div>","protected":false},"excerpt":{"rendered":"<p>VJE\u0160TI\u010cJI PIR \u2013 DIVNA LJUBAVNA PRI\u010cA IZME\u0110U ROSELINE I JANO\u0160A ZA VALENTINOVO U DJE\u010cJEM KAZALI\u0160TU Vje\u0161ti\u010dji pir ; Ustupilo DKBM Za Valentinovo 14. velja\u010de 2015. s po\u010detkom u 18 sati pozivamo vas u Dje\u010dje kazali\u0161te Branka Mihaljevi\u0107a na divnu ljubavnu pri\u010du izme\u0111u Roseline i Jano\u0161a u predstavi Vje\u0161ti\u010dji pir. U predstavi putuju\u0107i komedija\u0161i, uz pomo\u0107 [&hellip;]<\/p>\n","protected":false},"author":8,"featured_media":0,"comment_status":"closed","ping_status":"closed","sticky":false,"template":"","format":"standard","meta":{"_et_pb_use_builder":"","_et_pb_old_content":"","_et_gb_content_width":"","_editorskit_title_hidden":false,"_editorskit_reading_time":0,"_editorskit_is_block_options_detached":false,"_editorskit_block_options_position":"{}","footnotes":""},"categories":[170,36,10],"tags":[11094,4354,11091,11093,11097,681,11092,11096,11095],"class_list":["post-19803","post","type-post","status-publish","format-standard","hentry","category-kalendar","category-kazalisne-najave","category-kazaliste","tag-aleksandra-colnaric","tag-djecja-predstava","tag-djecje-kazaliste-branka-mihaljevica","tag-dorde-dukic","tag-ivica-lucic","tag-osijek","tag-stefan-kulhanek","tag-tihomir-grljusic","tag-zvjezdana-bucanin"],"yoast_head":"<!-- This site is optimized with the Yoast SEO plugin v24.6 - https:\/\/yoast.com\/wordpress\/plugins\/seo\/ -->\n<title>Predstava &#039;Vje\u0161ti\u010dji pir&#039; u osije\u010dkom Dje\u010djem kazali\u0161ta Branka Mihaljevi\u0107a - FILM-mag.net<\/title>\n<meta name=\"robots\" content=\"index, follow, max-snippet:-1, max-image-preview:large, max-video-preview:-1\" \/>\n<link rel=\"canonical\" href=\"http:\/\/film-mag.net\/wp\/?p=19803\" \/>\n<meta property=\"og:locale\" content=\"en_US\" \/>\n<meta property=\"og:type\" content=\"article\" \/>\n<meta property=\"og:title\" content=\"Predstava &#039;Vje\u0161ti\u010dji pir&#039; u osije\u010dkom Dje\u010djem kazali\u0161ta Branka Mihaljevi\u0107a - FILM-mag.net\" \/>\n<meta property=\"og:description\" content=\"VJE\u0160TI\u010cJI PIR \u2013 DIVNA LJUBAVNA PRI\u010cA IZME\u0110U ROSELINE I JANO\u0160A ZA VALENTINOVO U DJE\u010cJEM KAZALI\u0160TU Vje\u0161ti\u010dji pir ; Ustupilo DKBM Za Valentinovo 14. velja\u010de 2015. s po\u010detkom u 18 sati pozivamo vas u Dje\u010dje kazali\u0161te Branka Mihaljevi\u0107a na divnu ljubavnu pri\u010du izme\u0111u Roseline i Jano\u0161a u predstavi Vje\u0161ti\u010dji pir. U predstavi putuju\u0107i komedija\u0161i, uz pomo\u0107 [&hellip;]\" \/>\n<meta property=\"og:url\" content=\"http:\/\/film-mag.net\/wp\/?p=19803\" \/>\n<meta property=\"og:site_name\" content=\"FILM-mag.net\" \/>\n<meta property=\"article:published_time\" content=\"2015-02-11T12:12:34+00:00\" \/>\n<meta property=\"og:image\" content=\"http:\/\/film-mag.net\/wp\/wp-content\/uploads\/2015\/02\/DKBM_vjesticji_pir.jpg\" \/>\n<meta name=\"author\" content=\"PRESS\" \/>\n<meta name=\"twitter:card\" content=\"summary_large_image\" \/>\n<meta name=\"twitter:label1\" content=\"Written by\" \/>\n\t<meta name=\"twitter:data1\" content=\"PRESS\" \/>\n\t<meta name=\"twitter:label2\" content=\"Est. reading time\" \/>\n\t<meta name=\"twitter:data2\" content=\"1 minute\" \/>\n<script type=\"application\/ld+json\" class=\"yoast-schema-graph\">{\"@context\":\"https:\/\/schema.org\",\"@graph\":[{\"@type\":\"WebPage\",\"@id\":\"http:\/\/film-mag.net\/wp\/?p=19803\",\"url\":\"http:\/\/film-mag.net\/wp\/?p=19803\",\"name\":\"Predstava 'Vje\u0161ti\u010dji pir' u osije\u010dkom Dje\u010djem kazali\u0161ta Branka Mihaljevi\u0107a - FILM-mag.net\",\"isPartOf\":{\"@id\":\"http:\/\/film-mag.net\/wp\/#website\"},\"primaryImageOfPage\":{\"@id\":\"http:\/\/film-mag.net\/wp\/?p=19803#primaryimage\"},\"image\":{\"@id\":\"http:\/\/film-mag.net\/wp\/?p=19803#primaryimage\"},\"thumbnailUrl\":\"http:\/\/film-mag.net\/wp\/wp-content\/uploads\/2015\/02\/DKBM_vjesticji_pir.jpg\",\"datePublished\":\"2015-02-11T12:12:34+00:00\",\"author\":{\"@id\":\"http:\/\/film-mag.net\/wp\/#\/schema\/person\/a8dd3a5b76a5bbde974e03510a205c2f\"},\"breadcrumb\":{\"@id\":\"http:\/\/film-mag.net\/wp\/?p=19803#breadcrumb\"},\"inLanguage\":\"en-US\",\"potentialAction\":[{\"@type\":\"ReadAction\",\"target\":[\"http:\/\/film-mag.net\/wp\/?p=19803\"]}]},{\"@type\":\"ImageObject\",\"inLanguage\":\"en-US\",\"@id\":\"http:\/\/film-mag.net\/wp\/?p=19803#primaryimage\",\"url\":\"http:\/\/film-mag.net\/wp\/wp-content\/uploads\/2015\/02\/DKBM_vjesticji_pir.jpg\",\"contentUrl\":\"http:\/\/film-mag.net\/wp\/wp-content\/uploads\/2015\/02\/DKBM_vjesticji_pir.jpg\"},{\"@type\":\"BreadcrumbList\",\"@id\":\"http:\/\/film-mag.net\/wp\/?p=19803#breadcrumb\",\"itemListElement\":[{\"@type\":\"ListItem\",\"position\":1,\"name\":\"Home\",\"item\":\"http:\/\/film-mag.net\/wp\/\"},{\"@type\":\"ListItem\",\"position\":2,\"name\":\"Predstava &#8216;Vje\u0161ti\u010dji pir&#8217; u osije\u010dkom Dje\u010djem kazali\u0161ta Branka Mihaljevi\u0107a\"}]},{\"@type\":\"WebSite\",\"@id\":\"http:\/\/film-mag.net\/wp\/#website\",\"url\":\"http:\/\/film-mag.net\/wp\/\",\"name\":\"FILM-mag.net\",\"description\":\"Prvi hrvatski portal o filmu i filmu bliskim podru\u010djima kulture\",\"potentialAction\":[{\"@type\":\"SearchAction\",\"target\":{\"@type\":\"EntryPoint\",\"urlTemplate\":\"http:\/\/film-mag.net\/wp\/?s={search_term_string}\"},\"query-input\":{\"@type\":\"PropertyValueSpecification\",\"valueRequired\":true,\"valueName\":\"search_term_string\"}}],\"inLanguage\":\"en-US\"},{\"@type\":\"Person\",\"@id\":\"http:\/\/film-mag.net\/wp\/#\/schema\/person\/a8dd3a5b76a5bbde974e03510a205c2f\",\"name\":\"PRESS\",\"image\":{\"@type\":\"ImageObject\",\"inLanguage\":\"en-US\",\"@id\":\"http:\/\/film-mag.net\/wp\/#\/schema\/person\/image\/\",\"url\":\"https:\/\/secure.gravatar.com\/avatar\/bf4ab1626f485b36c4f3650b1d351839?s=96&d=mm&r=g\",\"contentUrl\":\"https:\/\/secure.gravatar.com\/avatar\/bf4ab1626f485b36c4f3650b1d351839?s=96&d=mm&r=g\",\"caption\":\"PRESS\"},\"url\":\"http:\/\/film-mag.net\/wp\/?author=8\"}]}<\/script>\n<!-- \/ Yoast SEO plugin. -->","yoast_head_json":{"title":"Predstava 'Vje\u0161ti\u010dji pir' u osije\u010dkom Dje\u010djem kazali\u0161ta Branka Mihaljevi\u0107a - FILM-mag.net","robots":{"index":"index","follow":"follow","max-snippet":"max-snippet:-1","max-image-preview":"max-image-preview:large","max-video-preview":"max-video-preview:-1"},"canonical":"http:\/\/film-mag.net\/wp\/?p=19803","og_locale":"en_US","og_type":"article","og_title":"Predstava 'Vje\u0161ti\u010dji pir' u osije\u010dkom Dje\u010djem kazali\u0161ta Branka Mihaljevi\u0107a - FILM-mag.net","og_description":"VJE\u0160TI\u010cJI PIR \u2013 DIVNA LJUBAVNA PRI\u010cA IZME\u0110U ROSELINE I JANO\u0160A ZA VALENTINOVO U DJE\u010cJEM KAZALI\u0160TU Vje\u0161ti\u010dji pir ; Ustupilo DKBM Za Valentinovo 14. velja\u010de 2015. s po\u010detkom u 18 sati pozivamo vas u Dje\u010dje kazali\u0161te Branka Mihaljevi\u0107a na divnu ljubavnu pri\u010du izme\u0111u Roseline i Jano\u0161a u predstavi Vje\u0161ti\u010dji pir. U predstavi putuju\u0107i komedija\u0161i, uz pomo\u0107 [&hellip;]","og_url":"http:\/\/film-mag.net\/wp\/?p=19803","og_site_name":"FILM-mag.net","article_published_time":"2015-02-11T12:12:34+00:00","og_image":[{"url":"http:\/\/film-mag.net\/wp\/wp-content\/uploads\/2015\/02\/DKBM_vjesticji_pir.jpg","type":"","width":"","height":""}],"author":"PRESS","twitter_card":"summary_large_image","twitter_misc":{"Written by":"PRESS","Est. reading time":"1 minute"},"schema":{"@context":"https:\/\/schema.org","@graph":[{"@type":"WebPage","@id":"http:\/\/film-mag.net\/wp\/?p=19803","url":"http:\/\/film-mag.net\/wp\/?p=19803","name":"Predstava 'Vje\u0161ti\u010dji pir' u osije\u010dkom Dje\u010djem kazali\u0161ta Branka Mihaljevi\u0107a - FILM-mag.net","isPartOf":{"@id":"http:\/\/film-mag.net\/wp\/#website"},"primaryImageOfPage":{"@id":"http:\/\/film-mag.net\/wp\/?p=19803#primaryimage"},"image":{"@id":"http:\/\/film-mag.net\/wp\/?p=19803#primaryimage"},"thumbnailUrl":"http:\/\/film-mag.net\/wp\/wp-content\/uploads\/2015\/02\/DKBM_vjesticji_pir.jpg","datePublished":"2015-02-11T12:12:34+00:00","author":{"@id":"http:\/\/film-mag.net\/wp\/#\/schema\/person\/a8dd3a5b76a5bbde974e03510a205c2f"},"breadcrumb":{"@id":"http:\/\/film-mag.net\/wp\/?p=19803#breadcrumb"},"inLanguage":"en-US","potentialAction":[{"@type":"ReadAction","target":["http:\/\/film-mag.net\/wp\/?p=19803"]}]},{"@type":"ImageObject","inLanguage":"en-US","@id":"http:\/\/film-mag.net\/wp\/?p=19803#primaryimage","url":"http:\/\/film-mag.net\/wp\/wp-content\/uploads\/2015\/02\/DKBM_vjesticji_pir.jpg","contentUrl":"http:\/\/film-mag.net\/wp\/wp-content\/uploads\/2015\/02\/DKBM_vjesticji_pir.jpg"},{"@type":"BreadcrumbList","@id":"http:\/\/film-mag.net\/wp\/?p=19803#breadcrumb","itemListElement":[{"@type":"ListItem","position":1,"name":"Home","item":"http:\/\/film-mag.net\/wp\/"},{"@type":"ListItem","position":2,"name":"Predstava &#8216;Vje\u0161ti\u010dji pir&#8217; u osije\u010dkom Dje\u010djem kazali\u0161ta Branka Mihaljevi\u0107a"}]},{"@type":"WebSite","@id":"http:\/\/film-mag.net\/wp\/#website","url":"http:\/\/film-mag.net\/wp\/","name":"FILM-mag.net","description":"Prvi hrvatski portal o filmu i filmu bliskim podru\u010djima kulture","potentialAction":[{"@type":"SearchAction","target":{"@type":"EntryPoint","urlTemplate":"http:\/\/film-mag.net\/wp\/?s={search_term_string}"},"query-input":{"@type":"PropertyValueSpecification","valueRequired":true,"valueName":"search_term_string"}}],"inLanguage":"en-US"},{"@type":"Person","@id":"http:\/\/film-mag.net\/wp\/#\/schema\/person\/a8dd3a5b76a5bbde974e03510a205c2f","name":"PRESS","image":{"@type":"ImageObject","inLanguage":"en-US","@id":"http:\/\/film-mag.net\/wp\/#\/schema\/person\/image\/","url":"https:\/\/secure.gravatar.com\/avatar\/bf4ab1626f485b36c4f3650b1d351839?s=96&d=mm&r=g","contentUrl":"https:\/\/secure.gravatar.com\/avatar\/bf4ab1626f485b36c4f3650b1d351839?s=96&d=mm&r=g","caption":"PRESS"},"url":"http:\/\/film-mag.net\/wp\/?author=8"}]}},"_links":{"self":[{"href":"http:\/\/film-mag.net\/wp\/index.php?rest_route=\/wp\/v2\/posts\/19803","targetHints":{"allow":["GET"]}}],"collection":[{"href":"http:\/\/film-mag.net\/wp\/index.php?rest_route=\/wp\/v2\/posts"}],"about":[{"href":"http:\/\/film-mag.net\/wp\/index.php?rest_route=\/wp\/v2\/types\/post"}],"author":[{"embeddable":true,"href":"http:\/\/film-mag.net\/wp\/index.php?rest_route=\/wp\/v2\/users\/8"}],"replies":[{"embeddable":true,"href":"http:\/\/film-mag.net\/wp\/index.php?rest_route=%2Fwp%2Fv2%2Fcomments&post=19803"}],"version-history":[{"count":2,"href":"http:\/\/film-mag.net\/wp\/index.php?rest_route=\/wp\/v2\/posts\/19803\/revisions"}],"predecessor-version":[{"id":19806,"href":"http:\/\/film-mag.net\/wp\/index.php?rest_route=\/wp\/v2\/posts\/19803\/revisions\/19806"}],"wp:attachment":[{"href":"http:\/\/film-mag.net\/wp\/index.php?rest_route=%2Fwp%2Fv2%2Fmedia&parent=19803"}],"wp:term":[{"taxonomy":"category","embeddable":true,"href":"http:\/\/film-mag.net\/wp\/index.php?rest_route=%2Fwp%2Fv2%2Fcategories&post=19803"},{"taxonomy":"post_tag","embeddable":true,"href":"http:\/\/film-mag.net\/wp\/index.php?rest_route=%2Fwp%2Fv2%2Ftags&post=19803"}],"curies":[{"name":"wp","href":"https:\/\/api.w.org\/{rel}","templated":true}]}}