{"id":1733,"date":"2012-05-11T16:12:55","date_gmt":"2012-05-11T14:12:55","guid":{"rendered":"http:\/\/film-mag.net\/wp\/?p=1733"},"modified":"2012-05-11T16:12:55","modified_gmt":"2012-05-11T14:12:55","slug":"festival-zidovskog-filma-2012-moc-i-nemoc-seijija-kimota-u-sklopu-6-festivala-zidovskog-filma","status":"publish","type":"post","link":"http:\/\/film-mag.net\/wp\/?p=1733","title":{"rendered":"Festival \u017eidovskog filma 2012: &#8216;Mo\u0107 i nemo\u0107&#8217; Seijija Kimota u sklopu 6. Festivala \u017eidovskog filma!"},"content":{"rendered":"<p style=\"text-align: justify;\">U sklopu \u0161estog izdanja Festivala \u017eidovskog filma Zagreb od 14. do 31. svibnja u Galeriji Karas odr\u017eat \u0107e se izlo\u017eba &#8216;Mo\u0107 i nemo\u0107&#8217; renomiranoga japanskog umjetnika Seijija Kimota.\u00a0Seiji Kimoto svestrani je japanski umjetnik koji ve\u0107 desetlje\u0107ima \u017eivi i radi u Neunkirchenu u Njema\u010dkoj. Kroz svoj rad progovara o problemima iz povijesti, ali na suvremen na\u010din. Svojim skulpturama, slikama, zidnim dizajnom, zen kaligrafijom, grafikama i crte\u017eima zauzeo je visoko mjesto na umjetni\u010dkoj sceni na kojoj je djelatan jo\u0161 od po\u010detka 70-ih godina pro\u0161log stolje\u0107a.\u00a0Izlo\u017ebom &#8216;Mo\u0107 i nemo\u0107&#8217; Seiji Kimoto propituje ljudsku slobodu i zato\u010deni\u0161tvo; njegove skulpture prikazuju mu\u010denje i zlostavljanje ljudi u razli\u010ditim oblicima. Kroz spomenuta djela Kimoto pokazuje kako otpor mo\u017ee nastati iz nemo\u0107i i kako ljudi mogu zadr\u017eati svoje dostojanstvo \u010dak i u situacijama najve\u0107ih poni\u017eenja.\u00a0Spomenuta izlo\u017eba sastoji se od 16 impozantnih skulptura i objekata izra\u0111enih od drveta, konopa, metala i kamena.<\/p>\n<p style=\"text-align: justify;\">Otvorenje izlo\u017ebe odr\u017eat \u0107e se u ponedjeljak 14. svibnja u 20 sati u Galeriji Karas, Pra\u0161ka 4, Zagreb, a istom \u0107e prisustvovati autor Seiji Kimoto.<\/p>\n<div id=\"attachment_1734\" style=\"width: 693px\" class=\"wp-caption alignnone\"><a href=\"http:\/\/film-mag.net\/wp\/wp-content\/uploads\/2012\/05\/izlozbe_jff_2012_Covjekove_sjene.jpg\"><img loading=\"lazy\" decoding=\"async\" aria-describedby=\"caption-attachment-1734\" class=\"size-full wp-image-1734\" title=\"\u010covjekove sjene\" src=\"http:\/\/film-mag.net\/wp\/wp-content\/uploads\/2012\/05\/izlozbe_jff_2012_Covjekove_sjene.jpg\" alt=\"\u010covjekove sjene\" width=\"683\" height=\"454\" \/><\/a><p id=\"caption-attachment-1734\" class=\"wp-caption-text\">\u010covjekove sjene<\/p><\/div>\n<p style=\"text-align: justify;\">Izlo\u017eba je otvorena do 31. svibnja. Radno vrijeme Galerije Karas: utorak &#8211; petak od 11 do 19 sati, subotom i nedjeljom od 10 do 14 sati, ponedjeljkom zatvoreno.<\/p>\n<p style=\"text-align: justify;\">\u0160esto izdanje Festivala \u017eidovskog filma Zagreb odr\u017eat \u0107e se od 20. do 26. svibnja u zagreba\u010dkom kinu Europa. U fokusu je ovogodi\u0161njeg festivala tolerancija, a glavni cilj educiranje publike o \u017eidovskoj kulturi i Holokaustu, kao i promoviranje multikulturalnog dijaloga i zajedni\u010dkih vrijednosti kao temelja za uspje\u0161an su\u017eivot u nacionalno i vjerski razli\u010ditim okru\u017eenjima. Bogat filmski program uklju\u010duje 54 filma, a popratni sadr\u017eaj nekoliko izlo\u017ebi, me\u0111unarodnu edukativnu filmsku radionicu (International Talent Workshop), program Edukacijska jutra te raznovrstan glazbeni program. Ulaz na filmski program, radionice i izlo\u017ebe je slobodan.<\/p>\n<p style=\"text-align: justify;\">[izvor informacije\u00a0<strong><a href=\"http:\/\/www.jff-zagreb.hr\/\">Festival \u017eidovskog filma<\/a><\/strong>]<\/p>\n<div id=\"fb_share_1\" style=\"float: right; margin-left: 10px;\"><a name=\"fb_share\" type=\"box_count\" share_url=\"http:\/\/film-mag.net\/wp\/?p=1733\" href=\"http:\/\/www.facebook.com\/sharer.php\">Share<\/a><\/div><div><script src=\"http:\/\/static.ak.fbcdn.net\/connect.php\/js\/FB.Share\" type=\"text\/javascript\"><\/script><\/div><div style=\"clear:both\"><\/div>","protected":false},"excerpt":{"rendered":"<p>U sklopu \u0161estog izdanja Festivala \u017eidovskog filma Zagreb od 14. do 31. svibnja u Galeriji Karas odr\u017eat \u0107e se izlo\u017eba &#8216;Mo\u0107 i nemo\u0107&#8217; renomiranoga japanskog umjetnika Seijija Kimota.\u00a0Seiji Kimoto svestrani je japanski umjetnik koji ve\u0107 desetlje\u0107ima \u017eivi i radi u Neunkirchenu u Njema\u010dkoj. Kroz svoj rad progovara o problemima iz povijesti, ali na suvremen na\u010din. [&hellip;]<\/p>\n","protected":false},"author":2,"featured_media":0,"comment_status":"closed","ping_status":"closed","sticky":false,"template":"","format":"standard","meta":{"_et_pb_use_builder":"","_et_pb_old_content":"","_et_gb_content_width":"","_editorskit_title_hidden":false,"_editorskit_reading_time":0,"_editorskit_is_block_options_detached":false,"_editorskit_block_options_position":"{}","footnotes":""},"categories":[9,22,64,170,13],"tags":[295,94,142],"class_list":["post-1733","post","type-post","status-publish","format-standard","hentry","category-film","category-filmski-festivali","category-izlozbe","category-kalendar","category-likovnost","tag-festival-zidovskog-filma","tag-filmski-festivali-2","tag-izlozbe-2"],"yoast_head":"<!-- This site is optimized with the Yoast SEO plugin v24.6 - https:\/\/yoast.com\/wordpress\/plugins\/seo\/ -->\n<title>Festival \u017eidovskog filma 2012: &#039;Mo\u0107 i nemo\u0107&#039; Seijija Kimota u sklopu 6. Festivala \u017eidovskog filma! - FILM-mag.net<\/title>\n<meta name=\"robots\" content=\"index, follow, max-snippet:-1, max-image-preview:large, max-video-preview:-1\" \/>\n<link rel=\"canonical\" href=\"https:\/\/film-mag.net\/wp\/?p=1733\" \/>\n<meta property=\"og:locale\" content=\"en_US\" \/>\n<meta property=\"og:type\" content=\"article\" \/>\n<meta property=\"og:title\" content=\"Festival \u017eidovskog filma 2012: &#039;Mo\u0107 i nemo\u0107&#039; Seijija Kimota u sklopu 6. Festivala \u017eidovskog filma! - FILM-mag.net\" \/>\n<meta property=\"og:description\" content=\"U sklopu \u0161estog izdanja Festivala \u017eidovskog filma Zagreb od 14. do 31. svibnja u Galeriji Karas odr\u017eat \u0107e se izlo\u017eba &#8216;Mo\u0107 i nemo\u0107&#8217; renomiranoga japanskog umjetnika Seijija Kimota.\u00a0Seiji Kimoto svestrani je japanski umjetnik koji ve\u0107 desetlje\u0107ima \u017eivi i radi u Neunkirchenu u Njema\u010dkoj. Kroz svoj rad progovara o problemima iz povijesti, ali na suvremen na\u010din. [&hellip;]\" \/>\n<meta property=\"og:url\" content=\"https:\/\/film-mag.net\/wp\/?p=1733\" \/>\n<meta property=\"og:site_name\" content=\"FILM-mag.net\" \/>\n<meta property=\"article:published_time\" content=\"2012-05-11T14:12:55+00:00\" \/>\n<meta property=\"og:image\" content=\"http:\/\/film-mag.net\/wp\/wp-content\/uploads\/2012\/05\/izlozbe_jff_2012_Covjekove_sjene.jpg\" \/>\n<meta name=\"author\" content=\"Robert Juki\u0107\" \/>\n<meta name=\"twitter:card\" content=\"summary_large_image\" \/>\n<meta name=\"twitter:label1\" content=\"Written by\" \/>\n\t<meta name=\"twitter:data1\" content=\"Robert Juki\u0107\" \/>\n\t<meta name=\"twitter:label2\" content=\"Est. reading time\" \/>\n\t<meta name=\"twitter:data2\" content=\"2 minutes\" \/>\n<script type=\"application\/ld+json\" class=\"yoast-schema-graph\">{\"@context\":\"https:\/\/schema.org\",\"@graph\":[{\"@type\":\"WebPage\",\"@id\":\"https:\/\/film-mag.net\/wp\/?p=1733\",\"url\":\"https:\/\/film-mag.net\/wp\/?p=1733\",\"name\":\"Festival \u017eidovskog filma 2012: 'Mo\u0107 i nemo\u0107' Seijija Kimota u sklopu 6. Festivala \u017eidovskog filma! - FILM-mag.net\",\"isPartOf\":{\"@id\":\"http:\/\/film-mag.net\/wp\/#website\"},\"primaryImageOfPage\":{\"@id\":\"https:\/\/film-mag.net\/wp\/?p=1733#primaryimage\"},\"image\":{\"@id\":\"https:\/\/film-mag.net\/wp\/?p=1733#primaryimage\"},\"thumbnailUrl\":\"http:\/\/film-mag.net\/wp\/wp-content\/uploads\/2012\/05\/izlozbe_jff_2012_Covjekove_sjene.jpg\",\"datePublished\":\"2012-05-11T14:12:55+00:00\",\"author\":{\"@id\":\"http:\/\/film-mag.net\/wp\/#\/schema\/person\/e10d389a3570afa6990a544a560b5ddb\"},\"breadcrumb\":{\"@id\":\"https:\/\/film-mag.net\/wp\/?p=1733#breadcrumb\"},\"inLanguage\":\"en-US\",\"potentialAction\":[{\"@type\":\"ReadAction\",\"target\":[\"https:\/\/film-mag.net\/wp\/?p=1733\"]}]},{\"@type\":\"ImageObject\",\"inLanguage\":\"en-US\",\"@id\":\"https:\/\/film-mag.net\/wp\/?p=1733#primaryimage\",\"url\":\"http:\/\/film-mag.net\/wp\/wp-content\/uploads\/2012\/05\/izlozbe_jff_2012_Covjekove_sjene.jpg\",\"contentUrl\":\"http:\/\/film-mag.net\/wp\/wp-content\/uploads\/2012\/05\/izlozbe_jff_2012_Covjekove_sjene.jpg\"},{\"@type\":\"BreadcrumbList\",\"@id\":\"https:\/\/film-mag.net\/wp\/?p=1733#breadcrumb\",\"itemListElement\":[{\"@type\":\"ListItem\",\"position\":1,\"name\":\"Home\",\"item\":\"http:\/\/film-mag.net\/wp\/\"},{\"@type\":\"ListItem\",\"position\":2,\"name\":\"Festival \u017eidovskog filma 2012: &#8216;Mo\u0107 i nemo\u0107&#8217; Seijija Kimota u sklopu 6. Festivala \u017eidovskog filma!\"}]},{\"@type\":\"WebSite\",\"@id\":\"http:\/\/film-mag.net\/wp\/#website\",\"url\":\"http:\/\/film-mag.net\/wp\/\",\"name\":\"FILM-mag.net\",\"description\":\"Prvi hrvatski portal o filmu i filmu bliskim podru\u010djima kulture\",\"potentialAction\":[{\"@type\":\"SearchAction\",\"target\":{\"@type\":\"EntryPoint\",\"urlTemplate\":\"http:\/\/film-mag.net\/wp\/?s={search_term_string}\"},\"query-input\":{\"@type\":\"PropertyValueSpecification\",\"valueRequired\":true,\"valueName\":\"search_term_string\"}}],\"inLanguage\":\"en-US\"},{\"@type\":\"Person\",\"@id\":\"http:\/\/film-mag.net\/wp\/#\/schema\/person\/e10d389a3570afa6990a544a560b5ddb\",\"name\":\"Robert Juki\u0107\",\"image\":{\"@type\":\"ImageObject\",\"inLanguage\":\"en-US\",\"@id\":\"http:\/\/film-mag.net\/wp\/#\/schema\/person\/image\/\",\"url\":\"https:\/\/secure.gravatar.com\/avatar\/9af3800a835f9caf36c524ed299e09ee?s=96&d=mm&r=g\",\"contentUrl\":\"https:\/\/secure.gravatar.com\/avatar\/9af3800a835f9caf36c524ed299e09ee?s=96&d=mm&r=g\",\"caption\":\"Robert Juki\u0107\"},\"url\":\"http:\/\/film-mag.net\/wp\/?author=2\"}]}<\/script>\n<!-- \/ Yoast SEO plugin. -->","yoast_head_json":{"title":"Festival \u017eidovskog filma 2012: 'Mo\u0107 i nemo\u0107' Seijija Kimota u sklopu 6. Festivala \u017eidovskog filma! - FILM-mag.net","robots":{"index":"index","follow":"follow","max-snippet":"max-snippet:-1","max-image-preview":"max-image-preview:large","max-video-preview":"max-video-preview:-1"},"canonical":"https:\/\/film-mag.net\/wp\/?p=1733","og_locale":"en_US","og_type":"article","og_title":"Festival \u017eidovskog filma 2012: 'Mo\u0107 i nemo\u0107' Seijija Kimota u sklopu 6. Festivala \u017eidovskog filma! - FILM-mag.net","og_description":"U sklopu \u0161estog izdanja Festivala \u017eidovskog filma Zagreb od 14. do 31. svibnja u Galeriji Karas odr\u017eat \u0107e se izlo\u017eba &#8216;Mo\u0107 i nemo\u0107&#8217; renomiranoga japanskog umjetnika Seijija Kimota.\u00a0Seiji Kimoto svestrani je japanski umjetnik koji ve\u0107 desetlje\u0107ima \u017eivi i radi u Neunkirchenu u Njema\u010dkoj. Kroz svoj rad progovara o problemima iz povijesti, ali na suvremen na\u010din. [&hellip;]","og_url":"https:\/\/film-mag.net\/wp\/?p=1733","og_site_name":"FILM-mag.net","article_published_time":"2012-05-11T14:12:55+00:00","og_image":[{"url":"http:\/\/film-mag.net\/wp\/wp-content\/uploads\/2012\/05\/izlozbe_jff_2012_Covjekove_sjene.jpg","type":"","width":"","height":""}],"author":"Robert Juki\u0107","twitter_card":"summary_large_image","twitter_misc":{"Written by":"Robert Juki\u0107","Est. reading time":"2 minutes"},"schema":{"@context":"https:\/\/schema.org","@graph":[{"@type":"WebPage","@id":"https:\/\/film-mag.net\/wp\/?p=1733","url":"https:\/\/film-mag.net\/wp\/?p=1733","name":"Festival \u017eidovskog filma 2012: 'Mo\u0107 i nemo\u0107' Seijija Kimota u sklopu 6. Festivala \u017eidovskog filma! - FILM-mag.net","isPartOf":{"@id":"http:\/\/film-mag.net\/wp\/#website"},"primaryImageOfPage":{"@id":"https:\/\/film-mag.net\/wp\/?p=1733#primaryimage"},"image":{"@id":"https:\/\/film-mag.net\/wp\/?p=1733#primaryimage"},"thumbnailUrl":"http:\/\/film-mag.net\/wp\/wp-content\/uploads\/2012\/05\/izlozbe_jff_2012_Covjekove_sjene.jpg","datePublished":"2012-05-11T14:12:55+00:00","author":{"@id":"http:\/\/film-mag.net\/wp\/#\/schema\/person\/e10d389a3570afa6990a544a560b5ddb"},"breadcrumb":{"@id":"https:\/\/film-mag.net\/wp\/?p=1733#breadcrumb"},"inLanguage":"en-US","potentialAction":[{"@type":"ReadAction","target":["https:\/\/film-mag.net\/wp\/?p=1733"]}]},{"@type":"ImageObject","inLanguage":"en-US","@id":"https:\/\/film-mag.net\/wp\/?p=1733#primaryimage","url":"http:\/\/film-mag.net\/wp\/wp-content\/uploads\/2012\/05\/izlozbe_jff_2012_Covjekove_sjene.jpg","contentUrl":"http:\/\/film-mag.net\/wp\/wp-content\/uploads\/2012\/05\/izlozbe_jff_2012_Covjekove_sjene.jpg"},{"@type":"BreadcrumbList","@id":"https:\/\/film-mag.net\/wp\/?p=1733#breadcrumb","itemListElement":[{"@type":"ListItem","position":1,"name":"Home","item":"http:\/\/film-mag.net\/wp\/"},{"@type":"ListItem","position":2,"name":"Festival \u017eidovskog filma 2012: &#8216;Mo\u0107 i nemo\u0107&#8217; Seijija Kimota u sklopu 6. Festivala \u017eidovskog filma!"}]},{"@type":"WebSite","@id":"http:\/\/film-mag.net\/wp\/#website","url":"http:\/\/film-mag.net\/wp\/","name":"FILM-mag.net","description":"Prvi hrvatski portal o filmu i filmu bliskim podru\u010djima kulture","potentialAction":[{"@type":"SearchAction","target":{"@type":"EntryPoint","urlTemplate":"http:\/\/film-mag.net\/wp\/?s={search_term_string}"},"query-input":{"@type":"PropertyValueSpecification","valueRequired":true,"valueName":"search_term_string"}}],"inLanguage":"en-US"},{"@type":"Person","@id":"http:\/\/film-mag.net\/wp\/#\/schema\/person\/e10d389a3570afa6990a544a560b5ddb","name":"Robert Juki\u0107","image":{"@type":"ImageObject","inLanguage":"en-US","@id":"http:\/\/film-mag.net\/wp\/#\/schema\/person\/image\/","url":"https:\/\/secure.gravatar.com\/avatar\/9af3800a835f9caf36c524ed299e09ee?s=96&d=mm&r=g","contentUrl":"https:\/\/secure.gravatar.com\/avatar\/9af3800a835f9caf36c524ed299e09ee?s=96&d=mm&r=g","caption":"Robert Juki\u0107"},"url":"http:\/\/film-mag.net\/wp\/?author=2"}]}},"_links":{"self":[{"href":"http:\/\/film-mag.net\/wp\/index.php?rest_route=\/wp\/v2\/posts\/1733","targetHints":{"allow":["GET"]}}],"collection":[{"href":"http:\/\/film-mag.net\/wp\/index.php?rest_route=\/wp\/v2\/posts"}],"about":[{"href":"http:\/\/film-mag.net\/wp\/index.php?rest_route=\/wp\/v2\/types\/post"}],"author":[{"embeddable":true,"href":"http:\/\/film-mag.net\/wp\/index.php?rest_route=\/wp\/v2\/users\/2"}],"replies":[{"embeddable":true,"href":"http:\/\/film-mag.net\/wp\/index.php?rest_route=%2Fwp%2Fv2%2Fcomments&post=1733"}],"version-history":[{"count":2,"href":"http:\/\/film-mag.net\/wp\/index.php?rest_route=\/wp\/v2\/posts\/1733\/revisions"}],"predecessor-version":[{"id":1736,"href":"http:\/\/film-mag.net\/wp\/index.php?rest_route=\/wp\/v2\/posts\/1733\/revisions\/1736"}],"wp:attachment":[{"href":"http:\/\/film-mag.net\/wp\/index.php?rest_route=%2Fwp%2Fv2%2Fmedia&parent=1733"}],"wp:term":[{"taxonomy":"category","embeddable":true,"href":"http:\/\/film-mag.net\/wp\/index.php?rest_route=%2Fwp%2Fv2%2Fcategories&post=1733"},{"taxonomy":"post_tag","embeddable":true,"href":"http:\/\/film-mag.net\/wp\/index.php?rest_route=%2Fwp%2Fv2%2Ftags&post=1733"}],"curies":[{"name":"wp","href":"https:\/\/api.w.org\/{rel}","templated":true}]}}