{"id":12609,"date":"2014-01-22T13:41:59","date_gmt":"2014-01-22T12:41:59","guid":{"rendered":"http:\/\/film-mag.net\/wp\/?p=12609"},"modified":"2014-01-25T20:51:13","modified_gmt":"2014-01-25T19:51:13","slug":"promocija-knjige-kinematografija-u-ndh-u-kinu-europa","status":"publish","type":"post","link":"http:\/\/film-mag.net\/wp\/?p=12609","title":{"rendered":"Promocija knjige &#8216;Kinematografija u NDH&#8217; u kinu Europa"},"content":{"rendered":"<p style=\"text-align: justify;\">NAKLADA LJEVAK POZIVA VAS NA PROMOCIJU KNJIGE<br \/>\n<strong>Daniel Rafaeli\u0107<\/strong><br \/>\n<strong> Kinematografija u NDH<\/strong><br \/>\n\u010detvrtak, 23. sije\u010dnja 2014. u 18 sati, kino Europa \u2013 dvorana M\u00fcller, Zagreb<br \/>\nSudjeluju: dr. sc. Mario Jareb, dr. sc. Ivica \u0160ute, mr. sc. Milana Vukovi\u0107 Runji\u0107, autor Daniel Rafaeli\u0107 i urednik Nenad Rizvanovi\u0107<\/p>\n<p style=\"text-align: justify;\">Nakon promocije s po\u010detkom u 19 sati u kino dvorani premijerno \u0107e se prikazati film &#8221;LJUDI U OLUJI&#8221; iz 1941. godine predvo\u0111en Olgom Tschechowom, zvijezdom kinematografije Tre\u0107eg Reicha. Film je bio jedan od najve\u0107ih kino hitova toga vremena, no nakon rata bio je zabranjen za javno prikazivanje. Zagreba\u010dka projekcija prva je javna projekcija nakon sedamdesetak godina.<\/p>\n<div class=\"mceTemp\" style=\"text-align: justify;\">\n<dl id=\"attachment_12610\" class=\"wp-caption alignnone\" style=\"width: 679px;\">\n<dt class=\"wp-caption-dt\"><a href=\"http:\/\/film-mag.net\/wp\/wp-content\/uploads\/2014\/01\/ljevak_Kinematografija_e_pozivnica.jpg\"><img loading=\"lazy\" decoding=\"async\" class=\"size-full wp-image-12610\" title=\"Pozivnica na promociju knjige 'Kinematografija u NDH' ; Ustupila NLj\" src=\"http:\/\/film-mag.net\/wp\/wp-content\/uploads\/2014\/01\/ljevak_Kinematografija_e_pozivnica.jpg\" alt=\"Pozivnica na promociju knjige 'Kinematografija u NDH' ; Ustupila NLj\" width=\"669\" height=\"248\" \/><\/a><\/dt>\n<dd class=\"wp-caption-dd\">Pozivnica na promociju knjige &#8216;Kinematografija u NDH&#8217; ; Ustupila NLj<\/dd>\n<\/dl>\n<\/div>\n<p style=\"text-align: justify;\">Po prvi put, na jednom mjestu, knjiga povjesni\u010dara filma Daniela Rafaeli\u0107a donosi stru\u010dnu, opse\u017enu i razumljivu povijest kinematografije Nezavisne Dr\u017eave Hrvatske. Brojni rariteti koji se \u010duvaju u svjetskim filmskim arhivima po prvi \u0107e put u knjizi Kinematografija u NDH ugledati svijetlo dana. Knjiga pisana u formi znanstvenog rada, na pristupa\u010dan na\u010din ocrtava kinematografsku, ekonomsku, socijalnu i op\u0107e kulturalnu potku svih grana kinematografije, postavljaju\u0107i po prvi put prava znanstvena pitanja i nude\u0107i ne ideolo\u0161ke ili politi\u010dke, ve\u0107 isklju\u010divo znanstvene odgovore.<\/p>\n<p style=\"text-align: justify;\"><strong>LJUDI U OLUJI (Menschen im Sturm)<\/strong><br \/>\nRedatelj: Fritz Peter Buch<br \/>\nU glavnim ulogama: Olga Tschechowa, Gustav Diessl, Siegfried Breuer, Hannelore Schroth, Heinz Weizel, Kurt Melsel, Franz Schafheitlin, Josef Sieber<\/p>\n<p style=\"text-align: justify;\">U srpnju 1941. u endeha\u0161ki Zagreb sti\u017ee njema\u010dka filmska ekipa predvo\u0111ena Olgom Tschechowom, zvijezdom kinematografije Tre\u0107eg Reicha. Snimaju film <strong><a href=\"http:\/\/www.imdb.com\/title\/tt0033904\/?ref_=fn_al_tt_1\">Menschen im Sturm &#8211; Ljudi u oluji<\/a><\/strong> o poku\u0161aju bijega preko njema\u010dko-jugoslavenske granice male grupe volksdeutschera uo\u010di Drugog svjetskog rata. Ovaj antislavenski film premijerno je u Zagrebu prikazan u o\u017eujku 1942. i vrlo brzo se prometnuo u jedan od najve\u0107ih kino hitova toga vremena &#8211; izme\u0111u ostalog i zbog toga \u0161to je endeha\u0161ki Poglavnik inzistirao da se jedan filmski lik oblikuje po njemu. Poslije rata, film je stavljen na listu tzv. vorbehalts filmova i bio je godinama zabranjen za javno prikazivanje. Zagreba\u010dka projekcija prva je javna projekcija tog filma nakon sedamdesetak godina.<\/p>\n<p style=\"text-align: justify;\"><strong>ULAZ SLOBODAN!**<\/strong> Ulaznice se preuzimaju na blagajni kina Europa ili u Knji\u017eari Ljevak uz prethodnu prijavu na <strong><a href=\"mailto:marketing@naklada-ljevak.hr\">marketing@naklada-ljevak.hr<\/a><\/strong>\u00a0ili na broj telefona 01\/4804 021 do 22.1. u 15 sati.<\/p>\n<p style=\"text-align: justify;\"><strong>Daniel Rafaeli\u0107<\/strong><br \/>\n<strong> Kinematografija u NDH<\/strong><\/p>\n<p style=\"text-align: justify;\">ISBN: 978-953-303-640-3<br \/>\nUDK: 791.43(497.5)<br \/>\nBiblioteka: Kultura i civilizacija<br \/>\nIzdava\u010d: Naklada Ljevak<br \/>\nGodina: 2013.<br \/>\nUvez: tvrdi<br \/>\nJezik: hrvatski<br \/>\nBroj stranica: 319<br \/>\nFormat: 15,5 x 24 cm<\/p>\n<p style=\"text-align: justify;\">Hrvatska filmska povijest relativno je slabo pokrivena brojnim relevantnim izdanjima. Kinematografsko razdoblje 1941. \u2013 1945. tako\u0111er je \u010desto zaobila\u017eeno i preskakano. Po prvi put, na jednom mjestu, knjiga povjesni\u010dara filma Daniela Rafaeli\u0107a donosi stru\u010dnu, opse\u017enu i razumljivu povijest kinematografije Nezavisne Dr\u017eave Hrvatske.<\/p>\n<p style=\"text-align: justify;\">Detaljnom analizom svih filmova i filmskih \u017eurnala proizvedenih u NDH kao i sintezom nekoliko tisu\u0107a prona\u0111enih i obra\u0111enih arhivskih dokumenata iz Zagreb, Beograda, Berlina i Rima autor knjige portretira kinematografiju satelitske dr\u017eave \u010diji se propagandni uzusi doslovno preklapaju s onima nacisti\u010dke njema\u010dke. Ipak, brojni kinematografski disidenti pru\u017eali su otpor vladaju\u0107em represivnom aparatu te se i o njima prvi put govori. Do sad nevi\u0111eni rukopisi, fotografije i filmski plakati biti \u0107e po prvi put publicirani. Brojni rariteti koji se \u010duvaju u svjetskim filmskim arhivima po prvi \u0107e put u knjizi Kinematografija u NDH ugledati svijetlo dana. Zasebni dio knjige \u010dine vrijedni intervjui s nekima od najva\u017enijih aktera filmskih djelatnosti toga vremena, koje je autor knjige uspio napraviti prije njihove smrti.<\/p>\n<p style=\"text-align: justify;\">Knjiga pisana u formi znanstvenog rada, na pristupa\u010dan na\u010din ocrtava kinematografsku, ekonomsku, socijalnu i op\u0107e kulturalnu potku svih grana kinematografije, postavljaju\u0107i po prvi put prava znanstvena pitanja i nude\u0107i ne ideolo\u0161ke ili politi\u010dke, ve\u0107 isklju\u010divo znanstvene odgovore.<\/p>\n<p style=\"text-align: justify;\">Knjiga sadr\u017ei 350 kartica teksta, preko dvjestotinjak fotografija, desetak reprodukcija filmskih plakata i pedesetak originalnih dokumenata. Sve to po prvi puta predstaviti \u0107e se hrvatskoj i me\u0111unarodnoj javnosti kao jedinstvena knjiga kako doma\u0107e filmske povijesti, tako i publicistike uop\u0107e.<\/p>\n<p style=\"text-align: justify;\"><strong>O autoru:<\/strong><br \/>\nRo\u0111en 19.6.1977. godine u Bitoli, Makedonija. Osnovna i srednja \u0161kola u Zagrebu. 1996. godine upisao Filozofski fakultet u Zagrebu \u2013 diplomirao povijest 2002. godine (Amarna period egipatske povijesti umjetnosti). 2003. godine na istom fakultetu upisao Poslijediplomski studij hrvatske povijesti. 2006. godine upisao je Poslijediplomski doktorski studij Moderne i suvremene hrvatske povijesti gdje je u procesu stjecanja doktorata. Zaposlen u Hrvatskoj kinoteci &#8211; Hrvatskom dr\u017eavnom arhivu od 2002. do 2010. godine, kao filmolog &#8211; arhivist. Od 2007. do 2009. radi kao Na\u010delnik odsjeka za za\u0161titu i restauraciju filmskog gradiva. DVD izdanje filma Lisinski (1944.), Oktavijana Mileti\u0107a, nastalo i realizirano prema njegovoj ideji, progla\u0161eno izdanjem godine. Usmjeren istra\u017eivanju doma\u0107e i svjetske filmske povijesti kao i istra\u017eivanju filmskih arhiva s ciljem pronalaska zaboravljenih i izgubljenih filmskih zapisa iz Hrvatske. U filmskim arhivima u Be\u010du (2003.) i Berlinu (2008.) prona\u0161ao i nakon 60 godina doveo u Hrvatsku te prikazao izgubljene filmove Oktavijana Mileti\u0107a Kroatisaches Baurenleben (1943.) i Agram. Die Hauptstadt Kroatiens (1944). Za doprinos istra\u017eivanju hrvatske filmske ba\u0161tine nagra\u0111en je 2010. godine nagradom Vjekoslav Majcen Hrvatskog dru\u0161tva filmskih kriti\u010dara. Na Akademiji dramske umjetnosti u Zagrebu, na predmetu Povijest hrvatskog filma, asistent je u nastavi i ispitima od 2003. &#8211; 2008. Od 2010. na Odsjeku za povijest Filozofskog fakulteta redovito dr\u017ei tri izborna kolegija: Film kao povijesni izvor-film i propaganda, Stara povijest na filmu, Srednji vijek na filmu do\u010dim od 2013. na Odsjeku za psihologiju zapo\u010dinje s predavanjima Psihopatologija i film.<\/p>\n<p style=\"text-align: justify;\">Iako je s obzirom na svoj karakter ta monografija namijenjena profesionalnim povjesni\u010darima i stru\u010dnjacima drugih profila povezanih s obra\u0111enom temom, ona je zbog na\u010dina na koji je napisana i strukturirana vi\u0161e negoli dostupna i takozvanim obi\u010dnim ljudima koje zanima problematika koju je autor obradio. Dr\u017eim to jednom od njezinih odlika, koja je zbog uloge koju bi mogla odigrati u prosvje\u0107ivanju \u0161ire hrvatske javnosti \u010dini djelom od znatne koristi za hrvatsko dru\u0161tvo.<br \/>\n<strong>Dr. sc. Mario Jareb<\/strong><\/p>\n<p style=\"text-align: justify;\">Rafaeli\u0107 je, koriste\u0107i stroga merila nau\u010dnoistra\u017eiva\u010dkog postupka, pristupio obradi ove teme kojom se ve\u0107 godinama predano bavi i o kojoj je dosad objavio vi\u0161e studioznih \u010dlanaka u stru\u010dnim \u010dasopisima (Hrvatski filmski ljetopis i drugi). Rafaeli\u0107 je sistematski, precizno i detaljno prou\u010dio i obradio sve dostupne izvore, od kojih je najve\u0107i deo tek sada preko njegovih istra\u017eivanja postao poznat javnosti: originalne filmove (ukoliko su sa\u010duvani), dokumenta i arhivsku gra\u0111u iz perioda kojim se bavi, dnevnu \u0161tampu i periodiku na hrvatskom i na stranim jezicima, raspolo\u017eivu literaturu i memoarsku gra\u0111u koja se ti\u010de kako ovog perioda, tako i onih koji su mu prethodili i uslovili zbivanja u hrvatskoj kinematografiji 1941-1945. Obavio je i razgovore sa malobrojnim \u017eivim u\u010desnicima u doga\u0111ajima. Sve podatke koje je pre svega on prona\u0161ao u navedenim izvorima, a zatim i one do kojih je do\u0161ao na osnovu prou\u010davanja literature, kriti\u010dki je preispitao i uporedio, kako bi do\u0161ao do validnih zaklju\u010daka od kojih je satkano tkivo knjige. Obuhva\u0107eni su svi vidovi kinematografskih delatnosti \u2013 proizvodnja, promet i prikazivanje filmova, reakcije gledalaca i kritike, pisana re\u010d o filmu, cenzura, veze hrvatskog filma sa inostranstvom, mesto i uticaj filma na kulturna zbivanja i svakodnevni \u017eivot u Hrvatskoj za vreme Drugog svetskog rata.<br \/>\n<strong>Prof. dr. sc. Dejan Kosanovi\u0107<\/strong><\/p>\n<p style=\"text-align: justify;\">[izvor informacije\u00a0<strong><a href=\"http:\/\/www.ljevak.hr\/\">Naklada Ljevak<\/a><\/strong>]<\/p>\n<div id=\"fb_share_1\" style=\"float: right; margin-left: 10px;\"><a name=\"fb_share\" type=\"box_count\" share_url=\"http:\/\/film-mag.net\/wp\/?p=12609\" href=\"http:\/\/www.facebook.com\/sharer.php\">Share<\/a><\/div><div><script src=\"http:\/\/static.ak.fbcdn.net\/connect.php\/js\/FB.Share\" type=\"text\/javascript\"><\/script><\/div><div style=\"clear:both\"><\/div>","protected":false},"excerpt":{"rendered":"<p>NAKLADA LJEVAK POZIVA VAS NA PROMOCIJU KNJIGE Daniel Rafaeli\u0107 Kinematografija u NDH \u010detvrtak, 23. sije\u010dnja 2014. u 18 sati, kino Europa \u2013 dvorana M\u00fcller, Zagreb Sudjeluju: dr. sc. Mario Jareb, dr. sc. Ivica \u0160ute, mr. sc. Milana Vukovi\u0107 Runji\u0107, autor Daniel Rafaeli\u0107 i urednik Nenad Rizvanovi\u0107 Nakon promocije s po\u010detkom u 19 sati u kino [&hellip;]<\/p>\n","protected":false},"author":8,"featured_media":0,"comment_status":"closed","ping_status":"closed","sticky":false,"template":"","format":"standard","meta":{"_et_pb_use_builder":"","_et_pb_old_content":"","_et_gb_content_width":"","_editorskit_title_hidden":false,"_editorskit_reading_time":0,"_editorskit_is_block_options_detached":false,"_editorskit_block_options_position":"{}","footnotes":""},"categories":[170,38,12,40],"tags":[3318,841,6182,307,85,514,6063,2369],"class_list":["post-12609","post","type-post","status-publish","format-standard","hentry","category-kalendar","category-knjige","category-knjizevnost","category-literarni-dogadaji","tag-daniel-rafaelic","tag-filmska-literatura","tag-fritz-peter-buch","tag-kino-europa","tag-knjiga","tag-naklada-ljevak","tag-promocija","tag-promocija-knjige"],"yoast_head":"<!-- This site is optimized with the Yoast SEO plugin v24.6 - https:\/\/yoast.com\/wordpress\/plugins\/seo\/ -->\n<title>Promocija knjige &#039;Kinematografija u NDH&#039; u kinu Europa - FILM-mag.net<\/title>\n<meta name=\"robots\" content=\"index, follow, max-snippet:-1, max-image-preview:large, max-video-preview:-1\" \/>\n<link rel=\"canonical\" href=\"http:\/\/film-mag.net\/wp\/?p=12609\" \/>\n<meta property=\"og:locale\" content=\"en_US\" \/>\n<meta property=\"og:type\" content=\"article\" \/>\n<meta property=\"og:title\" content=\"Promocija knjige &#039;Kinematografija u NDH&#039; u kinu Europa - FILM-mag.net\" \/>\n<meta property=\"og:description\" content=\"NAKLADA LJEVAK POZIVA VAS NA PROMOCIJU KNJIGE Daniel Rafaeli\u0107 Kinematografija u NDH \u010detvrtak, 23. sije\u010dnja 2014. u 18 sati, kino Europa \u2013 dvorana M\u00fcller, Zagreb Sudjeluju: dr. sc. Mario Jareb, dr. sc. Ivica \u0160ute, mr. sc. Milana Vukovi\u0107 Runji\u0107, autor Daniel Rafaeli\u0107 i urednik Nenad Rizvanovi\u0107 Nakon promocije s po\u010detkom u 19 sati u kino [&hellip;]\" \/>\n<meta property=\"og:url\" content=\"http:\/\/film-mag.net\/wp\/?p=12609\" \/>\n<meta property=\"og:site_name\" content=\"FILM-mag.net\" \/>\n<meta property=\"article:published_time\" content=\"2014-01-22T12:41:59+00:00\" \/>\n<meta property=\"article:modified_time\" content=\"2014-01-25T19:51:13+00:00\" \/>\n<meta property=\"og:image\" content=\"http:\/\/film-mag.net\/wp\/wp-content\/uploads\/2014\/01\/ljevak_Kinematografija_e_pozivnica.jpg\" \/>\n<meta name=\"author\" content=\"PRESS\" \/>\n<meta name=\"twitter:card\" content=\"summary_large_image\" \/>\n<meta name=\"twitter:label1\" content=\"Written by\" \/>\n\t<meta name=\"twitter:data1\" content=\"PRESS\" \/>\n\t<meta name=\"twitter:label2\" content=\"Est. reading time\" \/>\n\t<meta name=\"twitter:data2\" content=\"6 minutes\" \/>\n<script type=\"application\/ld+json\" class=\"yoast-schema-graph\">{\"@context\":\"https:\/\/schema.org\",\"@graph\":[{\"@type\":\"WebPage\",\"@id\":\"http:\/\/film-mag.net\/wp\/?p=12609\",\"url\":\"http:\/\/film-mag.net\/wp\/?p=12609\",\"name\":\"Promocija knjige 'Kinematografija u NDH' u kinu Europa - FILM-mag.net\",\"isPartOf\":{\"@id\":\"http:\/\/film-mag.net\/wp\/#website\"},\"primaryImageOfPage\":{\"@id\":\"http:\/\/film-mag.net\/wp\/?p=12609#primaryimage\"},\"image\":{\"@id\":\"http:\/\/film-mag.net\/wp\/?p=12609#primaryimage\"},\"thumbnailUrl\":\"http:\/\/film-mag.net\/wp\/wp-content\/uploads\/2014\/01\/ljevak_Kinematografija_e_pozivnica.jpg\",\"datePublished\":\"2014-01-22T12:41:59+00:00\",\"dateModified\":\"2014-01-25T19:51:13+00:00\",\"author\":{\"@id\":\"http:\/\/film-mag.net\/wp\/#\/schema\/person\/a8dd3a5b76a5bbde974e03510a205c2f\"},\"breadcrumb\":{\"@id\":\"http:\/\/film-mag.net\/wp\/?p=12609#breadcrumb\"},\"inLanguage\":\"en-US\",\"potentialAction\":[{\"@type\":\"ReadAction\",\"target\":[\"http:\/\/film-mag.net\/wp\/?p=12609\"]}]},{\"@type\":\"ImageObject\",\"inLanguage\":\"en-US\",\"@id\":\"http:\/\/film-mag.net\/wp\/?p=12609#primaryimage\",\"url\":\"http:\/\/film-mag.net\/wp\/wp-content\/uploads\/2014\/01\/ljevak_Kinematografija_e_pozivnica.jpg\",\"contentUrl\":\"http:\/\/film-mag.net\/wp\/wp-content\/uploads\/2014\/01\/ljevak_Kinematografija_e_pozivnica.jpg\"},{\"@type\":\"BreadcrumbList\",\"@id\":\"http:\/\/film-mag.net\/wp\/?p=12609#breadcrumb\",\"itemListElement\":[{\"@type\":\"ListItem\",\"position\":1,\"name\":\"Home\",\"item\":\"http:\/\/film-mag.net\/wp\/\"},{\"@type\":\"ListItem\",\"position\":2,\"name\":\"Promocija knjige &#8216;Kinematografija u NDH&#8217; u kinu Europa\"}]},{\"@type\":\"WebSite\",\"@id\":\"http:\/\/film-mag.net\/wp\/#website\",\"url\":\"http:\/\/film-mag.net\/wp\/\",\"name\":\"FILM-mag.net\",\"description\":\"Prvi hrvatski portal o filmu i filmu bliskim podru\u010djima kulture\",\"potentialAction\":[{\"@type\":\"SearchAction\",\"target\":{\"@type\":\"EntryPoint\",\"urlTemplate\":\"http:\/\/film-mag.net\/wp\/?s={search_term_string}\"},\"query-input\":{\"@type\":\"PropertyValueSpecification\",\"valueRequired\":true,\"valueName\":\"search_term_string\"}}],\"inLanguage\":\"en-US\"},{\"@type\":\"Person\",\"@id\":\"http:\/\/film-mag.net\/wp\/#\/schema\/person\/a8dd3a5b76a5bbde974e03510a205c2f\",\"name\":\"PRESS\",\"image\":{\"@type\":\"ImageObject\",\"inLanguage\":\"en-US\",\"@id\":\"http:\/\/film-mag.net\/wp\/#\/schema\/person\/image\/\",\"url\":\"https:\/\/secure.gravatar.com\/avatar\/bf4ab1626f485b36c4f3650b1d351839?s=96&d=mm&r=g\",\"contentUrl\":\"https:\/\/secure.gravatar.com\/avatar\/bf4ab1626f485b36c4f3650b1d351839?s=96&d=mm&r=g\",\"caption\":\"PRESS\"},\"url\":\"http:\/\/film-mag.net\/wp\/?author=8\"}]}<\/script>\n<!-- \/ Yoast SEO plugin. -->","yoast_head_json":{"title":"Promocija knjige 'Kinematografija u NDH' u kinu Europa - FILM-mag.net","robots":{"index":"index","follow":"follow","max-snippet":"max-snippet:-1","max-image-preview":"max-image-preview:large","max-video-preview":"max-video-preview:-1"},"canonical":"http:\/\/film-mag.net\/wp\/?p=12609","og_locale":"en_US","og_type":"article","og_title":"Promocija knjige 'Kinematografija u NDH' u kinu Europa - FILM-mag.net","og_description":"NAKLADA LJEVAK POZIVA VAS NA PROMOCIJU KNJIGE Daniel Rafaeli\u0107 Kinematografija u NDH \u010detvrtak, 23. sije\u010dnja 2014. u 18 sati, kino Europa \u2013 dvorana M\u00fcller, Zagreb Sudjeluju: dr. sc. Mario Jareb, dr. sc. Ivica \u0160ute, mr. sc. Milana Vukovi\u0107 Runji\u0107, autor Daniel Rafaeli\u0107 i urednik Nenad Rizvanovi\u0107 Nakon promocije s po\u010detkom u 19 sati u kino [&hellip;]","og_url":"http:\/\/film-mag.net\/wp\/?p=12609","og_site_name":"FILM-mag.net","article_published_time":"2014-01-22T12:41:59+00:00","article_modified_time":"2014-01-25T19:51:13+00:00","og_image":[{"url":"http:\/\/film-mag.net\/wp\/wp-content\/uploads\/2014\/01\/ljevak_Kinematografija_e_pozivnica.jpg","type":"","width":"","height":""}],"author":"PRESS","twitter_card":"summary_large_image","twitter_misc":{"Written by":"PRESS","Est. reading time":"6 minutes"},"schema":{"@context":"https:\/\/schema.org","@graph":[{"@type":"WebPage","@id":"http:\/\/film-mag.net\/wp\/?p=12609","url":"http:\/\/film-mag.net\/wp\/?p=12609","name":"Promocija knjige 'Kinematografija u NDH' u kinu Europa - FILM-mag.net","isPartOf":{"@id":"http:\/\/film-mag.net\/wp\/#website"},"primaryImageOfPage":{"@id":"http:\/\/film-mag.net\/wp\/?p=12609#primaryimage"},"image":{"@id":"http:\/\/film-mag.net\/wp\/?p=12609#primaryimage"},"thumbnailUrl":"http:\/\/film-mag.net\/wp\/wp-content\/uploads\/2014\/01\/ljevak_Kinematografija_e_pozivnica.jpg","datePublished":"2014-01-22T12:41:59+00:00","dateModified":"2014-01-25T19:51:13+00:00","author":{"@id":"http:\/\/film-mag.net\/wp\/#\/schema\/person\/a8dd3a5b76a5bbde974e03510a205c2f"},"breadcrumb":{"@id":"http:\/\/film-mag.net\/wp\/?p=12609#breadcrumb"},"inLanguage":"en-US","potentialAction":[{"@type":"ReadAction","target":["http:\/\/film-mag.net\/wp\/?p=12609"]}]},{"@type":"ImageObject","inLanguage":"en-US","@id":"http:\/\/film-mag.net\/wp\/?p=12609#primaryimage","url":"http:\/\/film-mag.net\/wp\/wp-content\/uploads\/2014\/01\/ljevak_Kinematografija_e_pozivnica.jpg","contentUrl":"http:\/\/film-mag.net\/wp\/wp-content\/uploads\/2014\/01\/ljevak_Kinematografija_e_pozivnica.jpg"},{"@type":"BreadcrumbList","@id":"http:\/\/film-mag.net\/wp\/?p=12609#breadcrumb","itemListElement":[{"@type":"ListItem","position":1,"name":"Home","item":"http:\/\/film-mag.net\/wp\/"},{"@type":"ListItem","position":2,"name":"Promocija knjige &#8216;Kinematografija u NDH&#8217; u kinu Europa"}]},{"@type":"WebSite","@id":"http:\/\/film-mag.net\/wp\/#website","url":"http:\/\/film-mag.net\/wp\/","name":"FILM-mag.net","description":"Prvi hrvatski portal o filmu i filmu bliskim podru\u010djima kulture","potentialAction":[{"@type":"SearchAction","target":{"@type":"EntryPoint","urlTemplate":"http:\/\/film-mag.net\/wp\/?s={search_term_string}"},"query-input":{"@type":"PropertyValueSpecification","valueRequired":true,"valueName":"search_term_string"}}],"inLanguage":"en-US"},{"@type":"Person","@id":"http:\/\/film-mag.net\/wp\/#\/schema\/person\/a8dd3a5b76a5bbde974e03510a205c2f","name":"PRESS","image":{"@type":"ImageObject","inLanguage":"en-US","@id":"http:\/\/film-mag.net\/wp\/#\/schema\/person\/image\/","url":"https:\/\/secure.gravatar.com\/avatar\/bf4ab1626f485b36c4f3650b1d351839?s=96&d=mm&r=g","contentUrl":"https:\/\/secure.gravatar.com\/avatar\/bf4ab1626f485b36c4f3650b1d351839?s=96&d=mm&r=g","caption":"PRESS"},"url":"http:\/\/film-mag.net\/wp\/?author=8"}]}},"_links":{"self":[{"href":"http:\/\/film-mag.net\/wp\/index.php?rest_route=\/wp\/v2\/posts\/12609","targetHints":{"allow":["GET"]}}],"collection":[{"href":"http:\/\/film-mag.net\/wp\/index.php?rest_route=\/wp\/v2\/posts"}],"about":[{"href":"http:\/\/film-mag.net\/wp\/index.php?rest_route=\/wp\/v2\/types\/post"}],"author":[{"embeddable":true,"href":"http:\/\/film-mag.net\/wp\/index.php?rest_route=\/wp\/v2\/users\/8"}],"replies":[{"embeddable":true,"href":"http:\/\/film-mag.net\/wp\/index.php?rest_route=%2Fwp%2Fv2%2Fcomments&post=12609"}],"version-history":[{"count":3,"href":"http:\/\/film-mag.net\/wp\/index.php?rest_route=\/wp\/v2\/posts\/12609\/revisions"}],"predecessor-version":[{"id":12612,"href":"http:\/\/film-mag.net\/wp\/index.php?rest_route=\/wp\/v2\/posts\/12609\/revisions\/12612"}],"wp:attachment":[{"href":"http:\/\/film-mag.net\/wp\/index.php?rest_route=%2Fwp%2Fv2%2Fmedia&parent=12609"}],"wp:term":[{"taxonomy":"category","embeddable":true,"href":"http:\/\/film-mag.net\/wp\/index.php?rest_route=%2Fwp%2Fv2%2Fcategories&post=12609"},{"taxonomy":"post_tag","embeddable":true,"href":"http:\/\/film-mag.net\/wp\/index.php?rest_route=%2Fwp%2Fv2%2Ftags&post=12609"}],"curies":[{"name":"wp","href":"https:\/\/api.w.org\/{rel}","templated":true}]}}